{"id":119165,"date":"2019-07-07T09:50:41","date_gmt":"2019-07-07T12:50:41","guid":{"rendered":"https:\/\/senoticias.com.br\/se\/?p=119165"},"modified":"2019-07-07T09:50:41","modified_gmt":"2019-07-07T12:50:41","slug":"maia-confia-em-aprovacao-da-reforma-com-boa-margem-de-votos","status":"publish","type":"post","link":"https:\/\/senoticias.com.br\/se\/maia-confia-em-aprovacao-da-reforma-com-boa-margem-de-votos\/","title":{"rendered":"Maia confia em aprova\u00e7\u00e3o da reforma com &#8220;boa margem de votos&#8221;"},"content":{"rendered":"<p style=\"text-align: justify;\">O presidente da C\u00e2mara, Rodrigo Maia (DEM-RJ) se reuniu na manh\u00e3 de ontem (6) com l\u00edderes partid\u00e1rios e os articuladores do governo e disse estar confiante na aprova\u00e7\u00e3o da reforma da Previd\u00eancia \u201ccom uma boa margem de votos\u201d. Maia trabalha para que o qu\u00f3rum de deputados seja alto e, terminado o debate, seja poss\u00edvel entrar no processo de vota\u00e7\u00e3o do texto entre ter\u00e7a-feira (9) e quarta-feira (10).<\/p>\n<div id=\"attachment_119166\" style=\"width: 560px\" class=\"wp-caption aligncenter\"><a href=\"https:\/\/senoticias.com.br\/se\/wp-content\/uploads\/2019\/07\/mcmgo_20190706_abr_1633df-e1562503722680.jpg\"><img loading=\"lazy\" decoding=\"async\" aria-describedby=\"caption-attachment-119166\" class=\"size-full wp-image-119166\" src=\"https:\/\/senoticias.com.br\/se\/wp-content\/uploads\/2019\/07\/mcmgo_20190706_abr_1633df-e1562503722680.jpg\" alt=\"\" width=\"550\" height=\"367\" \/><\/a><p id=\"caption-attachment-119166\" class=\"wp-caption-text\">O presidente da C\u00e2mara dos Deputados, Rodrigo Maia, ap\u00f3s reuni\u00e3o na resid\u00eancia oficial da presid\u00eancia da C\u00e2mara.<\/p><\/div>\n<p style=\"text-align: justify;\">\u201cO importante \u00e9 ganhar. Vamos ganhar com uma boa margem para uma mat\u00e9ria que h\u00e1 um ano atr\u00e1s era muito dif\u00edcil chegar nesse momento com perspectiva de vit\u00f3ria\u201d, disse ao deixar sua resid\u00eancia oficial, onde ocorreu a reuni\u00e3o. Para o deputado, h\u00e1 um ambiente favor\u00e1vel no parlamento para que se consiga votar a mat\u00e9ria antes do recesso parlamentar, que come\u00e7a em 18 de julho.<\/p>\n<p style=\"text-align: justify;\">Estiveram presentes no encontro os l\u00edderes do PP, Arthur Lira (AL), e do Democratas, Elmar Nascimento (BA). O ministro da Secretaria de Governo, Luiz Eduardo Ramos, novo articulador pol\u00edtico do Planalto, e o secret\u00e1rio Especial de Previd\u00eancia e Trabalho do Minist\u00e9rio da Economia, Rog\u00e9rio Marinho, tamb\u00e9m compareceram \u00e0 reuni\u00e3o.<\/p>\n<p style=\"text-align: justify;\">O relat\u00f3rio do deputado Samuel Moreira (PSDB-RJ) foi aprovado na madrugada de ontem (5) na comiss\u00e3o especial destinada a apreciar a Proposta de Emenda \u00e0 Constitui\u00e7\u00e3o (PEC) encaminhada pelo governo. Maia marcou sess\u00f5es no plen\u00e1rio a partir de segunda-feira (8) \u00e0 tarde para garantir que a mat\u00e9ria comece a ser apreciada no dia seguinte, j\u00e1 que \u00e9 preciso um interst\u00edcio de duas sess\u00f5es do plen\u00e1rio ap\u00f3s a vota\u00e7\u00e3o na comiss\u00e3o especial para que o texto entre em discuss\u00e3o no plen\u00e1rio.<\/p>\n<p style=\"text-align: justify;\">Tramita\u00e7\u00e3o<br \/>\nPara acelerar o processo de tramita\u00e7\u00e3o da reforma, \u00e9 poss\u00edvel que os deputados aprovem um requerimento para quebrar esse interst\u00edcio. \u201cDependendo de quando come\u00e7a o processo de discuss\u00e3o talvez n\u00e3o seja necess\u00e1rio [a quebra]. Se for necess\u00e1rio, os partidos da maioria e o partido do governo t\u00eam votos para quebrar [o interst\u00edcio] e vamos trabalhar para ter votos para a aprova\u00e7\u00e3o da emenda\u201d, disse.<\/p>\n<p style=\"text-align: justify;\">Na \u00faltima semana, o presidente da C\u00e2mara avaliou que j\u00e1 tem os votos necess\u00e1rios para aprovar o texto. A expectativa do parlamentar \u00e9 de que a medida seja aprovada por pouco mais de 325 deputados. Uma PEC precisa de dois turnos de vota\u00e7\u00e3o no plen\u00e1rio e, no m\u00ednimo, 308 votos em cada turno para ser aprovada.<\/p>\n<p style=\"text-align: justify;\">Entre o primeiro e o segundo turno de vota\u00e7\u00e3o tamb\u00e9m \u00e9 necess\u00e1rio um interst\u00edcio, de cinco sess\u00f5es. Segundo Maia, caso haja uma \u201cvit\u00f3ria contundente\u201d no primeiro turno h\u00e1 \u201cmais respaldo pol\u00edtico para uma quebra [do insterst\u00edcio] do primeiro para o segundo [turno]&#8221;.<\/p>\n<p style=\"text-align: justify;\">Ele avalia, entretanto, que por ser uma \u201cemenda constitucional pol\u00eamica\u201d, talvez seja importante um tempo para a reda\u00e7\u00e3o final ap\u00f3s a primeira vota\u00e7\u00e3o. \u201cPrecisamos ter todos esses cuidados para dar mais seguran\u00e7a jur\u00eddica para que essa mat\u00e9ria tramite respeitando as regas do jogo para que n\u00e3o tenha risco de ter mat\u00e9ria bloqueada pelo Supremo [Tribunal Federal]\u201d, disse.<\/p>\n<p style=\"text-align: justify;\">Se validado pelos deputados, o texto segue para an\u00e1lise do Senado, onde tamb\u00e9m deve ser apreciado em dois turnos e depende da aprova\u00e7\u00e3o de, pelo menos, 49 senadores.<\/p>\n<p style=\"text-align: justify;\">Confian\u00e7a no Congresso<br \/>\nAo deixar a resid\u00eancia oficial da C\u00e2mara, o ministro Luiz Ramos falou rapidamente com a imprensa e disse que o governo est\u00e1 buscando construir solu\u00e7\u00f5es para a vota\u00e7\u00e3o da nova Previd\u00eancia junto ao presidente Rodrigo Maia e que confia no Congresso para que ela seja aprovada.<\/p>\n<p style=\"text-align: justify;\">O senador Omar Aziz (PSD-AM) tamb\u00e9m esteve na resid\u00eancia oficial nesta manh\u00e3 e, ao sair, disse que h\u00e1 um esfor\u00e7o para que o texto seja aprovado na C\u00e2mara antes do recesso. De acordo com o parlamentar, \u00e9 importante haver a interlocu\u00e7\u00e3o entre as duas casas para aprova\u00e7\u00e3o da nova Previd\u00eancia, mas \u00e9 preciso pensar em alternativas para alavancar a economia brasileira. \u201cS\u00f3 isso [reforma da Previd\u00eancia] n\u00e3o vai resolver a quest\u00e3o do Brasil\u201d, disse o senador. \u201c\u00c9 uma troca de informa\u00e7\u00f5es e experi\u00eancias pra que a gente possa fazer o Brasil voltar a crescer\u201d.<\/p>\n<p>&nbsp;<\/p>\n<p>Por Ag\u00eancia Brasil<\/p>\n<p><b><i>Acompanhe o SE Not\u00edcias no\u00a0<\/i><\/b><a href=\"https:\/\/twitter.com\/Senoticias\" target=\"_blank\" rel=\"noopener\"><b>Twitter<\/b><\/a><strong>,\u00a0<\/strong><a href=\"https:\/\/www.facebook.com\/senoticias1\" target=\"_blank\" rel=\"noopener\"><b>Facebook\u00a0<\/b><\/a><strong>e no\u00a0<\/strong><a href=\"https:\/\/www.instagram.com\/senoticias\/\" target=\"_blank\" rel=\"noopener\"><b>Instagram<\/b><\/a><\/p>\n","protected":false},"excerpt":{"rendered":"<p>O presidente da C\u00e2mara, Rodrigo Maia (DEM-RJ) se reuniu na manh\u00e3 de ontem (6) com l\u00edderes partid\u00e1rios e os articuladores do governo e disse estar confiante na aprova\u00e7\u00e3o da reforma da Previd\u00eancia \u201ccom uma boa margem de votos\u201d. Maia trabalha para que o qu\u00f3rum de deputados seja alto e, terminado o debate, seja poss\u00edvel entrar [&hellip;]<\/p>\n","protected":false},"author":6557,"featured_media":0,"comment_status":"closed","ping_status":"closed","sticky":false,"template":"","format":"standard","meta":{"footnotes":""},"categories":[7048,15],"tags":[12522],"class_list":{"0":"post-119165","1":"post","2":"type-post","3":"status-publish","4":"format-standard","6":"category-brasil","7":"category-destaques","8":"tag-aprovacao-reforma-da-previdencia-rodrigo-maia"},"_links":{"self":[{"href":"https:\/\/senoticias.com.br\/se\/wp-json\/wp\/v2\/posts\/119165"}],"collection":[{"href":"https:\/\/senoticias.com.br\/se\/wp-json\/wp\/v2\/posts"}],"about":[{"href":"https:\/\/senoticias.com.br\/se\/wp-json\/wp\/v2\/types\/post"}],"author":[{"embeddable":true,"href":"https:\/\/senoticias.com.br\/se\/wp-json\/wp\/v2\/users\/6557"}],"replies":[{"embeddable":true,"href":"https:\/\/senoticias.com.br\/se\/wp-json\/wp\/v2\/comments?post=119165"}],"version-history":[{"count":0,"href":"https:\/\/senoticias.com.br\/se\/wp-json\/wp\/v2\/posts\/119165\/revisions"}],"wp:attachment":[{"href":"https:\/\/senoticias.com.br\/se\/wp-json\/wp\/v2\/media?parent=119165"}],"wp:term":[{"taxonomy":"category","embeddable":true,"href":"https:\/\/senoticias.com.br\/se\/wp-json\/wp\/v2\/categories?post=119165"},{"taxonomy":"post_tag","embeddable":true,"href":"https:\/\/senoticias.com.br\/se\/wp-json\/wp\/v2\/tags?post=119165"}],"curies":[{"name":"wp","href":"https:\/\/api.w.org\/{rel}","templated":true}]}}