{"id":119159,"date":"2019-07-05T16:03:16","date_gmt":"2019-07-05T19:03:16","guid":{"rendered":"https:\/\/senoticias.com.br\/se\/?p=119159"},"modified":"2019-07-05T16:03:16","modified_gmt":"2019-07-05T19:03:16","slug":"congresso-aprova-tratamento-obrigatorio-para-labio-leporino-no-sus","status":"publish","type":"post","link":"https:\/\/senoticias.com.br\/se\/congresso-aprova-tratamento-obrigatorio-para-labio-leporino-no-sus\/","title":{"rendered":"Congresso aprova tratamento obrigat\u00f3rio para l\u00e1bio leporino no SUS"},"content":{"rendered":"<p style=\"text-align: justify;\">A C\u00e2mara dos Deputados, por meio da CCJ (Comiss\u00e3o de Constitui\u00e7\u00e3o, Justi\u00e7a e Cidadania), aprovou em car\u00e1ter terminativo o Projeto de Lei 1172\/15, que obriga o Sistema \u00danico de Sa\u00fade (SUS) a oferecer a cirurgia pl\u00e1stica de l\u00e1bio leporino e o tratamento p\u00f3s-cir\u00fargico: fonoaudiologia, psicologia, ortodontia, e demais especialidades necess\u00e1rias a recupera\u00e7\u00e3o.<\/p>\n<div id=\"attachment_119160\" style=\"width: 560px\" class=\"wp-caption aligncenter\"><a href=\"https:\/\/senoticias.com.br\/se\/wp-content\/uploads\/2019\/07\/designproposal-1-7-768x398-e1562353342182.jpg\"><img loading=\"lazy\" decoding=\"async\" aria-describedby=\"caption-attachment-119160\" class=\"size-full wp-image-119160\" src=\"https:\/\/senoticias.com.br\/se\/wp-content\/uploads\/2019\/07\/designproposal-1-7-768x398-e1562353342182.jpg\" alt=\"\" width=\"550\" height=\"285\" \/><\/a><p id=\"caption-attachment-119160\" class=\"wp-caption-text\">Foto: Imagem\/ Reprodu\u00e7\u00e3o Internet<\/p><\/div>\n<p style=\"text-align: justify;\">O projeto de lei agora segue para aprova\u00e7\u00e3o no Senado e por fim, san\u00e7\u00e3o presidencial.O Sistema \u00danico de Sa\u00fade j\u00e1 oferece a cirurgia e acompanhamento especializado para pessoas com essa condi\u00e7\u00e3o, mas a proposta do autor do projeto \u00e9 ampliar o atendimento e assegurar a todos o acesso r\u00e1pido ao tratamento.<\/p>\n<p style=\"text-align: justify;\">Pelo texto, de autoria do deputado federal Danrlei de Deus Hinterholz (PSD-RS), \u201cse houver diagn\u00f3stico confirmado no pr\u00e9-natal, o encaminhamento dever\u00e1 ser feito logo ap\u00f3s o nascimento do beb\u00ea.\u201d<\/p>\n<p style=\"text-align: justify;\">A rede p\u00fablica de sa\u00fade tamb\u00e9m dever\u00e1 prover tratamento de reeduca\u00e7\u00e3o oral, para auxiliar os exerc\u00edcios de suc\u00e7\u00e3o, mastiga\u00e7\u00e3o e desenvolvimento da fala, al\u00e9m da assist\u00eancia por ortodontista e psic\u00f3logo, quando necess\u00e1rio.<\/p>\n","protected":false},"excerpt":{"rendered":"<p>A C\u00e2mara dos Deputados, por meio da CCJ (Comiss\u00e3o de Constitui\u00e7\u00e3o, Justi\u00e7a e Cidadania), aprovou em car\u00e1ter terminativo o Projeto de Lei 1172\/15, que obriga o Sistema \u00danico de Sa\u00fade (SUS) a oferecer a cirurgia pl\u00e1stica de l\u00e1bio leporino e o tratamento p\u00f3s-cir\u00fargico: fonoaudiologia, psicologia, ortodontia, e demais especialidades necess\u00e1rias a recupera\u00e7\u00e3o. O projeto de [&hellip;]<\/p>\n","protected":false},"author":6557,"featured_media":0,"comment_status":"closed","ping_status":"closed","sticky":false,"template":"","format":"standard","meta":{"footnotes":""},"categories":[15],"tags":[12514],"class_list":{"0":"post-119159","1":"post","2":"type-post","3":"status-publish","4":"format-standard","6":"category-destaques","7":"tag-tratamento-obrigatorio-labio-leporino-sus"},"_links":{"self":[{"href":"https:\/\/senoticias.com.br\/se\/wp-json\/wp\/v2\/posts\/119159"}],"collection":[{"href":"https:\/\/senoticias.com.br\/se\/wp-json\/wp\/v2\/posts"}],"about":[{"href":"https:\/\/senoticias.com.br\/se\/wp-json\/wp\/v2\/types\/post"}],"author":[{"embeddable":true,"href":"https:\/\/senoticias.com.br\/se\/wp-json\/wp\/v2\/users\/6557"}],"replies":[{"embeddable":true,"href":"https:\/\/senoticias.com.br\/se\/wp-json\/wp\/v2\/comments?post=119159"}],"version-history":[{"count":0,"href":"https:\/\/senoticias.com.br\/se\/wp-json\/wp\/v2\/posts\/119159\/revisions"}],"wp:attachment":[{"href":"https:\/\/senoticias.com.br\/se\/wp-json\/wp\/v2\/media?parent=119159"}],"wp:term":[{"taxonomy":"category","embeddable":true,"href":"https:\/\/senoticias.com.br\/se\/wp-json\/wp\/v2\/categories?post=119159"},{"taxonomy":"post_tag","embeddable":true,"href":"https:\/\/senoticias.com.br\/se\/wp-json\/wp\/v2\/tags?post=119159"}],"curies":[{"name":"wp","href":"https:\/\/api.w.org\/{rel}","templated":true}]}}