{"id":119154,"date":"2019-07-05T14:23:32","date_gmt":"2019-07-05T17:23:32","guid":{"rendered":"https:\/\/senoticias.com.br\/se\/?p=119154"},"modified":"2019-07-05T14:23:32","modified_gmt":"2019-07-05T17:23:32","slug":"servidores-do-hospital-sao-joao-de-deus-mantem-greve-em-laranjeiras","status":"publish","type":"post","link":"https:\/\/senoticias.com.br\/se\/servidores-do-hospital-sao-joao-de-deus-mantem-greve-em-laranjeiras\/","title":{"rendered":"Servidores do Hospital S\u00e3o Jo\u00e3o de Deus mant\u00eam greve em Laranjeiras"},"content":{"rendered":"<p style=\"text-align: justify;\">H\u00e1 tr\u00eas dias em greve, os funcion\u00e1rios do Hospital S\u00e3o Jo\u00e3o de Deus, em Laranjeiras, aguardam o repasse da Prefeitura Municipal para receberem os sal\u00e1rios referentes ao m\u00eas de maio deste ano. Segundo o Sindicato dos Trabalhadores da Sa\u00fade do Estado de Sergipe (Sintasa), a greve ser\u00e1 mantida at\u00e9 que os pagamentos sejam regularizados.<\/p>\n<div id=\"attachment_119155\" style=\"width: 560px\" class=\"wp-caption aligncenter\"><a href=\"https:\/\/senoticias.com.br\/se\/wp-content\/uploads\/2019\/07\/hospital-sao-joao-de-deus-foto-ascom-HMSJD-e1562347344662.jpg\"><img loading=\"lazy\" decoding=\"async\" aria-describedby=\"caption-attachment-119155\" class=\"size-full wp-image-119155\" src=\"https:\/\/senoticias.com.br\/se\/wp-content\/uploads\/2019\/07\/hospital-sao-joao-de-deus-foto-ascom-HMSJD-e1562347344662.jpg\" alt=\"\" width=\"550\" height=\"369\" \/><\/a><p id=\"caption-attachment-119155\" class=\"wp-caption-text\">Pela segunda vez no ano, servidores do Hospital S\u00e3o Jo\u00e3o de Deus deflagram greve por tempo indeterminado (Foto: Arquivo \/ Ascom-HMSJD)<\/p><\/div>\n<p style=\"text-align: justify;\">Segundo o diretor do sindicato, Adailton dos Santos, a gest\u00e3o informou que os atrasados seriam repassados at\u00e9 esta sexta-feira, 5, para a associa\u00e7\u00e3o beneficente que administra a unidade hospitalar, mas o m\u00eas de junho j\u00e1 est\u00e1 prestes a ser fechado e n\u00e3o h\u00e1 uma perspectiva de pagamento deste, o que poder\u00e1 ser um fator para a manuten\u00e7\u00e3o da paralisa\u00e7\u00e3o. \u201cS\u00f3 voltaremos \u00e0s atividades se os dois meses forem pagos. Eles (a gest\u00e3o) disseram que at\u00e9 hoje resolveriam (o pagamento), mas n\u00e3o chamaram o sindicato para conversar e n\u00e3o informaram nada.\u201d, explica Adailton.<\/p>\n<p style=\"text-align: justify;\">O assessor de comunica\u00e7\u00e3o da Prefeitura de Laranjeiras, Jo\u00e3o Rosa, confirmou que o repasse ser\u00e1 efetuado durante esta sexta, no per\u00edodo da tarde. Segundo ele, somente o m\u00eas de maio ser\u00e1 quitado e, na sequ\u00eancia, a prefeitura se planejar\u00e1 para pagar os sal\u00e1rios do m\u00eas de junho, cujo prazo vence na pr\u00f3xima quarta-feira, 10.<\/p>\n<p style=\"text-align: justify;\">Enquanto deflagrada, a greve continuar\u00e1 por paralisar parte dos servi\u00e7os do Hospital S\u00e3o Jo\u00e3o de Deus. Neste per\u00edodo, apenas o servi\u00e7o de urg\u00eancia e emerg\u00eancia do local estar\u00e3o funcionando.<\/p>\n<p style=\"text-align: justify;\">Greves recorrentes<\/p>\n<p style=\"text-align: justify;\">Ainda em abril de 2019, os funcion\u00e1rios da unidade j\u00e1 haviam deflagrado uma greve pelas mesmas raz\u00f5es que envolvem atrasos nos repasses para pagamentos dos sal\u00e1rios. Assim como na ocasi\u00e3o do in\u00edcio do ano, os servidores relatam descumprimento da prefeitura ao Termo de Ajustamento de Conduta (TAC) assinado em 2018, no Minist\u00e9rio P\u00fablico, o qual estabeleceu que a prefeitura deveria quitar o pagamento dos funcion\u00e1rios at\u00e9 o dia 10 de cada m\u00eas com o valor mensal pelos servi\u00e7os do m\u00eas anterior.<\/p>\n<p>&nbsp;<\/p>\n<p><a href=\"https:\/\/senoticias.com.br\/se\/wp-content\/uploads\/2019\/07\/logo-SE-Noticias.jpg\"><img loading=\"lazy\" decoding=\"async\" class=\"aligncenter size-full wp-image-119140\" src=\"https:\/\/senoticias.com.br\/se\/wp-content\/uploads\/2019\/07\/logo-SE-Noticias.jpg\" alt=\"\" width=\"599\" height=\"78\" srcset=\"https:\/\/senoticias.com.br\/se\/wp-content\/uploads\/2019\/07\/logo-SE-Noticias.jpg 599w, https:\/\/senoticias.com.br\/se\/wp-content\/uploads\/2019\/07\/logo-SE-Noticias-300x39.jpg 300w\" sizes=\"(max-width: 599px) 100vw, 599px\" \/><\/a><\/p>\n<p>&nbsp;<\/p>\n<p><b><i>Acompanhe o SE Not\u00edcias no\u00a0<\/i><\/b><a href=\"https:\/\/twitter.com\/Senoticias\" target=\"_blank\" rel=\"noopener\"><b>Twitter<\/b><\/a><strong>,\u00a0<\/strong><a href=\"https:\/\/www.facebook.com\/senoticias1\" target=\"_blank\" rel=\"noopener\"><b>Facebook\u00a0<\/b><\/a><strong>e no\u00a0<\/strong><b><a href=\"https:\/\/www.instagram.com\/senoticias\/\" target=\"_blank\" rel=\"noopener\">Instagram<\/a>\u00a0<\/b><\/p>\n<p style=\"text-align: justify;\">por Daniel Rezende<\/p>\n","protected":false},"excerpt":{"rendered":"<p>H\u00e1 tr\u00eas dias em greve, os funcion\u00e1rios do Hospital S\u00e3o Jo\u00e3o de Deus, em Laranjeiras, aguardam o repasse da Prefeitura Municipal para receberem os sal\u00e1rios referentes ao m\u00eas de maio deste ano. Segundo o Sindicato dos Trabalhadores da Sa\u00fade do Estado de Sergipe (Sintasa), a greve ser\u00e1 mantida at\u00e9 que os pagamentos sejam regularizados. Segundo [&hellip;]<\/p>\n","protected":false},"author":6557,"featured_media":0,"comment_status":"closed","ping_status":"closed","sticky":false,"template":"","format":"standard","meta":{"footnotes":""},"categories":[15,38],"tags":[12512],"class_list":{"0":"post-119154","1":"post","2":"type-post","3":"status-publish","4":"format-standard","6":"category-destaques","7":"category-municipios","8":"tag-greve-hospital-sao-jose-de-deus"},"_links":{"self":[{"href":"https:\/\/senoticias.com.br\/se\/wp-json\/wp\/v2\/posts\/119154"}],"collection":[{"href":"https:\/\/senoticias.com.br\/se\/wp-json\/wp\/v2\/posts"}],"about":[{"href":"https:\/\/senoticias.com.br\/se\/wp-json\/wp\/v2\/types\/post"}],"author":[{"embeddable":true,"href":"https:\/\/senoticias.com.br\/se\/wp-json\/wp\/v2\/users\/6557"}],"replies":[{"embeddable":true,"href":"https:\/\/senoticias.com.br\/se\/wp-json\/wp\/v2\/comments?post=119154"}],"version-history":[{"count":0,"href":"https:\/\/senoticias.com.br\/se\/wp-json\/wp\/v2\/posts\/119154\/revisions"}],"wp:attachment":[{"href":"https:\/\/senoticias.com.br\/se\/wp-json\/wp\/v2\/media?parent=119154"}],"wp:term":[{"taxonomy":"category","embeddable":true,"href":"https:\/\/senoticias.com.br\/se\/wp-json\/wp\/v2\/categories?post=119154"},{"taxonomy":"post_tag","embeddable":true,"href":"https:\/\/senoticias.com.br\/se\/wp-json\/wp\/v2\/tags?post=119154"}],"curies":[{"name":"wp","href":"https:\/\/api.w.org\/{rel}","templated":true}]}}