{"id":119153,"date":"2019-07-06T06:37:05","date_gmt":"2019-07-06T09:37:05","guid":{"rendered":"https:\/\/senoticias.com.br\/se\/?p=119153"},"modified":"2019-07-06T06:52:51","modified_gmt":"2019-07-06T09:52:51","slug":"vereador-tiaguinho-batalha-e-preso-por-embriaguez-apos-se-envolver-em-acidente","status":"publish","type":"post","link":"https:\/\/senoticias.com.br\/se\/vereador-tiaguinho-batalha-e-preso-por-embriaguez-apos-se-envolver-em-acidente\/","title":{"rendered":"Vereador \u00e9 preso por suspeita de embriaguez ao volante; parlamentar se recusou a fazer o teste do baf\u00f4metro"},"content":{"rendered":"<p style=\"text-align: justify;\">O vereador e vice-presidente da C\u00e2mara Municipal de Aracaju Thiaguinho Batalha foi detido no final da tarde de\u00a0 sexta-feira, 5, por suspeita de embriaguez ao volante ap\u00f3s se envolver em um acidente na Orla de Atalaia, em Aracaju.<\/p>\n<div id=\"attachment_119161\" style=\"width: 609px\" class=\"wp-caption alignnone\"><a href=\"https:\/\/senoticias.com.br\/se\/wp-content\/uploads\/2019\/07\/Thiaguinho-Batalha-SE-Noticias-e1562405879880.jpg\"><img loading=\"lazy\" decoding=\"async\" aria-describedby=\"caption-attachment-119161\" class=\"size-full wp-image-119161\" src=\"https:\/\/senoticias.com.br\/se\/wp-content\/uploads\/2019\/07\/Thiaguinho-Batalha-SE-Noticias-e1562405879880.jpg\" alt=\"\" width=\"599\" height=\"400\" \/><\/a><p id=\"caption-attachment-119161\" class=\"wp-caption-text\">Ao ser lavado para a delegacia de flagrantes, o vereador Thiaguinho pagou fian\u00e7a e foi liberado (foto: Gilson Rosas\/CMA)<\/p><\/div>\n<p style=\"text-align: justify;\">De acordo com informa\u00e7\u00f5es do tenente-coronel Eduardo Brand\u00e3o, comandante do Batalh\u00e3o de Policiamento Tur\u00edstico (BPTur), o vereador colidiu em um ve\u00edculo, saiu do local do acidente, mas logo depois foi abordado pela Pol\u00edcia Militar.<\/p>\n<p style=\"text-align: justify;\">O vereador, segundo o comandante do BPTur, apresentava sintomas de embriaguez, mas se recusou a fazer o teste do baf\u00f4metro. Ele teve a Carteira Nacional de Habilita\u00e7\u00e3o (CNH) apreendida e foi encaminhado para a delegacia, onde pagou fian\u00e7a e foi liberado.<\/p>\n<p style=\"text-align: justify;\">A Assessoria de Comunica\u00e7\u00e3o de Thiaguinho Batalha informou que ele n\u00e3o se vai se manifestar sobre o assunto.<\/p>\n<p>&nbsp;<\/p>\n<p><a href=\"https:\/\/senoticias.com.br\/se\/wp-content\/uploads\/2019\/07\/logo-SE-Noticias.jpg\"><img loading=\"lazy\" decoding=\"async\" class=\"alignnone size-full wp-image-119140\" src=\"https:\/\/senoticias.com.br\/se\/wp-content\/uploads\/2019\/07\/logo-SE-Noticias.jpg\" alt=\"\" width=\"599\" height=\"78\" srcset=\"https:\/\/senoticias.com.br\/se\/wp-content\/uploads\/2019\/07\/logo-SE-Noticias.jpg 599w, https:\/\/senoticias.com.br\/se\/wp-content\/uploads\/2019\/07\/logo-SE-Noticias-300x39.jpg 300w\" sizes=\"(max-width: 599px) 100vw, 599px\" \/><\/a><\/p>\n<p>&nbsp;<\/p>\n<p><b><i>Acompanhe o SE Not\u00edcias no\u00a0<\/i><\/b><a href=\"https:\/\/twitter.com\/Senoticias\" target=\"_blank\" rel=\"noopener\"><b>Twitter<\/b><\/a><strong>,\u00a0<\/strong><a href=\"https:\/\/www.facebook.com\/senoticias1\" target=\"_blank\" rel=\"noopener\"><b>Facebook\u00a0<\/b><\/a><strong>e no\u00a0<\/strong><a href=\"https:\/\/www.instagram.com\/senoticias\/\" target=\"_blank\" rel=\"noopener\"><b>Instagram<\/b><\/a><\/p>\n<p>&nbsp;<\/p>\n<p><em>Com informa\u00e7\u00f5es de\u00a0Verlane Est\u00e1cio<\/em><\/p>\n","protected":false},"excerpt":{"rendered":"<p>O vereador e vice-presidente da C\u00e2mara Municipal de Aracaju Thiaguinho Batalha foi detido no final da tarde de\u00a0 sexta-feira, 5, por suspeita de embriaguez ao volante ap\u00f3s se envolver em um acidente na Orla de Atalaia, em Aracaju. De acordo com informa\u00e7\u00f5es do tenente-coronel Eduardo Brand\u00e3o, comandante do Batalh\u00e3o de Policiamento Tur\u00edstico (BPTur), o vereador [&hellip;]<\/p>\n","protected":false},"author":6552,"featured_media":119161,"comment_status":"closed","ping_status":"closed","sticky":false,"template":"","format":"standard","meta":{"footnotes":""},"categories":[15,6,1],"tags":[10175,10174,7280,12516,12517,12515],"class_list":{"0":"post-119153","1":"post","2":"type-post","3":"status-publish","4":"format-standard","5":"has-post-thumbnail","7":"category-destaques","8":"category-politica","9":"category-sem-categoria","10":"tag-batalhao-de-policiamento-turistico","11":"tag-bptur","12":"tag-carteira-nacional-de-habilitacao","13":"tag-embriaguez-ao-volante","14":"tag-vereador-preso-em-aracaju","15":"tag-vereador-thiaguinho"},"_links":{"self":[{"href":"https:\/\/senoticias.com.br\/se\/wp-json\/wp\/v2\/posts\/119153"}],"collection":[{"href":"https:\/\/senoticias.com.br\/se\/wp-json\/wp\/v2\/posts"}],"about":[{"href":"https:\/\/senoticias.com.br\/se\/wp-json\/wp\/v2\/types\/post"}],"author":[{"embeddable":true,"href":"https:\/\/senoticias.com.br\/se\/wp-json\/wp\/v2\/users\/6552"}],"replies":[{"embeddable":true,"href":"https:\/\/senoticias.com.br\/se\/wp-json\/wp\/v2\/comments?post=119153"}],"version-history":[{"count":0,"href":"https:\/\/senoticias.com.br\/se\/wp-json\/wp\/v2\/posts\/119153\/revisions"}],"wp:featuredmedia":[{"embeddable":true,"href":"https:\/\/senoticias.com.br\/se\/wp-json\/wp\/v2\/media\/119161"}],"wp:attachment":[{"href":"https:\/\/senoticias.com.br\/se\/wp-json\/wp\/v2\/media?parent=119153"}],"wp:term":[{"taxonomy":"category","embeddable":true,"href":"https:\/\/senoticias.com.br\/se\/wp-json\/wp\/v2\/categories?post=119153"},{"taxonomy":"post_tag","embeddable":true,"href":"https:\/\/senoticias.com.br\/se\/wp-json\/wp\/v2\/tags?post=119153"}],"curies":[{"name":"wp","href":"https:\/\/api.w.org\/{rel}","templated":true}]}}