{"id":119135,"date":"2019-07-04T09:29:32","date_gmt":"2019-07-04T12:29:32","guid":{"rendered":"https:\/\/senoticias.com.br\/se\/?p=119135"},"modified":"2019-07-04T10:31:19","modified_gmt":"2019-07-04T13:31:19","slug":"empresario-comete-suicidio-durante-evento-com-participacao-de-ministro-e-governador-de-sergipe","status":"publish","type":"post","link":"https:\/\/senoticias.com.br\/se\/empresario-comete-suicidio-durante-evento-com-participacao-de-ministro-e-governador-de-sergipe\/","title":{"rendered":"Empres\u00e1rio comete suic\u00eddio durante evento com participa\u00e7\u00e3o de ministro e governador de Sergipe"},"content":{"rendered":"<p style=\"text-align: justify;\">O empres\u00e1rio e presidente da ind\u00fastria Escurial, Sadi Paulo Castiel Gitz, cometeu suic\u00eddio na manh\u00e3 desta quinta-feira, 4, durante a abertura do \u2018Simp\u00f3sio de Oportunidades \u2013 Novo Cen\u00e1rio da Cadeia do G\u00e1s Natural em Sergipe\u2019, no Hotel Radisson, em Aracaju. O evento contava com a presen\u00e7a de diversas autoridades nacionais e estrangeiras da \u00e1rea do g\u00e1s, inclusive o ministro de Minas e Energia, Bento Albuquerque.<\/p>\n<div id=\"attachment_119136\" style=\"width: 608px\" class=\"wp-caption alignnone\"><a href=\"https:\/\/senoticias.com.br\/se\/wp-content\/uploads\/2019\/07\/EMPRES\u00c1RIO-SE-SUICIDA-SENOTICIAS.png\"><img loading=\"lazy\" decoding=\"async\" aria-describedby=\"caption-attachment-119136\" class=\"size-full wp-image-119136\" src=\"https:\/\/senoticias.com.br\/se\/wp-content\/uploads\/2019\/07\/EMPRES\u00c1RIO-SE-SUICIDA-SENOTICIAS.png\" alt=\"\" width=\"598\" height=\"453\" srcset=\"https:\/\/senoticias.com.br\/se\/wp-content\/uploads\/2019\/07\/EMPRES\u00c1RIO-SE-SUICIDA-SENOTICIAS.png 598w, https:\/\/senoticias.com.br\/se\/wp-content\/uploads\/2019\/07\/EMPRES\u00c1RIO-SE-SUICIDA-SENOTICIAS-300x227.png 300w, https:\/\/senoticias.com.br\/se\/wp-content\/uploads\/2019\/07\/EMPRES\u00c1RIO-SE-SUICIDA-SENOTICIAS-45x35.png 45w\" sizes=\"(max-width: 598px) 100vw, 598px\" \/><\/a><p id=\"caption-attachment-119136\" class=\"wp-caption-text\">O empres\u00e1rio era propriet\u00e1rio da Escurial. conhecido como Sadi (foto: arquivo pessoal)<\/p><\/div>\n<p style=\"text-align: justify;\">De acordo com uma jornalista do Portal SE Not\u00edcias, que estava participando da cobertura do evento, o empres\u00e1rio levantou-se durante a fala do\u00a0governador de Sergipe, Belivaldo Chagas, e falou \u201cGovernador voc\u00ea \u00e9 um mentiroso!\u201d, atirando logo em seguida na pr\u00f3pria cabe\u00e7a.<\/p>\n<p style=\"text-align: justify;\">Os presentes ficaram chocados, mas a organiza\u00e7\u00e3o do evento rapidamente retirou todos do audit\u00f3rio com o intuito de resguardar o corpo. O Semin\u00e1rio foi cancelado e a pol\u00edcia acaba de chegar no local para tomar as primeiras provid\u00eancias.<\/p>\n<p><strong>NOTA<\/strong> <strong>P\u00daBLICA GOVERNO DE SERGIPE<\/strong><\/p>\n<p style=\"text-align: justify;\">O governo do estado de Sergipe lamenta o ocorrido com o empres\u00e1rio Sadi Gitz, da cer\u00e2mica Escurial, que cometeu suic\u00eddio durante o evento.<\/p>\n<p style=\"text-align: justify;\">Por conta do ocorrido, o Simp\u00f3sio de Oportunidades para o novo cen\u00e1rio do g\u00e1s natural em Sergipe est\u00e1 cancelado.<\/p>\n<p>&nbsp;<\/p>\n<p><a href=\"https:\/\/senoticias.com.br\/se\/wp-content\/uploads\/2019\/06\/Logomarca-fone-SE-4-2-1-1-1-1-1-1-1-2-3-4-1.jpg\"><img loading=\"lazy\" decoding=\"async\" class=\"alignnone size-full wp-image-118816\" src=\"https:\/\/senoticias.com.br\/se\/wp-content\/uploads\/2019\/06\/Logomarca-fone-SE-4-2-1-1-1-1-1-1-1-2-3-4-1.jpg\" alt=\"\" width=\"599\" height=\"78\" srcset=\"https:\/\/senoticias.com.br\/se\/wp-content\/uploads\/2019\/06\/Logomarca-fone-SE-4-2-1-1-1-1-1-1-1-2-3-4-1.jpg 599w, https:\/\/senoticias.com.br\/se\/wp-content\/uploads\/2019\/06\/Logomarca-fone-SE-4-2-1-1-1-1-1-1-1-2-3-4-1-300x39.jpg 300w\" sizes=\"(max-width: 599px) 100vw, 599px\" \/><\/a><\/p>\n<p>&nbsp;<\/p>\n<p>&nbsp;<\/p>\n<p><b><i>Acompanhe o SE Not\u00edcias no\u00a0<\/i><\/b><a href=\"https:\/\/twitter.com\/Senoticias\" target=\"_blank\" rel=\"noopener\"><b>Twitter<\/b><\/a><strong>,\u00a0<\/strong><a href=\"https:\/\/www.facebook.com\/senoticias1\" target=\"_blank\" rel=\"noopener\"><b>Facebook\u00a0<\/b><\/a><strong>e no\u00a0<\/strong><a href=\"https:\/\/www.instagram.com\/senoticias\/\" target=\"_blank\" rel=\"noopener\"><b>Instagram<\/b><\/a><\/p>\n<p>&nbsp;<\/p>\n<p><em>Com informa\u00e7\u00f5es da Daniel Rezende<\/em><\/p>\n","protected":false},"excerpt":{"rendered":"<p>O empres\u00e1rio e presidente da ind\u00fastria Escurial, Sadi Paulo Castiel Gitz, cometeu suic\u00eddio na manh\u00e3 desta quinta-feira, 4, durante a abertura do \u2018Simp\u00f3sio de Oportunidades \u2013 Novo Cen\u00e1rio da Cadeia do G\u00e1s Natural em Sergipe\u2019, no Hotel Radisson, em Aracaju. O evento contava com a presen\u00e7a de diversas autoridades nacionais e estrangeiras da \u00e1rea do [&hellip;]<\/p>\n","protected":false},"author":6552,"featured_media":119136,"comment_status":"closed","ping_status":"closed","sticky":false,"template":"","format":"standard","meta":{"footnotes":""},"categories":[15,6],"tags":[12503,12502,12499,12500,12501],"class_list":{"0":"post-119135","1":"post","2":"type-post","3":"status-publish","4":"format-standard","5":"has-post-thumbnail","7":"category-destaques","8":"category-politica","9":"tag-empresario-comete-suicidio","10":"tag-empresario-sadi-gitz","11":"tag-escurial","12":"tag-proprietario-da-escurial","13":"tag-simposio-de-oportunidades"},"_links":{"self":[{"href":"https:\/\/senoticias.com.br\/se\/wp-json\/wp\/v2\/posts\/119135"}],"collection":[{"href":"https:\/\/senoticias.com.br\/se\/wp-json\/wp\/v2\/posts"}],"about":[{"href":"https:\/\/senoticias.com.br\/se\/wp-json\/wp\/v2\/types\/post"}],"author":[{"embeddable":true,"href":"https:\/\/senoticias.com.br\/se\/wp-json\/wp\/v2\/users\/6552"}],"replies":[{"embeddable":true,"href":"https:\/\/senoticias.com.br\/se\/wp-json\/wp\/v2\/comments?post=119135"}],"version-history":[{"count":0,"href":"https:\/\/senoticias.com.br\/se\/wp-json\/wp\/v2\/posts\/119135\/revisions"}],"wp:featuredmedia":[{"embeddable":true,"href":"https:\/\/senoticias.com.br\/se\/wp-json\/wp\/v2\/media\/119136"}],"wp:attachment":[{"href":"https:\/\/senoticias.com.br\/se\/wp-json\/wp\/v2\/media?parent=119135"}],"wp:term":[{"taxonomy":"category","embeddable":true,"href":"https:\/\/senoticias.com.br\/se\/wp-json\/wp\/v2\/categories?post=119135"},{"taxonomy":"post_tag","embeddable":true,"href":"https:\/\/senoticias.com.br\/se\/wp-json\/wp\/v2\/tags?post=119135"}],"curies":[{"name":"wp","href":"https:\/\/api.w.org\/{rel}","templated":true}]}}