{"id":119107,"date":"2019-07-02T14:38:29","date_gmt":"2019-07-02T17:38:29","guid":{"rendered":"https:\/\/senoticias.com.br\/se\/?p=119107"},"modified":"2019-07-02T14:38:29","modified_gmt":"2019-07-02T17:38:29","slug":"coopertalse-entrega-nova-frota-de-onibus-adaptados-para-acessibilidade","status":"publish","type":"post","link":"https:\/\/senoticias.com.br\/se\/coopertalse-entrega-nova-frota-de-onibus-adaptados-para-acessibilidade\/","title":{"rendered":"Coopertalse entrega nova frota de \u00f4nibus adaptados para acessibilidade"},"content":{"rendered":"<p style=\"text-align: justify;\">Com um investimento de R$ 13 milh\u00f5es durante o primeiro semestre deste ano, em trocas de ve\u00edculos, a Cooperativa de Transportes Alternativos do Estado de Sergipe (Coopertalse) entregou de forma in\u00e9dita, na manh\u00e3 desta ter\u00e7a-feira (2), 26 \u00f4nibus adaptados que ser\u00e3o distribu\u00eddos nas oito regi\u00f5es polos para atender a todos os munic\u00edpios do estado.<\/p>\n<div id=\"attachment_119108\" style=\"width: 560px\" class=\"wp-caption aligncenter\"><a href=\"https:\/\/senoticias.com.br\/se\/wp-content\/uploads\/2019\/07\/2720191233478835_j1dqc-e1562089017341.jpeg\"><img loading=\"lazy\" decoding=\"async\" aria-describedby=\"caption-attachment-119108\" class=\"size-full wp-image-119108\" src=\"https:\/\/senoticias.com.br\/se\/wp-content\/uploads\/2019\/07\/2720191233478835_j1dqc-e1562089017341.jpeg\" alt=\"\" width=\"550\" height=\"367\" \/><\/a><p id=\"caption-attachment-119108\" class=\"wp-caption-text\">Foto: Portal de not\u00edcias F5 News<\/p><\/div>\n<p style=\"text-align: justify;\">A presidente da cooperativa, Karina Barbosa (foto), disse que ao longo de seus 23 anos, a institui\u00e7\u00e3o sempre esteve atenta \u00e0 responsabilidade social. &#8220;Essa \u00e9 a nossa miss\u00e3o, atender cada vez mais a popula\u00e7\u00e3o e perceber suas dificuldades&#8221;, afirmou.<\/p>\n<p style=\"text-align: justify;\">A primeira parte da frota renovada, segundo a cooperativa, foi comemorada por todos envolvidos, os quais ser\u00e3o igualmente beneficiados. Os cobradores e motoristas j\u00e1 passaram por um treinamento para uso do novo equipamento e os ve\u00edculos j\u00e1 circulam pelos munic\u00edpios sergipanos.<\/p>\n<p style=\"text-align: justify;\">Para o coordenador de Acessibilidade do Conselho Estadual de Acessibilidade, Luiz Carlos da Silva, essa a\u00e7\u00e3o da cooperativa enfatiza uma luta das pessoas com defici\u00eancia para mostrar que todos s\u00e3o iguais. &#8220;Ficamos felizes quando vemos uma empresa que se preocupa com a acessibilidade. Al\u00e9m de um direito, \u00e9 parte do ser humano se importar com pessoas menos favorecidas&#8221;, disse.<\/p>\n<p style=\"text-align: justify;\">O conselho, em conjunto com o Tribunal de Justi\u00e7a de Sergipe, ir\u00e1 criar um selo de acessibilidade estadual que ser\u00e1 entregue \u00e0s empresas que se preocupam com a quest\u00e3o e cumprem com o seu papel.A meta \u00e9 chegar ao fim do ano com o dobro do quantitativo entregue. Karina Barbosa antecipou que dois novos \u00f4nibus j\u00e1 est\u00e3o sendo preparados para a nova entrega que pode acontecer antes do final do ano.<\/p>\n<p>&nbsp;<\/p>\n<p>Por F5 News<\/p>\n<p><a href=\"https:\/\/senoticias.com.br\/se\/wp-content\/uploads\/2019\/06\/Logomarca-fone-SE-4-2-1-1-1-1-1-1-1-2-3-4-1-1.jpg\"><img loading=\"lazy\" decoding=\"async\" class=\"aligncenter size-full wp-image-118817\" src=\"https:\/\/senoticias.com.br\/se\/wp-content\/uploads\/2019\/06\/Logomarca-fone-SE-4-2-1-1-1-1-1-1-1-2-3-4-1-1.jpg\" alt=\"\" width=\"599\" height=\"78\" srcset=\"https:\/\/senoticias.com.br\/se\/wp-content\/uploads\/2019\/06\/Logomarca-fone-SE-4-2-1-1-1-1-1-1-1-2-3-4-1-1.jpg 599w, https:\/\/senoticias.com.br\/se\/wp-content\/uploads\/2019\/06\/Logomarca-fone-SE-4-2-1-1-1-1-1-1-1-2-3-4-1-1-300x39.jpg 300w\" sizes=\"(max-width: 599px) 100vw, 599px\" \/><\/a><\/p>\n<p>&nbsp;<\/p>\n<p><b><i>Acompanhe o SE Not\u00edcias no\u00a0<\/i><\/b><a href=\"https:\/\/twitter.com\/Senoticias\" target=\"_blank\" rel=\"noopener\"><b>Twitter<\/b><\/a><strong>,\u00a0<\/strong><a href=\"https:\/\/www.facebook.com\/senoticias1\" target=\"_blank\" rel=\"noopener\"><b>Facebook\u00a0<\/b><\/a><strong>e no\u00a0<\/strong><a href=\"https:\/\/www.instagram.com\/senoticias\/\" target=\"_blank\" rel=\"noopener\"><b>Instagram<\/b><\/a><\/p>\n","protected":false},"excerpt":{"rendered":"<p>Com um investimento de R$ 13 milh\u00f5es durante o primeiro semestre deste ano, em trocas de ve\u00edculos, a Cooperativa de Transportes Alternativos do Estado de Sergipe (Coopertalse) entregou de forma in\u00e9dita, na manh\u00e3 desta ter\u00e7a-feira (2), 26 \u00f4nibus adaptados que ser\u00e3o distribu\u00eddos nas oito regi\u00f5es polos para atender a todos os munic\u00edpios do estado. A [&hellip;]<\/p>\n","protected":false},"author":6557,"featured_media":0,"comment_status":"closed","ping_status":"closed","sticky":false,"template":"","format":"standard","meta":{"footnotes":""},"categories":[15],"tags":[12481],"class_list":{"0":"post-119107","1":"post","2":"type-post","3":"status-publish","4":"format-standard","6":"category-destaques","7":"tag-coopertalse-renovacao-frota-acessibilidade"},"_links":{"self":[{"href":"https:\/\/senoticias.com.br\/se\/wp-json\/wp\/v2\/posts\/119107"}],"collection":[{"href":"https:\/\/senoticias.com.br\/se\/wp-json\/wp\/v2\/posts"}],"about":[{"href":"https:\/\/senoticias.com.br\/se\/wp-json\/wp\/v2\/types\/post"}],"author":[{"embeddable":true,"href":"https:\/\/senoticias.com.br\/se\/wp-json\/wp\/v2\/users\/6557"}],"replies":[{"embeddable":true,"href":"https:\/\/senoticias.com.br\/se\/wp-json\/wp\/v2\/comments?post=119107"}],"version-history":[{"count":0,"href":"https:\/\/senoticias.com.br\/se\/wp-json\/wp\/v2\/posts\/119107\/revisions"}],"wp:attachment":[{"href":"https:\/\/senoticias.com.br\/se\/wp-json\/wp\/v2\/media?parent=119107"}],"wp:term":[{"taxonomy":"category","embeddable":true,"href":"https:\/\/senoticias.com.br\/se\/wp-json\/wp\/v2\/categories?post=119107"},{"taxonomy":"post_tag","embeddable":true,"href":"https:\/\/senoticias.com.br\/se\/wp-json\/wp\/v2\/tags?post=119107"}],"curies":[{"name":"wp","href":"https:\/\/api.w.org\/{rel}","templated":true}]}}