{"id":119091,"date":"2019-07-01T16:04:29","date_gmt":"2019-07-01T19:04:29","guid":{"rendered":"https:\/\/senoticias.com.br\/se\/?p=119091"},"modified":"2019-07-01T16:04:29","modified_gmt":"2019-07-01T19:04:29","slug":"policia-apreende-840-caixas-de-anabolizantes-em-aracaju-e-socorro","status":"publish","type":"post","link":"https:\/\/senoticias.com.br\/se\/policia-apreende-840-caixas-de-anabolizantes-em-aracaju-e-socorro\/","title":{"rendered":"Pol\u00edcia apreende 840 caixas de anabolizantes em Aracaju e Socorro"},"content":{"rendered":"<p style=\"text-align: justify;\">O Departamento de Narc\u00f3ticos da Pol\u00edcia Civil (Denarc) apreendeu na manh\u00e3 desta segunda-feira, 1\u00ba de julho, 840 caixas de produtos anabolizantes e medicamentos de uso restrito e proibido. As apreens\u00f5es aconteceram em Aracaju e Nossa Senhora do Socorro.<\/p>\n<p style=\"text-align: justify;\">A primeira apreens\u00e3o aconteceu no conjunto Fernando Color, em Nossa Senhora do Socorro. A pol\u00edcia encontrou v\u00e1rias comprimidos, ampolas de anabolizantes e media\u00e7\u00f5es na casa de Edmilson de Jesus, 22 anos, que est\u00e1 foragido. \u201cAo perceber a chegado dos policiais ele fugiu pelo fundo da casa. Edmilson j\u00e1 tem passagem pela pol\u00edcia e responde em liberdade pelo crime de roubo\u201d, conta o delegado Osvaldo Resende.c\u201cSabemos que alguns dos envolvidos nesse tipo de crime se valem de terceiros para receber mercadoria por transportadoras e pelos Correios. N\u00f3s identificamos um desses terceiros, que \u00e9 o Rafael, que foi recrutado pelo Edmilson, que est\u00e1 foragido, para receber os anabolizantes nos Correios e entregar ao Edmilson. Rafael foi ouvido e liberado porque n\u00e3o estava em situa\u00e7\u00e3o de flagrante, mas a investiga\u00e7\u00e3o continua. Lembramos que a pena para esse tipo de crime \u00e9 igual \u00e0 de tr\u00e1fico de drogas\u201d, ressalta o delegado.<\/p>\n<p style=\"text-align: justify;\">Droga<\/p>\n<p style=\"text-align: justify;\">Na sexta-feira, 28, o Denarc apreendeu 12 quilos de coca\u00edna que estava dentro de duas malas em ve\u00edculo que trafegava pela avenida Beira Mar, em Aracaju. Erick Dimas Lima, 26 anos, e Jonathon Bastos, 25 anos, e Jonathon Bastos, 25 anos, foram presos em flagrante.<\/p>\n<p style=\"text-align: justify;\">As investiga\u00e7\u00f5es tiveram in\u00edcio a partir de denuncias feitas atrav\u00e9s do Disque Den\u00fancia e a opera\u00e7\u00e3o foi deflagada na sexta-feira. \u201cA delegada Aliete Melo esteve a frente das investiga\u00e7\u00f5es que resultou na pris\u00e3o desses dois indiv\u00edduos. Eles utilizavam uma casa no Povoado Areia Branca, zona de Expans\u00e3o de Aracaju, para embalar, prensar e distribuir a droga para a zona sul. L\u00e1 prendemos tr\u00eas balan\u00e7as de precis\u00e3o, um rev\u00f3lver calibre 38 e muni\u00e7\u00e3o\u201d, explica dr. Osvaldo.<\/p>\n<p style=\"text-align: justify;\">Quem tiver qualquer informa\u00e7\u00e3o sobre o foragido ou sobre a pr\u00e1tica de atividades il\u00edcitas, pode entrar em contato com a pol\u00edcia pelo telefone 181 ou atrav\u00e9s do aplicativo Disque Den\u00fancia 181. O sigilo \u00e9 garantido.<\/p>\n<p>&nbsp;<\/p>\n<p style=\"text-align: justify;\">Por Karla Pinheiro<\/p>\n<p>&nbsp;<\/p>\n<p><a href=\"https:\/\/senoticias.com.br\/se\/wp-content\/uploads\/2019\/06\/Logomarca-fone-SE-4-2-1-1-1-1-1-1-1-2-3-4-1-1.jpg\"><img loading=\"lazy\" decoding=\"async\" class=\"aligncenter size-full wp-image-118817\" src=\"https:\/\/senoticias.com.br\/se\/wp-content\/uploads\/2019\/06\/Logomarca-fone-SE-4-2-1-1-1-1-1-1-1-2-3-4-1-1.jpg\" alt=\"\" width=\"599\" height=\"78\" srcset=\"https:\/\/senoticias.com.br\/se\/wp-content\/uploads\/2019\/06\/Logomarca-fone-SE-4-2-1-1-1-1-1-1-1-2-3-4-1-1.jpg 599w, https:\/\/senoticias.com.br\/se\/wp-content\/uploads\/2019\/06\/Logomarca-fone-SE-4-2-1-1-1-1-1-1-1-2-3-4-1-1-300x39.jpg 300w\" sizes=\"(max-width: 599px) 100vw, 599px\" \/><\/a><\/p>\n<p>&nbsp;<\/p>\n<p><b><i>Acompanhe o SE Not\u00edcias no\u00a0<\/i><\/b><a href=\"https:\/\/twitter.com\/Senoticias\" target=\"_blank\" rel=\"noopener\"><b>Twitter<\/b><\/a><strong>,\u00a0<\/strong><a href=\"https:\/\/www.facebook.com\/senoticias1\" target=\"_blank\" rel=\"noopener\"><b>Facebook\u00a0<\/b><\/a><strong>e no\u00a0<\/strong><a href=\"https:\/\/www.instagram.com\/senoticias\/\" target=\"_blank\" rel=\"noopener\"><b>Instagram<\/b><\/a><\/p>\n","protected":false},"excerpt":{"rendered":"<p>O Departamento de Narc\u00f3ticos da Pol\u00edcia Civil (Denarc) apreendeu na manh\u00e3 desta segunda-feira, 1\u00ba de julho, 840 caixas de produtos anabolizantes e medicamentos de uso restrito e proibido. As apreens\u00f5es aconteceram em Aracaju e Nossa Senhora do Socorro. A primeira apreens\u00e3o aconteceu no conjunto Fernando Color, em Nossa Senhora do Socorro. A pol\u00edcia encontrou v\u00e1rias [&hellip;]<\/p>\n","protected":false},"author":6557,"featured_media":0,"comment_status":"closed","ping_status":"closed","sticky":false,"template":"","format":"standard","meta":{"footnotes":""},"categories":[15],"tags":[12476],"class_list":{"0":"post-119091","1":"post","2":"type-post","3":"status-publish","4":"format-standard","6":"category-destaques","7":"tag-anabolizante-aracaju-socorro"},"_links":{"self":[{"href":"https:\/\/senoticias.com.br\/se\/wp-json\/wp\/v2\/posts\/119091"}],"collection":[{"href":"https:\/\/senoticias.com.br\/se\/wp-json\/wp\/v2\/posts"}],"about":[{"href":"https:\/\/senoticias.com.br\/se\/wp-json\/wp\/v2\/types\/post"}],"author":[{"embeddable":true,"href":"https:\/\/senoticias.com.br\/se\/wp-json\/wp\/v2\/users\/6557"}],"replies":[{"embeddable":true,"href":"https:\/\/senoticias.com.br\/se\/wp-json\/wp\/v2\/comments?post=119091"}],"version-history":[{"count":0,"href":"https:\/\/senoticias.com.br\/se\/wp-json\/wp\/v2\/posts\/119091\/revisions"}],"wp:attachment":[{"href":"https:\/\/senoticias.com.br\/se\/wp-json\/wp\/v2\/media?parent=119091"}],"wp:term":[{"taxonomy":"category","embeddable":true,"href":"https:\/\/senoticias.com.br\/se\/wp-json\/wp\/v2\/categories?post=119091"},{"taxonomy":"post_tag","embeddable":true,"href":"https:\/\/senoticias.com.br\/se\/wp-json\/wp\/v2\/tags?post=119091"}],"curies":[{"name":"wp","href":"https:\/\/api.w.org\/{rel}","templated":true}]}}