{"id":119069,"date":"2019-06-29T16:43:16","date_gmt":"2019-06-29T19:43:16","guid":{"rendered":"https:\/\/senoticias.com.br\/se\/?p=119069"},"modified":"2019-06-29T16:43:16","modified_gmt":"2019-06-29T19:43:16","slug":"prf-apreende-6-toneladas-de-maconha-que-seriam-entregues-em-sergipe","status":"publish","type":"post","link":"https:\/\/senoticias.com.br\/se\/prf-apreende-6-toneladas-de-maconha-que-seriam-entregues-em-sergipe\/","title":{"rendered":"PRF apreende 6 toneladas de maconha que seriam entregues em Sergipe"},"content":{"rendered":"<p style=\"text-align: justify;\">A Pol\u00edcia Rodovi\u00e1ria Federal (PRF) apreendeu na sexta-feira, 28, no munic\u00edpio baiano de Feira de Santana um caminh\u00e3o com tr\u00eas toneladas de maconha. Na quinta-feira, 27, em Montes Claros (MG), foram apreendidas mais de tr\u00eas toneladas de maconha e 50 quilos de coca\u00edna. Os dois caminh\u00f5es sa\u00edram do Paran\u00e1 com destino a Sergipe.<\/p>\n<div id=\"attachment_119070\" style=\"width: 560px\" class=\"wp-caption aligncenter\"><a href=\"https:\/\/senoticias.com.br\/se\/wp-content\/uploads\/2019\/06\/apreensao-de-maconha-fotoPRF-29062019.jpg\"><img loading=\"lazy\" decoding=\"async\" aria-describedby=\"caption-attachment-119070\" class=\"size-full wp-image-119070\" src=\"https:\/\/senoticias.com.br\/se\/wp-content\/uploads\/2019\/06\/apreensao-de-maconha-fotoPRF-29062019.jpg\" alt=\"\" width=\"550\" height=\"330\" srcset=\"https:\/\/senoticias.com.br\/se\/wp-content\/uploads\/2019\/06\/apreensao-de-maconha-fotoPRF-29062019.jpg 550w, https:\/\/senoticias.com.br\/se\/wp-content\/uploads\/2019\/06\/apreensao-de-maconha-fotoPRF-29062019-300x180.jpg 300w\" sizes=\"(max-width: 550px) 100vw, 550px\" \/><\/a><p id=\"caption-attachment-119070\" class=\"wp-caption-text\">As drogas sa\u00edram do Paran\u00e1 com destino a Sergipe (Foto: PRF)<\/p><\/div>\n<p style=\"text-align: justify;\">A PRF informa que nenhum dos condutores era sergipano e ainda n\u00e3o se sabe se havia liga\u00e7\u00e3o entre os dois eventos. As duas ocorr\u00eancias foram encaminhadas \u00e0 Pol\u00edcia Federal, que ir\u00e1 apurar os fatos.<\/p>\n<p style=\"text-align: justify;\"><strong>Apreens\u00f5es<\/strong><\/p>\n<p style=\"text-align: justify;\">No in\u00edcio da tarde da sexta-feira, 28, por volta das 13h, a Pol\u00edcia Rodovi\u00e1ria Federal apreendeu mais de 3 toneladas de maconha escondida na carga de um caminh\u00e3o na BR 116, KM 429, regi\u00e3o do munic\u00edpio baiano de Feira de Santana.<\/p>\n<p style=\"text-align: justify;\">Ao retirar a lona da carroceria, os agentes federais encontraram embaixo das sacas de farinha de mandioca uma grande quantidade de maconha escondida. Questionado, o condutor, de 55 anos, informou que saiu do Paran\u00e1 com a carga para entregar em Aracaju (SE). O condutor, o caminh\u00e3o e a droga (3,020 quilos de maconha) foram encaminhados para a Pol\u00edcia Federal em Salvador(BA).<\/p>\n<p style=\"text-align: justify;\">A outra apreens\u00e3o aconteceu na quinta-feira, 27, no estado de Minas Gerais. Os agentes federais apreenderam mais de tr\u00eas toneladas de maconha e 50 quilos de coca\u00edna em Montes Claros. A droga foi encontrada dentro de um caminh\u00e3o que transportava repolhos.<\/p>\n<p style=\"text-align: justify;\">\nA apreens\u00e3o aconteceu durante uma abordagem de rotina na rodovia. Durante os trabalhos, os agentes PRF avistaram um caminh\u00e3o fazendo uma convers\u00e3o irregular para entrar em um posto de combust\u00edveis. Com isso, o ve\u00edculo foi abordado.<\/p>\n<p style=\"text-align: justify;\">Ao vistoriar a carga, entre os repolhos espalhado por toda a carroceria, foram encontrados os 3.110 quilos de maconha e 50 quilos de coca\u00edna.<\/p>\n<p style=\"text-align: justify;\">De acordo com a PRF, o condutor informou que estava viajando do Paran\u00e1 com destino a Sergipe. O homem, de 37 anos, j\u00e1 possui condena\u00e7\u00e3o por associa\u00e7\u00e3o com o tr\u00e1fico. Ele foi levado, juntamente com a droga, para a Pol\u00edcia Federal de Montes Claros.<\/p>\n<p>&nbsp;<\/p>\n<p><b><i>Acompanhe o SE Not\u00edcias no\u00a0<\/i><\/b><a href=\"https:\/\/twitter.com\/Senoticias\" target=\"_blank\" rel=\"noopener\"><b>Twitter<\/b><\/a><strong>,\u00a0<\/strong><a href=\"https:\/\/www.facebook.com\/senoticias1\" target=\"_blank\" rel=\"noopener\"><b>Facebook\u00a0<\/b><\/a><strong>e no\u00a0<\/strong><a href=\"https:\/\/www.instagram.com\/senoticias\/\" target=\"_blank\" rel=\"noopener\"><b>Instagram<\/b><\/a><\/p>\n<p>&nbsp;<\/p>\n<p>&nbsp;<\/p>\n<p><a href=\"https:\/\/senoticias.com.br\/se\/wp-content\/uploads\/2019\/06\/Logomarca-fone-SE-4-2-1-1-1-1-1-1-1-2-3-4-1-1.jpg\"><img loading=\"lazy\" decoding=\"async\" class=\"aligncenter size-full wp-image-118817\" src=\"https:\/\/senoticias.com.br\/se\/wp-content\/uploads\/2019\/06\/Logomarca-fone-SE-4-2-1-1-1-1-1-1-1-2-3-4-1-1.jpg\" alt=\"\" width=\"599\" height=\"78\" srcset=\"https:\/\/senoticias.com.br\/se\/wp-content\/uploads\/2019\/06\/Logomarca-fone-SE-4-2-1-1-1-1-1-1-1-2-3-4-1-1.jpg 599w, https:\/\/senoticias.com.br\/se\/wp-content\/uploads\/2019\/06\/Logomarca-fone-SE-4-2-1-1-1-1-1-1-1-2-3-4-1-1-300x39.jpg 300w\" sizes=\"(max-width: 599px) 100vw, 599px\" \/><\/a><\/p>\n<p>&nbsp;<\/p>\n<p><em>Com informa\u00e7\u00f5es de\u00a0 Karla Pinheiro e Ag\u00eancia PRF<\/em><\/p>\n","protected":false},"excerpt":{"rendered":"<p>A Pol\u00edcia Rodovi\u00e1ria Federal (PRF) apreendeu na sexta-feira, 28, no munic\u00edpio baiano de Feira de Santana um caminh\u00e3o com tr\u00eas toneladas de maconha. Na quinta-feira, 27, em Montes Claros (MG), foram apreendidas mais de tr\u00eas toneladas de maconha e 50 quilos de coca\u00edna. Os dois caminh\u00f5es sa\u00edram do Paran\u00e1 com destino a Sergipe. A PRF [&hellip;]<\/p>\n","protected":false},"author":6552,"featured_media":119070,"comment_status":"closed","ping_status":"closed","sticky":false,"template":"","format":"standard","meta":{"footnotes":""},"categories":[15,7],"tags":[12460,12459,2660,4155,77],"class_list":{"0":"post-119069","1":"post","2":"type-post","3":"status-publish","4":"format-standard","5":"has-post-thumbnail","7":"category-destaques","8":"category-policia","9":"tag-cocaina","10":"tag-drogas-apreendidas","11":"tag-maconha","12":"tag-policia-rodoviaria-federal","13":"tag-prf"},"_links":{"self":[{"href":"https:\/\/senoticias.com.br\/se\/wp-json\/wp\/v2\/posts\/119069"}],"collection":[{"href":"https:\/\/senoticias.com.br\/se\/wp-json\/wp\/v2\/posts"}],"about":[{"href":"https:\/\/senoticias.com.br\/se\/wp-json\/wp\/v2\/types\/post"}],"author":[{"embeddable":true,"href":"https:\/\/senoticias.com.br\/se\/wp-json\/wp\/v2\/users\/6552"}],"replies":[{"embeddable":true,"href":"https:\/\/senoticias.com.br\/se\/wp-json\/wp\/v2\/comments?post=119069"}],"version-history":[{"count":0,"href":"https:\/\/senoticias.com.br\/se\/wp-json\/wp\/v2\/posts\/119069\/revisions"}],"wp:featuredmedia":[{"embeddable":true,"href":"https:\/\/senoticias.com.br\/se\/wp-json\/wp\/v2\/media\/119070"}],"wp:attachment":[{"href":"https:\/\/senoticias.com.br\/se\/wp-json\/wp\/v2\/media?parent=119069"}],"wp:term":[{"taxonomy":"category","embeddable":true,"href":"https:\/\/senoticias.com.br\/se\/wp-json\/wp\/v2\/categories?post=119069"},{"taxonomy":"post_tag","embeddable":true,"href":"https:\/\/senoticias.com.br\/se\/wp-json\/wp\/v2\/tags?post=119069"}],"curies":[{"name":"wp","href":"https:\/\/api.w.org\/{rel}","templated":true}]}}