{"id":119020,"date":"2019-06-26T13:51:35","date_gmt":"2019-06-26T16:51:35","guid":{"rendered":"https:\/\/senoticias.com.br\/se\/?p=119020"},"modified":"2019-06-26T13:51:35","modified_gmt":"2019-06-26T16:51:35","slug":"forro-siri-tera-shows-de-joelma-e-marcia-fellipe","status":"publish","type":"post","link":"https:\/\/senoticias.com.br\/se\/forro-siri-tera-shows-de-joelma-e-marcia-fellipe\/","title":{"rendered":"Forr\u00f3 Siri ter\u00e1 shows de Joelma e M\u00e1rcia Fellipe"},"content":{"rendered":"<p style=\"text-align: justify;\">O Forr\u00f3 Siri, que \u00e9 uma das maiores festas de S\u00e3o Pedro, acontece nos dias 28 e 29 de junho, na Arena Siri, no conjunto Fernando Collor, em Nossa Senhora do Socorro. O evento \u00e9 gratuito e conta com shows diversos artistas.<\/p>\n<div id=\"attachment_119021\" style=\"width: 560px\" class=\"wp-caption aligncenter\"><a href=\"https:\/\/senoticias.com.br\/se\/wp-content\/uploads\/2019\/06\/Forro-Siri-SE-Noticias.jpg\"><img loading=\"lazy\" decoding=\"async\" aria-describedby=\"caption-attachment-119021\" class=\"size-full wp-image-119021\" src=\"https:\/\/senoticias.com.br\/se\/wp-content\/uploads\/2019\/06\/Forro-Siri-SE-Noticias.jpg\" alt=\"\" width=\"550\" height=\"453\" srcset=\"https:\/\/senoticias.com.br\/se\/wp-content\/uploads\/2019\/06\/Forro-Siri-SE-Noticias.jpg 550w, https:\/\/senoticias.com.br\/se\/wp-content\/uploads\/2019\/06\/Forro-Siri-SE-Noticias-300x247.jpg 300w\" sizes=\"(max-width: 550px) 100vw, 550px\" \/><\/a><p id=\"caption-attachment-119021\" class=\"wp-caption-text\">Cantores sobem ao palco no dia 29 (Fotos: divulga\u00e7\u00e3o)<\/p><\/div>\n<p><strong>Confira a programa\u00e7\u00e3o completa:<\/strong><\/p>\n<p><strong>28\/06 \u2013 Arena Siri\u00a0 &#8211;\u00a0<\/strong><em>Estacionamento Mercado Fernando Collor<\/em><br \/>\nJuninho Moraes<br \/>\nM\u00e1rcia Fellipe<br \/>\nJoelma<br \/>\nBanda Balada Prime<br \/>\nAnjo Azul<\/p>\n<p><strong>29\/06 \u2013 Arena Siri &#8211;\u00a0<\/strong><em>Estacionamento Mercado Fernando Collor<\/em><br \/>\nDouglas Gavi\u00e3o<br \/>\nC\u00e9sar Silva<br \/>\nFran\u00e7a<br \/>\nPablo<br \/>\nMano Walter<\/p>\n<p>&nbsp;<\/p>\n<p>&nbsp;<\/p>\n<p>&nbsp;<\/p>\n<p><a href=\"https:\/\/senoticias.com.br\/se\/wp-content\/uploads\/2019\/06\/Logomarca-fone-SE-4-2-1-1-1-1-1-1-1-2-3-4-1-1.jpg\"><img loading=\"lazy\" decoding=\"async\" class=\"aligncenter size-full wp-image-118817\" src=\"https:\/\/senoticias.com.br\/se\/wp-content\/uploads\/2019\/06\/Logomarca-fone-SE-4-2-1-1-1-1-1-1-1-2-3-4-1-1.jpg\" alt=\"\" width=\"599\" height=\"78\" srcset=\"https:\/\/senoticias.com.br\/se\/wp-content\/uploads\/2019\/06\/Logomarca-fone-SE-4-2-1-1-1-1-1-1-1-2-3-4-1-1.jpg 599w, https:\/\/senoticias.com.br\/se\/wp-content\/uploads\/2019\/06\/Logomarca-fone-SE-4-2-1-1-1-1-1-1-1-2-3-4-1-1-300x39.jpg 300w\" sizes=\"(max-width: 599px) 100vw, 599px\" \/><\/a><\/p>\n<p>&nbsp;<\/p>\n<p>&nbsp;<\/p>\n<p><b><i>Acompanhe o SE Not\u00edcias no\u00a0<\/i><\/b><a href=\"https:\/\/twitter.com\/Senoticias\" target=\"_blank\" rel=\"noopener\"><b>Twitter<\/b><\/a><strong>,\u00a0<\/strong><a href=\"https:\/\/www.facebook.com\/senoticias1\" target=\"_blank\" rel=\"noopener\"><b>Facebook\u00a0<\/b><\/a><strong>e no\u00a0<\/strong><a href=\"https:\/\/www.instagram.com\/senoticias\/\" target=\"_blank\" rel=\"noopener\"><b>Instagram<\/b><\/a><\/p>\n<p>&nbsp;<\/p>\n<p><em>Com informa\u00e7\u00f5es da Ascom\/Socorro<\/em><\/p>\n","protected":false},"excerpt":{"rendered":"<p>O Forr\u00f3 Siri, que \u00e9 uma das maiores festas de S\u00e3o Pedro, acontece nos dias 28 e 29 de junho, na Arena Siri, no conjunto Fernando Collor, em Nossa Senhora do Socorro. O evento \u00e9 gratuito e conta com shows diversos artistas. Confira a programa\u00e7\u00e3o completa: 28\/06 \u2013 Arena Siri\u00a0 &#8211;\u00a0Estacionamento Mercado Fernando Collor Juninho [&hellip;]<\/p>\n","protected":false},"author":6552,"featured_media":119021,"comment_status":"closed","ping_status":"closed","sticky":false,"template":"","format":"standard","meta":{"footnotes":""},"categories":[15,21],"tags":[12437,3951,2650,2272],"class_list":{"0":"post-119020","1":"post","2":"type-post","3":"status-publish","4":"format-standard","5":"has-post-thumbnail","7":"category-destaques","8":"category-entretenimento","9":"tag-arena-siri","10":"tag-forro-siri","11":"tag-nossa-senhora-do-socorro","12":"tag-prefeitura-de-socorro"},"_links":{"self":[{"href":"https:\/\/senoticias.com.br\/se\/wp-json\/wp\/v2\/posts\/119020"}],"collection":[{"href":"https:\/\/senoticias.com.br\/se\/wp-json\/wp\/v2\/posts"}],"about":[{"href":"https:\/\/senoticias.com.br\/se\/wp-json\/wp\/v2\/types\/post"}],"author":[{"embeddable":true,"href":"https:\/\/senoticias.com.br\/se\/wp-json\/wp\/v2\/users\/6552"}],"replies":[{"embeddable":true,"href":"https:\/\/senoticias.com.br\/se\/wp-json\/wp\/v2\/comments?post=119020"}],"version-history":[{"count":0,"href":"https:\/\/senoticias.com.br\/se\/wp-json\/wp\/v2\/posts\/119020\/revisions"}],"wp:featuredmedia":[{"embeddable":true,"href":"https:\/\/senoticias.com.br\/se\/wp-json\/wp\/v2\/media\/119021"}],"wp:attachment":[{"href":"https:\/\/senoticias.com.br\/se\/wp-json\/wp\/v2\/media?parent=119020"}],"wp:term":[{"taxonomy":"category","embeddable":true,"href":"https:\/\/senoticias.com.br\/se\/wp-json\/wp\/v2\/categories?post=119020"},{"taxonomy":"post_tag","embeddable":true,"href":"https:\/\/senoticias.com.br\/se\/wp-json\/wp\/v2\/tags?post=119020"}],"curies":[{"name":"wp","href":"https:\/\/api.w.org\/{rel}","templated":true}]}}