{"id":119015,"date":"2019-06-26T08:49:46","date_gmt":"2019-06-26T11:49:46","guid":{"rendered":"https:\/\/senoticias.com.br\/se\/?p=119015"},"modified":"2019-06-26T08:59:01","modified_gmt":"2019-06-26T11:59:01","slug":"milton-andrade-vai-dirigir-a-codevasf-indicado-por-alessandro","status":"publish","type":"post","link":"https:\/\/senoticias.com.br\/se\/milton-andrade-vai-dirigir-a-codevasf-indicado-por-alessandro\/","title":{"rendered":"Empres\u00e1rio \u00e9 executado a tiros no interior de Sergipe"},"content":{"rendered":"<div id=\"attachment_119017\" style=\"width: 310px\" class=\"wp-caption alignright\"><a href=\"https:\/\/senoticias.com.br\/se\/wp-content\/uploads\/2019\/06\/Pinheiro-SE-Noticias.jpeg\"><img loading=\"lazy\" decoding=\"async\" aria-describedby=\"caption-attachment-119017\" class=\"size-full wp-image-119017\" src=\"https:\/\/senoticias.com.br\/se\/wp-content\/uploads\/2019\/06\/Pinheiro-SE-Noticias.jpeg\" alt=\"\" width=\"300\" height=\"300\" srcset=\"https:\/\/senoticias.com.br\/se\/wp-content\/uploads\/2019\/06\/Pinheiro-SE-Noticias.jpeg 300w, https:\/\/senoticias.com.br\/se\/wp-content\/uploads\/2019\/06\/Pinheiro-SE-Noticias-150x150.jpeg 150w\" sizes=\"(max-width: 300px) 100vw, 300px\" \/><\/a><p id=\"caption-attachment-119017\" class=\"wp-caption-text\">Jos\u00e9 Carlos dos Santos, de 52 anos, foi v\u00edtima de homic\u00eddio (foto: redes sociais)<\/p><\/div>\n<p style=\"text-align: justify;\">O empres\u00e1rio Jos\u00e9 Carlos dos Santos, 52 anos, foi assassinado a tiros na noite desta ter\u00e7a-feira (25), na rodovia estadual no Povoado Col\u00f4nia Treze, munic\u00edpio de Lagarto.<\/p>\n<p style=\"text-align: justify;\">Jos\u00e9 Carlos era propriet\u00e1rio de um parque de divers\u00e3o que foi desmontado em Boquim e estava a caminho de Lagarto, onde ele morava. As informa\u00e7\u00f5es s\u00e3o de que a v\u00edtima dirigia um ve\u00edculo de passeio quando dois homens se aproximaram em uma motocicleta e fizeram os disparos. No ve\u00edculo estavam outros tr\u00eas funcion\u00e1rios que n\u00e3o foram atingidos.<\/p>\n<p style=\"text-align: justify;\">O caso ser\u00e1 investigado pela Pol\u00edcia Civil de Boquim que est\u00e1 a procura dos suspeitos. Qualquer informa\u00e7\u00e3o pode ser passada atrav\u00e9s do 181. O sigilo \u00e9 garantido.<\/p>\n<p>&nbsp;<\/p>\n<p><b><i>Acompanhe o SE Not\u00edcias no\u00a0<\/i><\/b><a href=\"https:\/\/twitter.com\/Senoticias\" target=\"_blank\" rel=\"noopener\"><b>Twitter<\/b><\/a><strong>,\u00a0<\/strong><a href=\"https:\/\/www.facebook.com\/senoticias1\" target=\"_blank\" rel=\"noopener\"><b>Facebook\u00a0<\/b><\/a><strong>e no\u00a0<\/strong><a href=\"https:\/\/www.instagram.com\/senoticias\/\" target=\"_blank\" rel=\"noopener\"><b>Instagram<\/b><\/a><\/p>\n<p>&nbsp;<\/p>\n<p>&nbsp;<\/p>\n<p><a href=\"https:\/\/senoticias.com.br\/se\/wp-content\/uploads\/2019\/06\/Logomarca-fone-SE-4-2-1-1-1-1-1-1-1-2-3-4-1.jpg\"><img loading=\"lazy\" decoding=\"async\" class=\"aligncenter size-full wp-image-118816\" src=\"https:\/\/senoticias.com.br\/se\/wp-content\/uploads\/2019\/06\/Logomarca-fone-SE-4-2-1-1-1-1-1-1-1-2-3-4-1.jpg\" alt=\"\" width=\"599\" height=\"78\" srcset=\"https:\/\/senoticias.com.br\/se\/wp-content\/uploads\/2019\/06\/Logomarca-fone-SE-4-2-1-1-1-1-1-1-1-2-3-4-1.jpg 599w, https:\/\/senoticias.com.br\/se\/wp-content\/uploads\/2019\/06\/Logomarca-fone-SE-4-2-1-1-1-1-1-1-1-2-3-4-1-300x39.jpg 300w\" sizes=\"(max-width: 599px) 100vw, 599px\" \/><\/a><\/p>\n<p>&nbsp;<\/p>\n<p><em>Com informa\u00e7\u00f5es do Fax Aju<\/em><\/p>\n<p>&nbsp;<\/p>\n<p>&nbsp;<\/p>\n","protected":false},"excerpt":{"rendered":"<p>O empres\u00e1rio Jos\u00e9 Carlos dos Santos, 52 anos, foi assassinado a tiros na noite desta ter\u00e7a-feira (25), na rodovia estadual no Povoado Col\u00f4nia Treze, munic\u00edpio de Lagarto. Jos\u00e9 Carlos era propriet\u00e1rio de um parque de divers\u00e3o que foi desmontado em Boquim e estava a caminho de Lagarto, onde ele morava. As informa\u00e7\u00f5es s\u00e3o de que [&hellip;]<\/p>\n","protected":false},"author":6552,"featured_media":119017,"comment_status":"closed","ping_status":"closed","sticky":false,"template":"","format":"standard","meta":{"footnotes":""},"categories":[15,7,1],"tags":[12435,12436],"class_list":{"0":"post-119015","1":"post","2":"type-post","3":"status-publish","4":"format-standard","5":"has-post-thumbnail","7":"category-destaques","8":"category-policia","9":"category-sem-categoria","10":"tag-policia-civil-de-boquim","11":"tag-proprietario-de-um-parque-de-diversao"},"_links":{"self":[{"href":"https:\/\/senoticias.com.br\/se\/wp-json\/wp\/v2\/posts\/119015"}],"collection":[{"href":"https:\/\/senoticias.com.br\/se\/wp-json\/wp\/v2\/posts"}],"about":[{"href":"https:\/\/senoticias.com.br\/se\/wp-json\/wp\/v2\/types\/post"}],"author":[{"embeddable":true,"href":"https:\/\/senoticias.com.br\/se\/wp-json\/wp\/v2\/users\/6552"}],"replies":[{"embeddable":true,"href":"https:\/\/senoticias.com.br\/se\/wp-json\/wp\/v2\/comments?post=119015"}],"version-history":[{"count":0,"href":"https:\/\/senoticias.com.br\/se\/wp-json\/wp\/v2\/posts\/119015\/revisions"}],"wp:featuredmedia":[{"embeddable":true,"href":"https:\/\/senoticias.com.br\/se\/wp-json\/wp\/v2\/media\/119017"}],"wp:attachment":[{"href":"https:\/\/senoticias.com.br\/se\/wp-json\/wp\/v2\/media?parent=119015"}],"wp:term":[{"taxonomy":"category","embeddable":true,"href":"https:\/\/senoticias.com.br\/se\/wp-json\/wp\/v2\/categories?post=119015"},{"taxonomy":"post_tag","embeddable":true,"href":"https:\/\/senoticias.com.br\/se\/wp-json\/wp\/v2\/tags?post=119015"}],"curies":[{"name":"wp","href":"https:\/\/api.w.org\/{rel}","templated":true}]}}