{"id":119013,"date":"2019-06-25T16:06:04","date_gmt":"2019-06-25T19:06:04","guid":{"rendered":"https:\/\/senoticias.com.br\/se\/?p=119013"},"modified":"2019-06-25T16:06:04","modified_gmt":"2019-06-25T19:06:04","slug":"nitinho-diz-que-concurso-da-cma-deve-acontecer-ate-inicio-de-2020","status":"publish","type":"post","link":"https:\/\/senoticias.com.br\/se\/nitinho-diz-que-concurso-da-cma-deve-acontecer-ate-inicio-de-2020\/","title":{"rendered":"Nitinho diz que concurso da CMA deve acontecer at\u00e9 in\u00edcio de 2020"},"content":{"rendered":"<p style=\"text-align: justify;\">Com a aprova\u00e7\u00e3o do Projeto de Lei n\u00b0 2\/2019 que cria os novos cargos e sal\u00e1rios da C\u00e2mara Municipal de Aracaju (CMA), ser\u00e1 poss\u00edvel realizar o concurso para a Casa Legislativa. A previs\u00e3o do vereador Nitinho Vitale, presidente da CMA, \u00e9 que o concurso seja realizado ainda este ano ou at\u00e9 o in\u00edcio de 2020. A expectativa \u00e9 que o projeto seja votado e conclu\u00eddo na sess\u00e3o da quarta-feira, 26.<\/p>\n<div id=\"attachment_119014\" style=\"width: 560px\" class=\"wp-caption aligncenter\"><a href=\"https:\/\/senoticias.com.br\/se\/wp-content\/uploads\/2019\/06\/Nitinho-Vitale-presidente-da-CMA-Foto-Infonet-250619.jpg.jpg\"><img loading=\"lazy\" decoding=\"async\" aria-describedby=\"caption-attachment-119014\" class=\"size-full wp-image-119014\" src=\"https:\/\/senoticias.com.br\/se\/wp-content\/uploads\/2019\/06\/Nitinho-Vitale-presidente-da-CMA-Foto-Infonet-250619.jpg.jpg\" alt=\"\" width=\"550\" height=\"330\" srcset=\"https:\/\/senoticias.com.br\/se\/wp-content\/uploads\/2019\/06\/Nitinho-Vitale-presidente-da-CMA-Foto-Infonet-250619.jpg.jpg 550w, https:\/\/senoticias.com.br\/se\/wp-content\/uploads\/2019\/06\/Nitinho-Vitale-presidente-da-CMA-Foto-Infonet-250619.jpg-300x180.jpg 300w\" sizes=\"(max-width: 550px) 100vw, 550px\" \/><\/a><p id=\"caption-attachment-119014\" class=\"wp-caption-text\">Nitinho garante que at\u00e9 inicio de 2020 o concurso da CMA ser\u00e1 realizado (Foto: Portal Infonet)<\/p><\/div>\n<p style=\"text-align: justify;\">O \u00faltimo concurso p\u00fablico realizada na CMA aconteceu em 1985, h\u00e1 mais de 30 anos, e o organograma que vigora atualmente est\u00e1 defasado. A CMA firmou um Termo de Ajustamento de Conduta (TAC) com o Minist\u00e9rio P\u00fablico Estadual (MPE) para a realiza\u00e7\u00e3o do concurso, e para que haja novas contrata\u00e7\u00f5es atrav\u00e9s da aprova\u00e7\u00e3o em concurso p\u00fablico, os vereadores precisam aprovar o PL com os novos cargos e sal\u00e1rios.O novo organograma extingue 600 cargos comissionados e cria 139 novos cargos, que ser\u00e3o preenchidos atrav\u00e9s de concurso p\u00fablico. O presidente da CMA adiantou que pedir\u00e1 inexibilidade da licita\u00e7\u00e3o para a escolha da banca organizadora para realizar todos os procedimentos inerentes ao concurso p\u00fablico . \u201cVamos optar pela n\u00e3o realiza\u00e7\u00e3o de uma licita\u00e7\u00e3o para contratar a banca para que possamos escolher a melhor banca para que tenhamos qualidade, seguran\u00e7a e transpar\u00eancia na realiza\u00e7\u00e3o do concurso da C\u00e2mara\u201d, afirma Nitinho Vitale.<\/p>\n<p style=\"text-align: justify;\">A inten\u00e7\u00e3o do presidente da Casa \u00e9 convocar os aprovados antes das elei\u00e7\u00f5es de 2020. Cerca de 50 vagas, entre n\u00edvel m\u00e9dio e superior, devem ser ofertadas nesse concurso. \u201cNo organograma, criamos 139 cargos, mas n\u00e3o faremos o concurso para preencher todas eles de uma s\u00f3 vez, mas, se poss\u00edvel, at\u00e9 o final do meu mandado enquanto presidente, realizei outro concurso para que todas as vagas sejam ocupadas e a necessidade da Casa atendida\u201d, adianta Nitinho.<\/p>\n<p>&nbsp;<\/p>\n<p><a href=\"https:\/\/senoticias.com.br\/se\/wp-content\/uploads\/2019\/06\/Logomarca-fone-SE-4-2-1-1-1-1-1-1-1-2-3-4-1.jpg\"><img loading=\"lazy\" decoding=\"async\" class=\"aligncenter size-full wp-image-118816\" src=\"https:\/\/senoticias.com.br\/se\/wp-content\/uploads\/2019\/06\/Logomarca-fone-SE-4-2-1-1-1-1-1-1-1-2-3-4-1.jpg\" alt=\"\" width=\"599\" height=\"78\" srcset=\"https:\/\/senoticias.com.br\/se\/wp-content\/uploads\/2019\/06\/Logomarca-fone-SE-4-2-1-1-1-1-1-1-1-2-3-4-1.jpg 599w, https:\/\/senoticias.com.br\/se\/wp-content\/uploads\/2019\/06\/Logomarca-fone-SE-4-2-1-1-1-1-1-1-1-2-3-4-1-300x39.jpg 300w\" sizes=\"(max-width: 599px) 100vw, 599px\" \/><\/a><\/p>\n<p>&nbsp;<\/p>\n<p><b><i>Acompanhe o SE Not\u00edcias no\u00a0<\/i><\/b><a href=\"https:\/\/twitter.com\/Senoticias\" target=\"_blank\" rel=\"noopener\"><b>Twitter<\/b><\/a><strong>,\u00a0<\/strong><a href=\"https:\/\/www.facebook.com\/senoticias1\" target=\"_blank\" rel=\"noopener\"><b>Facebook\u00a0<\/b><\/a><strong>e no\u00a0<\/strong><a href=\"https:\/\/www.instagram.com\/senoticias\/\" target=\"_blank\" rel=\"noopener\"><b>Instagram<\/b><\/a><\/p>\n<p>&nbsp;<\/p>\n<p>Por Karla Pinheiro<\/p>\n","protected":false},"excerpt":{"rendered":"<p>Com a aprova\u00e7\u00e3o do Projeto de Lei n\u00b0 2\/2019 que cria os novos cargos e sal\u00e1rios da C\u00e2mara Municipal de Aracaju (CMA), ser\u00e1 poss\u00edvel realizar o concurso para a Casa Legislativa. A previs\u00e3o do vereador Nitinho Vitale, presidente da CMA, \u00e9 que o concurso seja realizado ainda este ano ou at\u00e9 o in\u00edcio de 2020. [&hellip;]<\/p>\n","protected":false},"author":6557,"featured_media":0,"comment_status":"closed","ping_status":"closed","sticky":false,"template":"","format":"standard","meta":{"footnotes":""},"categories":[9,15],"tags":[12433],"class_list":{"0":"post-119013","1":"post","2":"type-post","3":"status-publish","4":"format-standard","6":"category-concursos","7":"category-destaques","8":"tag-concurso-cma"},"_links":{"self":[{"href":"https:\/\/senoticias.com.br\/se\/wp-json\/wp\/v2\/posts\/119013"}],"collection":[{"href":"https:\/\/senoticias.com.br\/se\/wp-json\/wp\/v2\/posts"}],"about":[{"href":"https:\/\/senoticias.com.br\/se\/wp-json\/wp\/v2\/types\/post"}],"author":[{"embeddable":true,"href":"https:\/\/senoticias.com.br\/se\/wp-json\/wp\/v2\/users\/6557"}],"replies":[{"embeddable":true,"href":"https:\/\/senoticias.com.br\/se\/wp-json\/wp\/v2\/comments?post=119013"}],"version-history":[{"count":0,"href":"https:\/\/senoticias.com.br\/se\/wp-json\/wp\/v2\/posts\/119013\/revisions"}],"wp:attachment":[{"href":"https:\/\/senoticias.com.br\/se\/wp-json\/wp\/v2\/media?parent=119013"}],"wp:term":[{"taxonomy":"category","embeddable":true,"href":"https:\/\/senoticias.com.br\/se\/wp-json\/wp\/v2\/categories?post=119013"},{"taxonomy":"post_tag","embeddable":true,"href":"https:\/\/senoticias.com.br\/se\/wp-json\/wp\/v2\/tags?post=119013"}],"curies":[{"name":"wp","href":"https:\/\/api.w.org\/{rel}","templated":true}]}}