{"id":118996,"date":"2019-06-24T13:12:01","date_gmt":"2019-06-24T16:12:01","guid":{"rendered":"https:\/\/senoticias.com.br\/se\/?p=118996"},"modified":"2019-06-24T13:12:01","modified_gmt":"2019-06-24T16:12:01","slug":"idoso-sergipano-possui-seis-graduacoes-e-esta-na-quinta-a-distancia","status":"publish","type":"post","link":"https:\/\/senoticias.com.br\/se\/idoso-sergipano-possui-seis-graduacoes-e-esta-na-quinta-a-distancia\/","title":{"rendered":"Idoso sergipano possui seis gradua\u00e7\u00f5es e est\u00e1 na quinta a dist\u00e2ncia"},"content":{"rendered":"<p style=\"text-align: justify;\">A procura pela modalidade de Ensino a Dist\u00e2ncia vem crescendo n\u00e3o s\u00f3 em Sergipe, mas no Brasil. De acordo com o \u00faltimo Censo da Educa\u00e7\u00e3o Superior, 21% das matr\u00edculas em gradua\u00e7\u00e3o e p\u00f3s-gradua\u00e7\u00e3o s\u00e3o EAD, representando quase dois milh\u00f5es. E o estudo anuncia ainda que a tend\u00eancia \u00e9 aumentar mais o interesse devido \u00e0 flexibilidade que o formato proporciona e a necessidade do brasileiro desenvolver suas habilidades em busca de posi\u00e7\u00e3o no mercado de trabalho ou mesmo crescimento profissional.<\/p>\n<div id=\"attachment_118997\" style=\"width: 310px\" class=\"wp-caption aligncenter\"><a href=\"https:\/\/senoticias.com.br\/se\/wp-content\/uploads\/2019\/06\/vaudilio_fotounit_210619-300x209.jpeg\"><img loading=\"lazy\" decoding=\"async\" aria-describedby=\"caption-attachment-118997\" class=\"size-full wp-image-118997\" src=\"https:\/\/senoticias.com.br\/se\/wp-content\/uploads\/2019\/06\/vaudilio_fotounit_210619-300x209.jpeg\" alt=\"\" width=\"300\" height=\"209\" \/><\/a><p id=\"caption-attachment-118997\" class=\"wp-caption-text\">Valdu\u00edlio Vieira Rocha \u00e9 escritor, j\u00e1 possui seis gradua\u00e7\u00f5es presenciais e quatro a dist\u00e2ncia (Foto: divulga\u00e7\u00e3o)<\/p><\/div>\n<p style=\"text-align: justify;\">Para o coordenador dos cursos de Log\u00edstica, Seguran\u00e7a do Trabalho e RH da Unit EAD, professor S\u00e9rgio Correa, a modalidade de ensino contribui para ampliar o acesso da terceira idade no ambiente acad\u00eamico. \u201cA procura por pessoas acima dos 50 anos tem crescido nos \u00faltimos 24 meses, inclusive por alguns pais de alunos que tamb\u00e9m estudam no EAD. Destaca-se tamb\u00e9m o fato de os cursos que coordeno serem de curta dura\u00e7\u00e3o, os Superiores de Tecnologia\u201d, avalia.<\/p>\n<p style=\"text-align: justify;\">Mesmo com diplomas em Hist\u00f3ria, Seguran\u00e7a no Trabalho, Gest\u00e3o de Recursos Humanos, Administra\u00e7\u00e3o, o sergipano de Gararu, Valduilio Vieira Rocha, aos 64 anos, busca sua 5\u00aa gradua\u00e7\u00e3o na Universidade Tiradentes \u2013 Unit EAD. Agora o morador do alto sert\u00e3o \u00e9 acad\u00eamico do curso de Log\u00edstica no polo Unit EAD Propri\u00e1. \u201cPretendo cursar no pr\u00f3ximo ano Biomedicina, se Deus quiser\u201d, acrescenta.<\/p>\n<p style=\"text-align: justify;\">Curioso por natureza, Valdu\u00edlio acredita na transforma\u00e7\u00e3o que as novas tecnologias pode proporcionar \u00e0 sociedade dos dias atuais e futuros. \u201cMinha maior motiva\u00e7\u00e3o em busca de conhecimento se d\u00e1 com esta transforma\u00e7\u00e3o social oriunda do mundo digital que afetou at\u00e9 na forma como n\u00f3s estamos aprendendo, no ensino EAD, por exemplo, e como iremos trabalhar no futuro diante de um mercado globalizado e com novos valores\u201d, conta Valdu\u00edlio.<\/p>\n<p style=\"text-align: justify;\">Segundo ele, al\u00e9m dos t\u00edtulos no EAD, possui outras seis gradua\u00e7\u00f5es presenciais. \u201cServi\u00e7o Social (Unit); Letras, Pedagogia e Direito (UFS); Psicopedagogia Cl\u00ednica (FFCL\/MG), Psicopedagogia Institucional e Cl\u00ednica (Pio D\u00e9cimo) e Biologia (FASEAL)\u201d, contabiliza.<\/p>\n<p style=\"text-align: justify;\">\u201cValdu\u00edlio, durante as aulas, \u00e9 sempre colaborativo e contribui diante de sua vasta experi\u00eancia de vida pessoal e profissional. Ele demonstra a import\u00e2ncia do aprendizado permanente e da forma\u00e7\u00e3o continuada\u201d, pontua o coordenador de cursos na Unit EAD, professor S\u00e9rgio Correa.<\/p>\n<p style=\"text-align: justify;\">O estudioso tamb\u00e9m \u00e9 escritor. Possui quatro obras publicas: Martirizado pela Solid\u00e3o; O Amor Sustent\u00e1culo da Vida; Jesus Alicerce da F\u00e9; A Dor Cicatrizada pelo Amor.<\/p>\n<p style=\"text-align: justify;\">EAD<\/p>\n<p style=\"text-align: justify;\">As novas formas de acesso \u00e0 tecnologia da informa\u00e7\u00e3o e comunica\u00e7\u00e3o; intera\u00e7\u00e3o virtual e presencial com colegas e professores; menor custo; possibilidade de organizar o pr\u00f3prio tempo; sem precisar se deslocar \u00e0 faculdade todos os dias; e ainda utilizar dispositivos m\u00f3veis para acompanhar o conte\u00fado por meio de videoaulas e outros recursos; s\u00e3o atrativos para aumentar a estat\u00edstica de brasileiros matriculados no EAD.<\/p>\n<p style=\"text-align: justify;\">Na Unit EAD, atualmente, s\u00e3o ofertados 22 cursos distribu\u00eddos em 25 polos, localizados em cinco estados do Nordeste que atende a mais de 10 mil alunos.<\/p>\n<p style=\"text-align: justify;\">O ensino superior a dist\u00e2ncia ofertado pela Unit apresenta diversos cursos em modalidades semipresencial, h\u00edbrido e totalmente online, disponibilizando estrutura adequada \u00e0s necessidades do aluno que necessita flexibilidade \u2013 sistema moderno, tutores online e tamb\u00e9m dispon\u00edveis nos polos, al\u00e9m de bibliotecas, salas de estudos e acesso a plataforma do Google for Education, o que facilita ainda mais a intera\u00e7\u00e3o entre aluno e professor. Recentemente, a gigante de tecnologia, Google, reconheceu a Unit como Universidade Refer\u00eancia Google for Education no mundo.<\/p>\n<p style=\"text-align: justify;\">A qualidade de ensino da Unit tamb\u00e9m \u00e9 fruto de um corpo docente de alto n\u00edvel: 80% do professorado s\u00e3o doutores ou mestres distribu\u00eddos nos cerca de 60 cursos de gradua\u00e7\u00e3o, entre presenciais e a dist\u00e2ncia. Saiba mais aqui. www.ead.unit.br.<\/p>\n<p>&nbsp;<\/p>\n<p><a href=\"https:\/\/senoticias.com.br\/se\/wp-content\/uploads\/2019\/06\/Logomarca-fone-SE-4-2-1-1-1-1-1-1-1-2-3-4-1.jpg\"><img loading=\"lazy\" decoding=\"async\" class=\"aligncenter size-full wp-image-118816\" src=\"https:\/\/senoticias.com.br\/se\/wp-content\/uploads\/2019\/06\/Logomarca-fone-SE-4-2-1-1-1-1-1-1-1-2-3-4-1.jpg\" alt=\"\" width=\"599\" height=\"78\" srcset=\"https:\/\/senoticias.com.br\/se\/wp-content\/uploads\/2019\/06\/Logomarca-fone-SE-4-2-1-1-1-1-1-1-1-2-3-4-1.jpg 599w, https:\/\/senoticias.com.br\/se\/wp-content\/uploads\/2019\/06\/Logomarca-fone-SE-4-2-1-1-1-1-1-1-1-2-3-4-1-300x39.jpg 300w\" sizes=\"(max-width: 599px) 100vw, 599px\" \/><\/a><\/p>\n<p>&nbsp;<\/p>\n<p><b><i>Acompanhe o SE Not\u00edcias no\u00a0<\/i><\/b><a href=\"https:\/\/twitter.com\/Senoticias\" target=\"_blank\" rel=\"noopener\"><b>Twitter<\/b><\/a><strong>,\u00a0<\/strong><a href=\"https:\/\/www.facebook.com\/senoticias1\" target=\"_blank\" rel=\"noopener\"><b>Facebook\u00a0<\/b><\/a><strong>e no\u00a0<\/strong><a href=\"https:\/\/www.instagram.com\/senoticias\/\" target=\"_blank\" rel=\"noopener\"><b>Instagram<\/b><\/a><\/p>\n<p>Fonte: Unit<\/p>\n","protected":false},"excerpt":{"rendered":"<p>A procura pela modalidade de Ensino a Dist\u00e2ncia vem crescendo n\u00e3o s\u00f3 em Sergipe, mas no Brasil. De acordo com o \u00faltimo Censo da Educa\u00e7\u00e3o Superior, 21% das matr\u00edculas em gradua\u00e7\u00e3o e p\u00f3s-gradua\u00e7\u00e3o s\u00e3o EAD, representando quase dois milh\u00f5es. E o estudo anuncia ainda que a tend\u00eancia \u00e9 aumentar mais o interesse devido \u00e0 flexibilidade [&hellip;]<\/p>\n","protected":false},"author":6557,"featured_media":0,"comment_status":"closed","ping_status":"closed","sticky":false,"template":"","format":"standard","meta":{"footnotes":""},"categories":[15,44],"tags":[12425],"class_list":{"0":"post-118996","1":"post","2":"type-post","3":"status-publish","4":"format-standard","6":"category-destaques","7":"category-educacao","8":"tag-idoso-sergipano-graduacoes"},"_links":{"self":[{"href":"https:\/\/senoticias.com.br\/se\/wp-json\/wp\/v2\/posts\/118996"}],"collection":[{"href":"https:\/\/senoticias.com.br\/se\/wp-json\/wp\/v2\/posts"}],"about":[{"href":"https:\/\/senoticias.com.br\/se\/wp-json\/wp\/v2\/types\/post"}],"author":[{"embeddable":true,"href":"https:\/\/senoticias.com.br\/se\/wp-json\/wp\/v2\/users\/6557"}],"replies":[{"embeddable":true,"href":"https:\/\/senoticias.com.br\/se\/wp-json\/wp\/v2\/comments?post=118996"}],"version-history":[{"count":0,"href":"https:\/\/senoticias.com.br\/se\/wp-json\/wp\/v2\/posts\/118996\/revisions"}],"wp:attachment":[{"href":"https:\/\/senoticias.com.br\/se\/wp-json\/wp\/v2\/media?parent=118996"}],"wp:term":[{"taxonomy":"category","embeddable":true,"href":"https:\/\/senoticias.com.br\/se\/wp-json\/wp\/v2\/categories?post=118996"},{"taxonomy":"post_tag","embeddable":true,"href":"https:\/\/senoticias.com.br\/se\/wp-json\/wp\/v2\/tags?post=118996"}],"curies":[{"name":"wp","href":"https:\/\/api.w.org\/{rel}","templated":true}]}}