{"id":118990,"date":"2019-06-24T08:44:06","date_gmt":"2019-06-24T11:44:06","guid":{"rendered":"https:\/\/senoticias.com.br\/se\/?p=118990"},"modified":"2019-06-24T08:51:34","modified_gmt":"2019-06-24T11:51:34","slug":"itaporanga-recebe-cavalgada-dajuda-neste-domingo-24-confira-a-programacao","status":"publish","type":"post","link":"https:\/\/senoticias.com.br\/se\/itaporanga-recebe-cavalgada-dajuda-neste-domingo-24-confira-a-programacao\/","title":{"rendered":"Cavaleiros do Forr\u00f3 ser\u00e1 uma das atra\u00e7\u00f5es da Cavalgada de Itaporanga D&#8217; Ajuda; confira a programa\u00e7\u00e3o"},"content":{"rendered":"<p style=\"text-align: justify;\">Encerrando as festividades do S\u00e3o Jo\u00e3o de Itaporanga D&#8217;Ajuda, neste domingo, 24, acontece a tradicional Cavalgada, que sai do povoado Salvadorzinho \u00e0s 16h, em dire\u00e7\u00e3o a sede do munic\u00edpio. Puxando a cavalgada, o cantor Danielzinho, que \u00e9 sucesso entre o p\u00fablico, conduzir\u00e1 os cavaleiros e amazonas at\u00e9 a Pra\u00e7a de Eventos. J\u00e1 a noite, na pra\u00e7a de eventos, o p\u00fablico conta com os shows de Cavaleiros do Forr\u00f3, Xande e Nanda e Ded\u00e9 Brasil e Jeane Linss.<\/p>\n<div id=\"attachment_118991\" style=\"width: 609px\" class=\"wp-caption alignnone\"><a href=\"https:\/\/senoticias.com.br\/se\/wp-content\/uploads\/2019\/06\/Cavalgada-de-Itaporanga-SE-Noticias-e1561376613379.jpeg\"><img loading=\"lazy\" decoding=\"async\" aria-describedby=\"caption-attachment-118991\" class=\"size-full wp-image-118991\" src=\"https:\/\/senoticias.com.br\/se\/wp-content\/uploads\/2019\/06\/Cavalgada-de-Itaporanga-SE-Noticias-e1561376613379.jpeg\" alt=\"\" width=\"599\" height=\"599\" \/><\/a><p id=\"caption-attachment-118991\" class=\"wp-caption-text\">Cavalgada sai do povoado Salvadorzinho ao som de Danielzinho (foto arte: PMI)<\/p><\/div>\n<p>&nbsp;<\/p>\n<p style=\"text-align: justify;\">Como nos anos anteriores, a estrutura conta com dois palcos, que faz com que n\u00e3o haja atraso nos hor\u00e1rios das apresenta\u00e7\u00f5es. O S\u00e3o Jo\u00e3o de Itaporanga j\u00e1 \u00e9 uma tradi\u00e7\u00e3o de mais de 20 anos, mun\u00edcipes e amantes dos festejos juninos de todo o estado aguardam ansiosamente todos anos pela programa\u00e7\u00e3o festiva do munic\u00edpio.<\/p>\n<p>&nbsp;<\/p>\n<p>&nbsp;<\/p>\n<p><a href=\"https:\/\/senoticias.com.br\/se\/wp-content\/uploads\/2019\/06\/Logomarca-fone-SE-4-2-1-1-1-1-1-1-1-2-3-4-1-1.jpg\"><img loading=\"lazy\" decoding=\"async\" class=\"alignnone size-full wp-image-118817\" src=\"https:\/\/senoticias.com.br\/se\/wp-content\/uploads\/2019\/06\/Logomarca-fone-SE-4-2-1-1-1-1-1-1-1-2-3-4-1-1.jpg\" alt=\"\" width=\"599\" height=\"78\" srcset=\"https:\/\/senoticias.com.br\/se\/wp-content\/uploads\/2019\/06\/Logomarca-fone-SE-4-2-1-1-1-1-1-1-1-2-3-4-1-1.jpg 599w, https:\/\/senoticias.com.br\/se\/wp-content\/uploads\/2019\/06\/Logomarca-fone-SE-4-2-1-1-1-1-1-1-1-2-3-4-1-1-300x39.jpg 300w\" sizes=\"(max-width: 599px) 100vw, 599px\" \/><\/a><\/p>\n<p><b><i>Acompanhe o SE Not\u00edcias no\u00a0<\/i><\/b><a href=\"https:\/\/twitter.com\/Senoticias\" target=\"_blank\" rel=\"noopener\"><b>Twitter<\/b><\/a><strong>,\u00a0<\/strong><a href=\"https:\/\/www.facebook.com\/senoticias1\" target=\"_blank\" rel=\"noopener\"><b>Facebook\u00a0<\/b><\/a><strong>e no\u00a0<\/strong><a href=\"https:\/\/www.instagram.com\/senoticias\/\" target=\"_blank\" rel=\"noopener\"><b>Instagram<\/b><\/a><\/p>\n<p>&nbsp;<\/p>\n<p><em>Reda\u00e7\u00e3o SE Not\u00edcias<\/em><\/p>\n","protected":false},"excerpt":{"rendered":"<p>Encerrando as festividades do S\u00e3o Jo\u00e3o de Itaporanga D&#8217;Ajuda, neste domingo, 24, acontece a tradicional Cavalgada, que sai do povoado Salvadorzinho \u00e0s 16h, em dire\u00e7\u00e3o a sede do munic\u00edpio. Puxando a cavalgada, o cantor Danielzinho, que \u00e9 sucesso entre o p\u00fablico, conduzir\u00e1 os cavaleiros e amazonas at\u00e9 a Pra\u00e7a de Eventos. J\u00e1 a noite, na [&hellip;]<\/p>\n","protected":false},"author":6552,"featured_media":118991,"comment_status":"closed","ping_status":"closed","sticky":false,"template":"","format":"standard","meta":{"footnotes":""},"categories":[15,21],"tags":[4196,12423,12424,4248,12422],"class_list":{"0":"post-118990","1":"post","2":"type-post","3":"status-publish","4":"format-standard","5":"has-post-thumbnail","7":"category-destaques","8":"category-entretenimento","9":"tag-cavaleiros-do-forro","10":"tag-dede-brasil","11":"tag-jeane-lynss","12":"tag-sao-joao-de-itaporanga","13":"tag-xande-e-nanda"},"_links":{"self":[{"href":"https:\/\/senoticias.com.br\/se\/wp-json\/wp\/v2\/posts\/118990"}],"collection":[{"href":"https:\/\/senoticias.com.br\/se\/wp-json\/wp\/v2\/posts"}],"about":[{"href":"https:\/\/senoticias.com.br\/se\/wp-json\/wp\/v2\/types\/post"}],"author":[{"embeddable":true,"href":"https:\/\/senoticias.com.br\/se\/wp-json\/wp\/v2\/users\/6552"}],"replies":[{"embeddable":true,"href":"https:\/\/senoticias.com.br\/se\/wp-json\/wp\/v2\/comments?post=118990"}],"version-history":[{"count":0,"href":"https:\/\/senoticias.com.br\/se\/wp-json\/wp\/v2\/posts\/118990\/revisions"}],"wp:featuredmedia":[{"embeddable":true,"href":"https:\/\/senoticias.com.br\/se\/wp-json\/wp\/v2\/media\/118991"}],"wp:attachment":[{"href":"https:\/\/senoticias.com.br\/se\/wp-json\/wp\/v2\/media?parent=118990"}],"wp:term":[{"taxonomy":"category","embeddable":true,"href":"https:\/\/senoticias.com.br\/se\/wp-json\/wp\/v2\/categories?post=118990"},{"taxonomy":"post_tag","embeddable":true,"href":"https:\/\/senoticias.com.br\/se\/wp-json\/wp\/v2\/tags?post=118990"}],"curies":[{"name":"wp","href":"https:\/\/api.w.org\/{rel}","templated":true}]}}