{"id":118984,"date":"2019-06-24T10:15:47","date_gmt":"2019-06-24T13:15:47","guid":{"rendered":"https:\/\/senoticias.com.br\/se\/?p=118984"},"modified":"2019-06-24T12:07:33","modified_gmt":"2019-06-24T15:07:33","slug":"parada-do-orgulho-lgbt-acontece-neste-domingo-em-sp-com-19-trios-e-shows-de-mel-c-iza-karol-conka-e-gloria-groove","status":"publish","type":"post","link":"https:\/\/senoticias.com.br\/se\/parada-do-orgulho-lgbt-acontece-neste-domingo-em-sp-com-19-trios-e-shows-de-mel-c-iza-karol-conka-e-gloria-groove\/","title":{"rendered":"Parada LGBT reuniu 3 milh\u00f5es na Paulista, segundo organiza\u00e7\u00e3o"},"content":{"rendered":"<p style=\"text-align: justify;\">A 23\u00aa Parada do Orgulho LGBT de S\u00e3o Paulo, considerada a maior do mundo, reuniu 3 milh\u00f5es de pessoas neste domingo (23) na Avenida Paulista, segundo os organizadores. Ao todo, 19 trios el\u00e9tricos desfilaram por cerca de sete horas de apresenta\u00e7\u00f5es.<\/p>\n<p style=\"text-align: justify;\">O p\u00fablico se animou com a atra\u00e7\u00e3o internacional Mel C, ex-integrante das Spice Girls. A \u201cSporty Spice\u201d cantou m\u00fasicas da carreira solo e tamb\u00e9m sucessos dos anos 90 do grupo como \u201cWannabe\u201d, \u201cSay you be there\u201d e \u201cTwo become one\u201d.<\/p>\n<div id=\"attachment_118995\" style=\"width: 609px\" class=\"wp-caption alignnone\"><a href=\"https:\/\/senoticias.com.br\/se\/wp-content\/uploads\/2019\/06\/Parada-GLBT-SE-Noticias.jpg\"><img loading=\"lazy\" decoding=\"async\" aria-describedby=\"caption-attachment-118995\" class=\"size-full wp-image-118995\" src=\"https:\/\/senoticias.com.br\/se\/wp-content\/uploads\/2019\/06\/Parada-GLBT-SE-Noticias-e1561388797262.jpg\" alt=\"\" width=\"599\" height=\"399\" \/><\/a><p id=\"caption-attachment-118995\" class=\"wp-caption-text\">Ricardo e Leandro com os tr\u00eas filhos na 23\u00aa Parada LGBT em S\u00e3o Paulo (foto: Celso Tavares\/G1)<\/p><\/div>\n<p style=\"text-align: justify;\">Tamb\u00e9m se apresentaram diversos artistas nacionais como Iza, Karol Conk\u00e1, Gloria Groove, Aretuza Love, Luisa Sonza, Mateus Carrilho e outros. Entre um show e outro, as pessoas dan\u00e7avam embaladas por pop, funk e eletr\u00f4nico que vinham das caixas de som dos trios.<\/p>\n<p style=\"text-align: justify;\">O tema deste ano da parada foi os \u201c50 anos de Stonewall\u201d, um conflito que aconteceu em 1969 em um bar nos Estados Unidos e foi um marco para o ativismo da comunidade LGBT. O ator Tammy Miranda, que \u00e9 trans, afirmou que gostaria que o evento fosse visto mais como forma de resist\u00eancia e representatividade que como uma festa.<\/p>\n<p style=\"text-align: justify;\">\u201cEu gostaria que a parada fosse mais uma parada mesmo, com representantes dos \u00f3rg\u00e3os p\u00fablicos, da pol\u00edcia, do povo, n\u00e3o s\u00f3 uma festa. As pessoas ainda n\u00e3o sabem o que \u00e9 trans. \u00c9 um passinho de cada vez e a gente ainda est\u00e1 bem para tr\u00e1s&#8221;, disse.<\/p>\n<p style=\"text-align: justify;\">Durante a abertura, discursaram pol\u00edticos como os deputados federais David Miranda (PSOL-RJ) e S\u00e2mia Bonfim (PSOL-SP) e a ex-senadora Marta Suplicy (sem partido). Foram feitas cr\u00edticas ao governo de Jair Bolsonaro (PSL) e o p\u00fablico entoou coros contra o presidente. O p\u00fablico tamb\u00e9m levou cartazes de protesto contra a homofobia e mortes de LGBT.<\/p>\n<p>A criminaliza\u00e7\u00e3o da homofobia, recentemente aprovada pelo STF, tamb\u00e9m foi elogiada como um passo importante pela presidente da Associa\u00e7\u00e3o da Parada LGBT, Claudia Regina.<\/p>\n<p><strong>Amor e respeito<\/strong><\/p>\n<p style=\"text-align: justify;\">O \u201cesquenta\u201d da Parada foi marcado por um casamento coletivo que aconteceu no in\u00edcio da manh\u00e3 em um cart\u00f3rio itinerante na Avenida Paulista. Depois, os quatro casais participaram da abertura em cima de um trio el\u00e9trico, onde a a drag queen Tchaka exaltou a import\u00e2ncia de respeitar os casais homoafetivos.<\/p>\n<p style=\"text-align: justify;\">Muitas fam\u00edlias e crian\u00e7as tamb\u00e9m compareceram ao evento. Juliana Silva, de 34 anos, \u00e9 heterossexual e levou as filhas Rubia, de 6 anos, e Kiara, de 3 anos para o que chamou de \u201cfesta de cultura\u201d. &#8220;\u00c9 importante mostrar desde cedo que o amor \u00e9 normal. Depois quando as duas forem adultas, elas poder\u00e3o seguir o caminho que quiserem&#8221;, afirmou.<\/p>\n<p style=\"text-align: justify;\">Ricardo Reis, de 31 anos e Leandro Vieira, de 34, vieram com os tr\u00eas filhos: Fernanda, de 13, Gabriel, de 7, e Lorenzo, que tem apenas tr\u00eas meses. &#8220;Estar aqui \u00e9 um marco importante para levantar a bandeira de que nossa fam\u00edlia existe&#8221;, diz Ricardo. Eles est\u00e3o juntos h\u00e1 14 anos e adotaram Fernanda e Gabriel h\u00e1 5. O pequeno Lorenzo participou pela primeira vez da festa.<\/p>\n<p><strong>Seguran\u00e7a<\/strong><\/p>\n<p style=\"text-align: justify;\">No meio da multid\u00e3o, houve relatos de furtos de celulares. Segundo a Secretaria de Seguran\u00e7a P\u00fablica (SSP), 18 pessoas foram presas por roubo e 14 celulares foram apreendidos.<\/p>\n<p style=\"text-align: justify;\">Ainda segundo a SSP, mais de 800 PMs e policiais civis da Delegacia de Crimes Raciais e Delitos de Intoler\u00e2ncia (Decradi), dos 3\u00ba, 4\u00ba e 78\u00ba Distritos Policiais e da Equipe de Interven\u00e7\u00e3o Estrat\u00e9gica, da 1\u00aa Seccional, atuaram no evento.<\/p>\n<p style=\"text-align: justify;\">Banheiros<\/p>\n<p style=\"text-align: justify;\">Participantes reclamaram que os banheiros n\u00e3o foram suficientes para atender tanta gente. Longas filas se formaram nos banheiros qu\u00edmicos e estabelecimentos comerciais da regi\u00e3o tamb\u00e9m foram utilizados como alternativa.<\/p>\n<p>&nbsp;<\/p>\n<p><a href=\"https:\/\/senoticias.com.br\/se\/wp-content\/uploads\/2019\/06\/Logomarca-fone-SE-4-2-1-1-1-1-1-1-1-2-3-4-1-1.jpg\"><img loading=\"lazy\" decoding=\"async\" class=\"alignnone size-full wp-image-118817\" src=\"https:\/\/senoticias.com.br\/se\/wp-content\/uploads\/2019\/06\/Logomarca-fone-SE-4-2-1-1-1-1-1-1-1-2-3-4-1-1.jpg\" alt=\"\" width=\"599\" height=\"78\" srcset=\"https:\/\/senoticias.com.br\/se\/wp-content\/uploads\/2019\/06\/Logomarca-fone-SE-4-2-1-1-1-1-1-1-1-2-3-4-1-1.jpg 599w, https:\/\/senoticias.com.br\/se\/wp-content\/uploads\/2019\/06\/Logomarca-fone-SE-4-2-1-1-1-1-1-1-1-2-3-4-1-1-300x39.jpg 300w\" sizes=\"(max-width: 599px) 100vw, 599px\" \/><\/a><\/p>\n<p>&nbsp;<\/p>\n<p><strong><em>Por G1 SP \u2014 S\u00e3o Paulo<\/em><\/strong><\/p>\n<p><b><i>Acompanhe o SE Not\u00edcias no\u00a0<\/i><\/b><a href=\"https:\/\/twitter.com\/Senoticias\" target=\"_blank\" rel=\"noopener\"><b>Twitter<\/b><\/a><strong>,\u00a0<\/strong><a href=\"https:\/\/www.facebook.com\/senoticias1\" target=\"_blank\" rel=\"noopener\"><b>Facebook\u00a0<\/b><\/a><strong>e no\u00a0<\/strong><a href=\"https:\/\/www.instagram.com\/senoticias\/\" target=\"_blank\" rel=\"noopener\"><b>Instagram<\/b><\/a><\/p>\n<p>&nbsp;<\/p>\n<p>&nbsp;<\/p>\n","protected":false},"excerpt":{"rendered":"<p>A 23\u00aa Parada do Orgulho LGBT de S\u00e3o Paulo, considerada a maior do mundo, reuniu 3 milh\u00f5es de pessoas neste domingo (23) na Avenida Paulista, segundo os organizadores. Ao todo, 19 trios el\u00e9tricos desfilaram por cerca de sete horas de apresenta\u00e7\u00f5es. O p\u00fablico se animou com a atra\u00e7\u00e3o internacional Mel C, ex-integrante das Spice Girls. [&hellip;]<\/p>\n","protected":false},"author":6552,"featured_media":118995,"comment_status":"closed","ping_status":"closed","sticky":false,"template":"","format":"standard","meta":{"footnotes":""},"categories":[15,2961],"tags":[12419,12418,3628,12417],"class_list":{"0":"post-118984","1":"post","2":"type-post","3":"status-publish","4":"format-standard","5":"has-post-thumbnail","7":"category-destaques","8":"category-nacional","9":"tag-50-anos-de-stonewall","10":"tag-drag-queen-tchaka","11":"tag-lgbt","12":"tag-parada-do-orgulho-lgbt"},"_links":{"self":[{"href":"https:\/\/senoticias.com.br\/se\/wp-json\/wp\/v2\/posts\/118984"}],"collection":[{"href":"https:\/\/senoticias.com.br\/se\/wp-json\/wp\/v2\/posts"}],"about":[{"href":"https:\/\/senoticias.com.br\/se\/wp-json\/wp\/v2\/types\/post"}],"author":[{"embeddable":true,"href":"https:\/\/senoticias.com.br\/se\/wp-json\/wp\/v2\/users\/6552"}],"replies":[{"embeddable":true,"href":"https:\/\/senoticias.com.br\/se\/wp-json\/wp\/v2\/comments?post=118984"}],"version-history":[{"count":0,"href":"https:\/\/senoticias.com.br\/se\/wp-json\/wp\/v2\/posts\/118984\/revisions"}],"wp:featuredmedia":[{"embeddable":true,"href":"https:\/\/senoticias.com.br\/se\/wp-json\/wp\/v2\/media\/118995"}],"wp:attachment":[{"href":"https:\/\/senoticias.com.br\/se\/wp-json\/wp\/v2\/media?parent=118984"}],"wp:term":[{"taxonomy":"category","embeddable":true,"href":"https:\/\/senoticias.com.br\/se\/wp-json\/wp\/v2\/categories?post=118984"},{"taxonomy":"post_tag","embeddable":true,"href":"https:\/\/senoticias.com.br\/se\/wp-json\/wp\/v2\/tags?post=118984"}],"curies":[{"name":"wp","href":"https:\/\/api.w.org\/{rel}","templated":true}]}}