{"id":118906,"date":"2019-06-18T15:31:47","date_gmt":"2019-06-18T18:31:47","guid":{"rendered":"https:\/\/senoticias.com.br\/se\/?p=118906"},"modified":"2019-06-18T15:35:51","modified_gmt":"2019-06-18T18:35:51","slug":"veja-o-que-funciona-no-feriado-de-corpus-christi","status":"publish","type":"post","link":"https:\/\/senoticias.com.br\/se\/veja-o-que-funciona-no-feriado-de-corpus-christi\/","title":{"rendered":"Veja o que funciona no feriado de Corpus Christi"},"content":{"rendered":"<p style=\"text-align: justify;\">O feriado nacional de Corpus Christi nesta quinta-feira, 20, provoca altera\u00e7\u00f5es no funcionamento de estabelecimentos e \u00f3rg\u00e3os p\u00fablicos. A principal d\u00favida da popula\u00e7\u00e3o \u00e9 com rela\u00e7\u00e3o ao expediente em shoppings e supermercados.<\/p>\n<div id=\"attachment_118907\" style=\"width: 560px\" class=\"wp-caption aligncenter\"><a href=\"https:\/\/senoticias.com.br\/se\/wp-content\/uploads\/2019\/06\/abreefecha_tamanhomenor_180419.jpg\"><img loading=\"lazy\" decoding=\"async\" aria-describedby=\"caption-attachment-118907\" class=\"size-full wp-image-118907\" src=\"https:\/\/senoticias.com.br\/se\/wp-content\/uploads\/2019\/06\/abreefecha_tamanhomenor_180419.jpg\" alt=\"\" width=\"550\" height=\"365\" srcset=\"https:\/\/senoticias.com.br\/se\/wp-content\/uploads\/2019\/06\/abreefecha_tamanhomenor_180419.jpg 550w, https:\/\/senoticias.com.br\/se\/wp-content\/uploads\/2019\/06\/abreefecha_tamanhomenor_180419-300x199.jpg 300w, https:\/\/senoticias.com.br\/se\/wp-content\/uploads\/2019\/06\/abreefecha_tamanhomenor_180419-90x60.jpg 90w, https:\/\/senoticias.com.br\/se\/wp-content\/uploads\/2019\/06\/abreefecha_tamanhomenor_180419-180x120.jpg 180w, https:\/\/senoticias.com.br\/se\/wp-content\/uploads\/2019\/06\/abreefecha_tamanhomenor_180419-95x64.jpg 95w\" sizes=\"(max-width: 550px) 100vw, 550px\" \/><\/a><p id=\"caption-attachment-118907\" class=\"wp-caption-text\">Feriado altera hor\u00e1rios de funcionamento de v\u00e1rios locais (Foto: arquivo Portal Infonet)<\/p><\/div>\n<p style=\"text-align: justify;\">Confira o funcionamento dos principais estabelecimentos da capital:<\/p>\n<p style=\"text-align: justify;\">Shopping Jardins<br \/>\nNa pr\u00f3xima quinta-feira, 20, as pra\u00e7as de alimenta\u00e7\u00e3o, restaurantes e opera\u00e7\u00f5es de lazer abrir\u00e3o das 12h \u00e0s 22h. Demais lojas estar\u00e3o fechadas. No domingo, 23, v\u00e9spera de S\u00e3o Jo\u00e3o, as pra\u00e7as de alimenta\u00e7\u00e3o e restaurantes funcionar\u00e3o das 11h \u00e0s 20h; demais lojas, das 14h \u00e0s 20h.<\/p>\n<p style=\"text-align: justify;\">No feriado e no domingo, 23, as atra\u00e7\u00f5es \u2018Expo\u00c1sia Brasil\u2019 e \u2018Copinha Jardins\u2019, instaladas na Pra\u00e7a de Eventos 1, e \u2018Arrai\u00e1 do Chico Bento\u2019, na Pra\u00e7a de Eventos 2, funcionar\u00e3o das 13h \u00e0s 21h. O hipermercado GBarbosa abrir\u00e1 das 7h \u00e0s 21h e o cinema obedecer\u00e1 \u00e0 programa\u00e7\u00e3o da rede Cinemark.<\/p>\n<p style=\"text-align: justify;\">Shopping RioMar<br \/>\nNo feriado de Corpus Christi, o hor\u00e1rio de funcionamento das atra\u00e7\u00f5es promovidas pelo RioMar Aracaju tamb\u00e9m ser\u00e1 alterado. Na quinta-feira, o parque \u2018Selva M\u00e1gica\u2019, instalado na Pra\u00e7a de Eventos Rio, e o Parque da M\u00f4nica \u2018Super For\u00e7a HQ\u2019, instalado na Pra\u00e7a de Eventos Mar, ir\u00e3o funcionar das 12h \u00e0s 22h.<\/p>\n<p style=\"text-align: justify;\">No Rancho de S\u00e3o Jo\u00e3o, o funcionamento ser\u00e1 das 17h \u00e0s 22h, com a final do concurso Arrasta P\u00e9 de Quadrilhas Juninas, exposi\u00e7\u00e3o artesanal e Feira Gastron\u00f4mica. O hipermercado GBarbosa, abrir\u00e1 das 8h \u00e0s 21h. O Cinemark abrir\u00e1 a bilheteria \u00e0s 11h30 e ter\u00e1 a primeira sess\u00e3o \u00e0s 12h. Os restaurantes Ferreiro Grill, Camarada Camar\u00e3o e Madero, abrir\u00e3o \u00e0s 12h e encerrar\u00e3o o funcionamento de acordo com os hor\u00e1rios estabelecidos pelas respectivas redes.<\/p>\n<p style=\"text-align: justify;\">Shopping Pr\u00eamio<br \/>\nNa quinta-feira, 20, todas as lojas funcionar\u00e3o normalmente, das 10h \u00e0s 22h.<\/p>\n<p style=\"text-align: justify;\">Supermercados<br \/>\nA Associa\u00e7\u00e3o Sergipana de Supermercados (ASES) informa que os supermercados da capital funcionar\u00e3o de acordo com seus propriet\u00e1rios.<\/p>\n<p style=\"text-align: justify;\">Centro Comercial<br \/>\nTodas as lojas do centro comercial estar\u00e3o fechadas, voltando a funcionar normalmente na sexta-feira, 21.<\/p>\n<p style=\"text-align: justify;\">Feiras e mercados<br \/>\nO funcionamento das feiras de quinta-feira, nos bairros Santos Dumont e Jabotiana, n\u00e3o sofrer\u00e1 altera\u00e7\u00e3o.<\/p>\n<p style=\"text-align: justify;\">Museu<br \/>\nO Museu da Gente Sergipana n\u00e3o funcionar\u00e1 na quinta-feira, 20, com retorno das atividades na sexta-feira, das 10h \u00e0s 16h.<\/p>\n<p style=\"text-align: justify;\">Correios<br \/>\nNo feriado de Corpus Christi, as unidades dos Correios em todo o pa\u00eds estar\u00e3o fechadas. J\u00e1 na sexta-feira, 21, as ag\u00eancias pr\u00f3prias e franqueadas funcionar\u00e3o normalmente, assim como a distribui\u00e7\u00e3o de correspond\u00eancias e encomendas.<\/p>\n<p style=\"text-align: justify;\">Ag\u00eancias banc\u00e1rias<br \/>\nNa quinta-feira, 20, as ag\u00eancias estar\u00e3o fechadas. J\u00e1 na sexta-feira, 21, o funcionamento das ag\u00eancias ocorre normalmente.<\/p>\n<p style=\"text-align: justify;\">Hospitais e unidades de sa\u00fade<br \/>\nOs hospitais municipais de Urg\u00eancia e Emerg\u00eancia Fernando Franco, localizado no conjunto Augusto Franco, zona Sul, e Nestor Piva, que fica na avenida Maranh\u00e3o, zona Norte, funcionam normalmente. O Hospital de Urg\u00eancias de Sergipe (HUSE) e os demais hospitais regionais tamb\u00e9m funcionam normalmente.<\/p>\n<p style=\"text-align: justify;\">Parque da Sementeira<br \/>\nO Parque Augusto Franco (Sementeira) abrir\u00e1 em hor\u00e1rio normal, das 5h \u00e0s 21h45.<\/p>\n<p style=\"text-align: justify;\">Infonet<br \/>\nOs setores administrativo, comercial e de jornalismo n\u00e3o ir\u00e3o funcionar na quinta-feira, 20. O suporte t\u00e9cnico funciona em regime de plant\u00e3o 24h. Na sexta-feira, 21, e s\u00e1bado, 22, todos os setores da empresa funcionam normalmente.<\/p>\n<p>&nbsp;<\/p>\n<p><a href=\"https:\/\/senoticias.com.br\/se\/wp-content\/uploads\/2019\/06\/Logomarca-fone-SE-4-2-1-1-1-1-1-1-1-2-3-4-1.jpg\"><img loading=\"lazy\" decoding=\"async\" class=\"aligncenter size-full wp-image-118816\" src=\"https:\/\/senoticias.com.br\/se\/wp-content\/uploads\/2019\/06\/Logomarca-fone-SE-4-2-1-1-1-1-1-1-1-2-3-4-1.jpg\" alt=\"\" width=\"599\" height=\"78\" srcset=\"https:\/\/senoticias.com.br\/se\/wp-content\/uploads\/2019\/06\/Logomarca-fone-SE-4-2-1-1-1-1-1-1-1-2-3-4-1.jpg 599w, https:\/\/senoticias.com.br\/se\/wp-content\/uploads\/2019\/06\/Logomarca-fone-SE-4-2-1-1-1-1-1-1-1-2-3-4-1-300x39.jpg 300w\" sizes=\"(max-width: 599px) 100vw, 599px\" \/><\/a><\/p>\n<p>&nbsp;<\/p>\n<p><b><i>Acompanhe o SE Not\u00edcias no\u00a0<\/i><\/b><a href=\"https:\/\/twitter.com\/Senoticias\" target=\"_blank\" rel=\"noopener\"><b>Twitter<\/b><\/a><strong>,\u00a0<\/strong><a href=\"https:\/\/www.facebook.com\/senoticias1\" target=\"_blank\" rel=\"noopener\"><b>Facebook\u00a0<\/b><\/a><strong>e no\u00a0<\/strong><a href=\"https:\/\/www.instagram.com\/senoticias\/\" target=\"_blank\" rel=\"noopener\"><b>Instagram<\/b><\/a><\/p>\n<p>&nbsp;<\/p>\n<p>Por Portal Infonet<\/p>\n","protected":false},"excerpt":{"rendered":"<p>O feriado nacional de Corpus Christi nesta quinta-feira, 20, provoca altera\u00e7\u00f5es no funcionamento de estabelecimentos e \u00f3rg\u00e3os p\u00fablicos. A principal d\u00favida da popula\u00e7\u00e3o \u00e9 com rela\u00e7\u00e3o ao expediente em shoppings e supermercados. Confira o funcionamento dos principais estabelecimentos da capital: Shopping Jardins Na pr\u00f3xima quinta-feira, 20, as pra\u00e7as de alimenta\u00e7\u00e3o, restaurantes e opera\u00e7\u00f5es de lazer [&hellip;]<\/p>\n","protected":false},"author":6557,"featured_media":0,"comment_status":"closed","ping_status":"closed","sticky":false,"template":"","format":"standard","meta":{"footnotes":""},"categories":[15],"tags":[12385],"class_list":{"0":"post-118906","1":"post","2":"type-post","3":"status-publish","4":"format-standard","6":"category-destaques","7":"tag-feriado-corpus-christi"},"_links":{"self":[{"href":"https:\/\/senoticias.com.br\/se\/wp-json\/wp\/v2\/posts\/118906"}],"collection":[{"href":"https:\/\/senoticias.com.br\/se\/wp-json\/wp\/v2\/posts"}],"about":[{"href":"https:\/\/senoticias.com.br\/se\/wp-json\/wp\/v2\/types\/post"}],"author":[{"embeddable":true,"href":"https:\/\/senoticias.com.br\/se\/wp-json\/wp\/v2\/users\/6557"}],"replies":[{"embeddable":true,"href":"https:\/\/senoticias.com.br\/se\/wp-json\/wp\/v2\/comments?post=118906"}],"version-history":[{"count":0,"href":"https:\/\/senoticias.com.br\/se\/wp-json\/wp\/v2\/posts\/118906\/revisions"}],"wp:attachment":[{"href":"https:\/\/senoticias.com.br\/se\/wp-json\/wp\/v2\/media?parent=118906"}],"wp:term":[{"taxonomy":"category","embeddable":true,"href":"https:\/\/senoticias.com.br\/se\/wp-json\/wp\/v2\/categories?post=118906"},{"taxonomy":"post_tag","embeddable":true,"href":"https:\/\/senoticias.com.br\/se\/wp-json\/wp\/v2\/tags?post=118906"}],"curies":[{"name":"wp","href":"https:\/\/api.w.org\/{rel}","templated":true}]}}