{"id":118903,"date":"2019-06-18T13:50:52","date_gmt":"2019-06-18T16:50:52","guid":{"rendered":"https:\/\/senoticias.com.br\/se\/?p=118903"},"modified":"2019-06-18T13:51:46","modified_gmt":"2019-06-18T16:51:46","slug":"acidente-entre-veiculo-de-carga-e-carro-de-passeio-deixa-uma-pessoa-morta-e-quatro-feridas-na-br-235","status":"publish","type":"post","link":"https:\/\/senoticias.com.br\/se\/acidente-entre-veiculo-de-carga-e-carro-de-passeio-deixa-uma-pessoa-morta-e-quatro-feridas-na-br-235\/","title":{"rendered":"Acidente entre ve\u00edculo de carga e carro de passeio deixa uma pessoa morta e quatro feridas na BR-235"},"content":{"rendered":"<p style=\"text-align: justify;\">Uma colis\u00e3o entre um ve\u00edculo de carga e um carro de passeio modelo Siena foi registrada pela Pol\u00edcia Rodovi\u00e1ria Federal (PRF) no in\u00edcio da manh\u00e3 desta ter\u00e7a-feira, 18, no km 43 da BR-235, pr\u00f3ximo ao povoado Gandu, munic\u00edpio de Itabaiana. Cinco pessoas se feriram e uma delas veio a \u00f3bito ainda no local.<\/p>\n<div id=\"attachment_118904\" style=\"width: 609px\" class=\"wp-caption aligncenter\"><a href=\"https:\/\/senoticias.com.br\/se\/wp-content\/uploads\/2019\/06\/acidente-itabaiana-18062019-e1560876322518.jpg\"><img loading=\"lazy\" decoding=\"async\" aria-describedby=\"caption-attachment-118904\" class=\"size-full wp-image-118904\" src=\"https:\/\/senoticias.com.br\/se\/wp-content\/uploads\/2019\/06\/acidente-itabaiana-18062019-e1560876322518.jpg\" alt=\"\" width=\"599\" height=\"503\" \/><\/a><p id=\"caption-attachment-118904\" class=\"wp-caption-text\">Foram contabilizados quatro feridos e um morto (foto: redes sociais)<\/p><\/div>\n<p style=\"text-align: justify;\">Conforme a PRF, as v\u00edtimas lesionadas estavam todas no carro Siena, de modo que o condutor do segundo ve\u00edculo envolvido n\u00e3o sofreu les\u00f5es. O Servi\u00e7o de Atendimento M\u00f3vel de Urg\u00eancia (Samu) j\u00e1 esteve no local e efetuou os primeiros procedimentos de socorro junto aos envolvidos.<\/p>\n<p style=\"text-align: justify;\">Informa\u00e7\u00f5es preliminares apontam que o ve\u00edculo de carga possui placa registrada no munic\u00edpio de Areia Branca e o carro de passeio em Carira.<\/p>\n<p style=\"text-align: justify;\">Uma guarni\u00e7\u00e3o da PRF permanece no local dando suporte \u00e0s v\u00edtimas e organizando o tr\u00e2nsito na localidade enquanto aguarda tamb\u00e9m a chegada do rabec\u00e3o do Instituto M\u00e9dico Legal (IML), que foi acionado \u00e0s 7h e est\u00e1 em deslocamento para a regi\u00e3o.<\/p>\n<p>&nbsp;<\/p>\n<p style=\"text-align: justify;\"><a href=\"https:\/\/senoticias.com.br\/se\/wp-content\/uploads\/2019\/06\/Logomarca-fone-SE-4-2-1-1-1-1-1-1-1-2-3-4-1-1.jpg\"><img loading=\"lazy\" decoding=\"async\" class=\"aligncenter size-full wp-image-118817\" src=\"https:\/\/senoticias.com.br\/se\/wp-content\/uploads\/2019\/06\/Logomarca-fone-SE-4-2-1-1-1-1-1-1-1-2-3-4-1-1.jpg\" alt=\"\" width=\"599\" height=\"78\" srcset=\"https:\/\/senoticias.com.br\/se\/wp-content\/uploads\/2019\/06\/Logomarca-fone-SE-4-2-1-1-1-1-1-1-1-2-3-4-1-1.jpg 599w, https:\/\/senoticias.com.br\/se\/wp-content\/uploads\/2019\/06\/Logomarca-fone-SE-4-2-1-1-1-1-1-1-1-2-3-4-1-1-300x39.jpg 300w\" sizes=\"(max-width: 599px) 100vw, 599px\" \/><\/a><\/p>\n<p>&nbsp;<\/p>\n<p>&nbsp;<\/p>\n<p style=\"text-align: justify;\"><b><i>Acompanhe o SE Not\u00edcias no\u00a0<\/i><\/b><a href=\"https:\/\/twitter.com\/Senoticias\" target=\"_blank\" rel=\"noopener\"><b>Twitter<\/b><\/a><strong>,\u00a0<\/strong><a href=\"https:\/\/www.facebook.com\/senoticias1\" target=\"_blank\" rel=\"noopener\"><b>Facebook\u00a0<\/b><\/a><strong>e no\u00a0<\/strong><a href=\"https:\/\/www.instagram.com\/senoticias\/\" target=\"_blank\" rel=\"noopener\"><b>Instagram<\/b><\/a><\/p>\n<p>&nbsp;<\/p>\n<p style=\"text-align: justify;\"><em>por Daniel Rezende, do portal Infonet<\/em><\/p>\n","protected":false},"excerpt":{"rendered":"<p>Uma colis\u00e3o entre um ve\u00edculo de carga e um carro de passeio modelo Siena foi registrada pela Pol\u00edcia Rodovi\u00e1ria Federal (PRF) no in\u00edcio da manh\u00e3 desta ter\u00e7a-feira, 18, no km 43 da BR-235, pr\u00f3ximo ao povoado Gandu, munic\u00edpio de Itabaiana. Cinco pessoas se feriram e uma delas veio a \u00f3bito ainda no local. Conforme a [&hellip;]<\/p>\n","protected":false},"author":6552,"featured_media":118904,"comment_status":"closed","ping_status":"closed","sticky":false,"template":"","format":"standard","meta":{"footnotes":""},"categories":[15,7],"tags":[3304,4155,11226],"class_list":{"0":"post-118903","1":"post","2":"type-post","3":"status-publish","4":"format-standard","5":"has-post-thumbnail","7":"category-destaques","8":"category-policia","9":"tag-acidente-na-br-235","10":"tag-policia-rodoviaria-federal","11":"tag-violencia-no-transito"},"_links":{"self":[{"href":"https:\/\/senoticias.com.br\/se\/wp-json\/wp\/v2\/posts\/118903"}],"collection":[{"href":"https:\/\/senoticias.com.br\/se\/wp-json\/wp\/v2\/posts"}],"about":[{"href":"https:\/\/senoticias.com.br\/se\/wp-json\/wp\/v2\/types\/post"}],"author":[{"embeddable":true,"href":"https:\/\/senoticias.com.br\/se\/wp-json\/wp\/v2\/users\/6552"}],"replies":[{"embeddable":true,"href":"https:\/\/senoticias.com.br\/se\/wp-json\/wp\/v2\/comments?post=118903"}],"version-history":[{"count":0,"href":"https:\/\/senoticias.com.br\/se\/wp-json\/wp\/v2\/posts\/118903\/revisions"}],"wp:featuredmedia":[{"embeddable":true,"href":"https:\/\/senoticias.com.br\/se\/wp-json\/wp\/v2\/media\/118904"}],"wp:attachment":[{"href":"https:\/\/senoticias.com.br\/se\/wp-json\/wp\/v2\/media?parent=118903"}],"wp:term":[{"taxonomy":"category","embeddable":true,"href":"https:\/\/senoticias.com.br\/se\/wp-json\/wp\/v2\/categories?post=118903"},{"taxonomy":"post_tag","embeddable":true,"href":"https:\/\/senoticias.com.br\/se\/wp-json\/wp\/v2\/tags?post=118903"}],"curies":[{"name":"wp","href":"https:\/\/api.w.org\/{rel}","templated":true}]}}