{"id":118892,"date":"2019-06-17T19:29:30","date_gmt":"2019-06-17T22:29:30","guid":{"rendered":"https:\/\/senoticias.com.br\/se\/?p=118892"},"modified":"2019-06-17T19:31:06","modified_gmt":"2019-06-17T22:31:06","slug":"sao-cristovao-e-o-primeiro-municipio-em-sergipe-a-ampliar-horario-de-postos-de-saude","status":"publish","type":"post","link":"https:\/\/senoticias.com.br\/se\/sao-cristovao-e-o-primeiro-municipio-em-sergipe-a-ampliar-horario-de-postos-de-saude\/","title":{"rendered":"S\u00e3o Crist\u00f3v\u00e3o \u00e9 o primeiro munic\u00edpio em Sergipe a ampliar hor\u00e1rio de Unidades de Sa\u00fade"},"content":{"rendered":"<p style=\"text-align: justify;\">O munic\u00edpio de S\u00e3o Crist\u00f3v\u00e3o, na Grande Aracaju \u00e9 o primeiro em Sergipe a aderir ao programa Sa\u00fade na Hora, iniciativa que ampliar o hor\u00e1rio de atendimento \u00e0 popula\u00e7\u00e3o nas Unidades de Sa\u00fade da Fam\u00edlia.<\/p>\n<div id=\"attachment_118893\" style=\"width: 609px\" class=\"wp-caption aligncenter\"><a href=\"https:\/\/senoticias.com.br\/se\/wp-content\/uploads\/2019\/06\/Maria-Jose-Figueiroa-SE-Noticias-e1560810444304.jpg\"><img loading=\"lazy\" decoding=\"async\" aria-describedby=\"caption-attachment-118893\" class=\"size-full wp-image-118893\" src=\"https:\/\/senoticias.com.br\/se\/wp-content\/uploads\/2019\/06\/Maria-Jose-Figueiroa-SE-Noticias-e1560810444304.jpg\" alt=\"\" width=\"599\" height=\"449\" \/><\/a><p id=\"caption-attachment-118893\" class=\"wp-caption-text\"><br \/>Prefeitura de S\u00e3o Crist\u00f3v\u00e3o amplia hor\u00e1rio de atendimento nas unidades de sa\u00fade (foto: arquivo\/PMSC)<\/p><\/div>\n<p style=\"text-align: justify;\">O Programa <strong>Sa\u00fade na Hora<\/strong>, lan\u00e7ado em maio, pelo Minist\u00e9rio da Sa\u00fade, amplia os recursos mensais a munic\u00edpios que estenderem o hor\u00e1rio de funcionamento das unidades de sa\u00fade para o per\u00edodo da noite, al\u00e9m de permanecerem de portas abertas durante o hor\u00e1rio de almo\u00e7o e, opcionalmente, aos fins de semana.<\/p>\n<p style=\"text-align: justify;\">\u201cEstamos preparados para estender o atendimento e teremos tr\u00eas unidades inseridas no programa, que s\u00e3o Jairo Teixeira (sede do munic\u00edpio), Massoud Jalali (Rosa Elze) e Maria Jos\u00e9 Figueiroa (Conjunto Eduardo Gomes). S\u00e3o unidades localizadas em comunidades populosas e com fluxo alto de atendimento. \u00c9 um projeto muito importante porque ter\u00e1 um incremento financeiro e impacto nas equipes de Sa\u00fade de Fam\u00edlia&#8221;<span style=\"display: inline !important; float: none; background-color: transparent; color: #333333; cursor: text; font-family: Georgia,'Times New Roman','Bitstream Charter',Times,serif; font-size: 16px; font-style: normal; font-variant: normal; font-weight: 400; letter-spacing: normal; orphans: 2; text-align: left; text-decoration: none; text-indent: 0px; text-transform: none; -webkit-text-stroke-width: 0px; white-space: normal; word-spacing: 0px;\">, explica o prefeito de S\u00e3o Crist\u00f3v\u00e3o, Marcos Santana<\/span>.<\/p>\n<p><strong>Sobre o programa<\/strong><\/p>\n<p style=\"text-align: justify;\">A iniciativa visa ampliar o acesso da popula\u00e7\u00e3o aos servi\u00e7os da Aten\u00e7\u00e3o Prim\u00e1ria, como consultas m\u00e9dicas e odontol\u00f3gicas, coleta de exames laboratoriais, aplica\u00e7\u00e3o de vacinas e pr\u00e9-natal.<\/p>\n<p style=\"text-align: justify;\">Para incentivar a amplia\u00e7\u00e3o no hor\u00e1rio de funcionamento, os repasses mensais do Minist\u00e9rio da Sa\u00fade podem dobrar de valor, dependendo da disponibilidade de equipes de Sa\u00fade da Fam\u00edlia e Sa\u00fade Bucal, al\u00e9m da carga hor\u00e1ria de atendimento das unidades, que pode variar entre 60h e 75h semanais.<\/p>\n<p>&nbsp;<\/p>\n<p><a href=\"https:\/\/senoticias.com.br\/se\/wp-content\/uploads\/2019\/06\/Logomarca-fone-SE-4-2-1-1-1-1-1-1-1-2-3-4-1-1.jpg\"><img loading=\"lazy\" decoding=\"async\" class=\"aligncenter size-full wp-image-118817\" src=\"https:\/\/senoticias.com.br\/se\/wp-content\/uploads\/2019\/06\/Logomarca-fone-SE-4-2-1-1-1-1-1-1-1-2-3-4-1-1.jpg\" alt=\"\" width=\"599\" height=\"78\" srcset=\"https:\/\/senoticias.com.br\/se\/wp-content\/uploads\/2019\/06\/Logomarca-fone-SE-4-2-1-1-1-1-1-1-1-2-3-4-1-1.jpg 599w, https:\/\/senoticias.com.br\/se\/wp-content\/uploads\/2019\/06\/Logomarca-fone-SE-4-2-1-1-1-1-1-1-1-2-3-4-1-1-300x39.jpg 300w\" sizes=\"(max-width: 599px) 100vw, 599px\" \/><\/a><\/p>\n<p>&nbsp;<\/p>\n<p><b><i>Acompanhe o SE Not\u00edcias no\u00a0<\/i><\/b><a href=\"https:\/\/twitter.com\/Senoticias\" target=\"_blank\" rel=\"noopener\"><b>Twitter<\/b><\/a><strong>,\u00a0<\/strong><a href=\"https:\/\/www.facebook.com\/senoticias1\" target=\"_blank\" rel=\"noopener\"><b>Facebook\u00a0<\/b><\/a><strong>e no\u00a0<\/strong><a href=\"https:\/\/www.instagram.com\/senoticias\/\" target=\"_blank\" rel=\"noopener\"><b>Instagram<\/b><\/a><\/p>\n<p><em>Com informa\u00e7\u00f5es do Minist\u00e9rio da Sa\u00fade<\/em><\/p>\n<p>&nbsp;<\/p>\n","protected":false},"excerpt":{"rendered":"<p>O munic\u00edpio de S\u00e3o Crist\u00f3v\u00e3o, na Grande Aracaju \u00e9 o primeiro em Sergipe a aderir ao programa Sa\u00fade na Hora, iniciativa que ampliar o hor\u00e1rio de atendimento \u00e0 popula\u00e7\u00e3o nas Unidades de Sa\u00fade da Fam\u00edlia. O Programa Sa\u00fade na Hora, lan\u00e7ado em maio, pelo Minist\u00e9rio da Sa\u00fade, amplia os recursos mensais a munic\u00edpios que estenderem [&hellip;]<\/p>\n","protected":false},"author":6552,"featured_media":0,"comment_status":"closed","ping_status":"closed","sticky":false,"template":"","format":"standard","meta":{"footnotes":""},"categories":[38,6],"tags":[6160,12253,12382,1498,12381,12380,544,12379],"class_list":{"0":"post-118892","1":"post","2":"type-post","3":"status-publish","4":"format-standard","6":"category-municipios","7":"category-politica","8":"tag-conjunto-eduardo-gomes","9":"tag-fernanda-santana","10":"tag-jairo-teixeira","11":"tag-marcos-santana","12":"tag-maria-jose-figueiroa","13":"tag-massoud-jalali","14":"tag-ministerio-da-saude","15":"tag-programa-saude-na-hora"},"_links":{"self":[{"href":"https:\/\/senoticias.com.br\/se\/wp-json\/wp\/v2\/posts\/118892"}],"collection":[{"href":"https:\/\/senoticias.com.br\/se\/wp-json\/wp\/v2\/posts"}],"about":[{"href":"https:\/\/senoticias.com.br\/se\/wp-json\/wp\/v2\/types\/post"}],"author":[{"embeddable":true,"href":"https:\/\/senoticias.com.br\/se\/wp-json\/wp\/v2\/users\/6552"}],"replies":[{"embeddable":true,"href":"https:\/\/senoticias.com.br\/se\/wp-json\/wp\/v2\/comments?post=118892"}],"version-history":[{"count":0,"href":"https:\/\/senoticias.com.br\/se\/wp-json\/wp\/v2\/posts\/118892\/revisions"}],"wp:attachment":[{"href":"https:\/\/senoticias.com.br\/se\/wp-json\/wp\/v2\/media?parent=118892"}],"wp:term":[{"taxonomy":"category","embeddable":true,"href":"https:\/\/senoticias.com.br\/se\/wp-json\/wp\/v2\/categories?post=118892"},{"taxonomy":"post_tag","embeddable":true,"href":"https:\/\/senoticias.com.br\/se\/wp-json\/wp\/v2\/tags?post=118892"}],"curies":[{"name":"wp","href":"https:\/\/api.w.org\/{rel}","templated":true}]}}