{"id":118890,"date":"2019-06-17T18:46:42","date_gmt":"2019-06-17T21:46:42","guid":{"rendered":"https:\/\/senoticias.com.br\/se\/?p=118890"},"modified":"2019-06-17T18:53:31","modified_gmt":"2019-06-17T21:53:31","slug":"justica-determina-a-prisao-de-ex-deputados-augusto-bezerra-e-paulinho-da-varzinhas","status":"publish","type":"post","link":"https:\/\/senoticias.com.br\/se\/justica-determina-a-prisao-de-ex-deputados-augusto-bezerra-e-paulinho-da-varzinhas\/","title":{"rendered":"Justi\u00e7a determina a pris\u00e3o de ex-deputados Augusto Bezerra e Paulinho da Varzinhas"},"content":{"rendered":"<p style=\"text-align: justify;\">O desembargador Roberto Eugenio da Fonseca Porto determinou nesta segunda-feira (17) a pris\u00e3o do ex-deputados estaduais Augusto Bezerra e Paulo Hagenbeck Filho, o Paulinho da Varzinhas, condenados a mais de 12 anos de pris\u00e3o em regime fechado, em virtude de envolvimento no desvio de verbas de subven\u00e7\u00f5es destinadas pela Assembleia Legislativa de Sergipe. O cumprimento da condena\u00e7\u00e3o estava suspenso em fun\u00e7\u00e3o de um habeas corpus.<\/p>\n<div id=\"attachment_96530\" style=\"width: 605px\" class=\"wp-caption aligncenter\"><a href=\"https:\/\/senoticias.com.br\/se\/wp-content\/uploads\/2016\/09\/Augusto-Bezerra-e-Paulinho-das-Varzinhas-SE-Noticias.jpg\"><img loading=\"lazy\" decoding=\"async\" aria-describedby=\"caption-attachment-96530\" class=\"size-full wp-image-96530\" src=\"https:\/\/senoticias.com.br\/se\/wp-content\/uploads\/2016\/09\/Augusto-Bezerra-e-Paulinho-das-Varzinhas-SE-Noticias.jpg\" alt=\"\" width=\"595\" height=\"400\" srcset=\"https:\/\/senoticias.com.br\/se\/wp-content\/uploads\/2016\/09\/Augusto-Bezerra-e-Paulinho-das-Varzinhas-SE-Noticias.jpg 595w, https:\/\/senoticias.com.br\/se\/wp-content\/uploads\/2016\/09\/Augusto-Bezerra-e-Paulinho-das-Varzinhas-SE-Noticias-300x202.jpg 300w, https:\/\/senoticias.com.br\/se\/wp-content\/uploads\/2016\/09\/Augusto-Bezerra-e-Paulinho-das-Varzinhas-SE-Noticias-90x60.jpg 90w, https:\/\/senoticias.com.br\/se\/wp-content\/uploads\/2016\/09\/Augusto-Bezerra-e-Paulinho-das-Varzinhas-SE-Noticias-180x120.jpg 180w, https:\/\/senoticias.com.br\/se\/wp-content\/uploads\/2016\/09\/Augusto-Bezerra-e-Paulinho-das-Varzinhas-SE-Noticias-95x64.jpg 95w\" sizes=\"(max-width: 595px) 100vw, 595px\" \/><\/a><p id=\"caption-attachment-96530\" class=\"wp-caption-text\">Na tarde desta segunda-feira, 17, a Justi\u00e7a expediu o mandado de pris\u00e3o dos ex-deputados estaduais, Paulinho das Varzinhas e Augusto Bezerra (foto: arquivo\/Alese)<\/p><\/div>\n<p style=\"text-align: justify;\">Segundo a decis\u00e3o, o ex-deputado estadual Augusto Bezerra deve se apresentar espontaneamente ao Pres\u00eddio Militar (Presmil) at\u00e9 a pr\u00f3xima quarta-feira (19) \u00e0s 17h, onde dever\u00e1 cumprir a pena de pris\u00e3o em cela especial. J\u00e1 Paulinho da Varzinhas recebeu o benef\u00edcio de pris\u00e3o domiciliar em decorr\u00eancia de problemas de sa\u00fade, comprovados por atestados m\u00e9dicos. Ele deve comparecer espontaneamente, at\u00e9 \u00e0s 17h desta quarta-feira (19), \u00e0 Central de Monitoramento Eletr\u00f4nico de Presos (CEMEP), onde ser\u00e1 instalada a tornozeleira eletr\u00f4nica.<\/p>\n<p style=\"text-align: justify;\">A decis\u00e3o prev\u00ea que Paulinho da Varzinhas ficar\u00e1 em casa, em Aracaju, monitorado eletronicamente e permanecer\u00e1 nesta condi\u00e7\u00e3o, liberado apenas para comparecer ao ju\u00edzo e a postos de sa\u00fade ou hospitais da capital sergipana, at\u00e9 avalia\u00e7\u00e3o que ser\u00e1 feita pela junta m\u00e9dica do Tribunal de Justi\u00e7a.<\/p>\n<p style=\"text-align: justify;\">O juiz determinou tamb\u00e9m a inicia\u00e7\u00e3o do regime semiaberto\/pris\u00e3o domiciliar com a aplica\u00e7\u00e3o do sistema de monitoramento eletr\u00f4nico \u00e0s dirigentes da Associa\u00e7\u00e3o dos Amigos do Bairro Nova Veneza (Amanova), Ana Cristina Varela Linhares, Clarice Jovelina de Jesus e Alessandra Maria de Deus. Al\u00e9m do empres\u00e1rio, Nolet Feitosa. Eles foram denunciados e condenados em a\u00e7\u00e3o promovida pelo Minist\u00e9rio P\u00fablico por envolvimento no esquema de desvio de verbas de subven\u00e7\u00f5es. E devem se apresentar \u00e0 Justi\u00e7a at\u00e9 \u00e0s 17 horas desta quarta-feira (19).<br \/>\nO G1 n\u00e3o localizou as defesas dos envolvidos para falar sobre o assunto.<\/p>\n<p style=\"text-align: justify;\"><strong>Entenda o caso<\/strong><\/p>\n<p style=\"text-align: justify;\">As verbas de subven\u00e7\u00f5es eram recursos indicados pelos deputados para distribui\u00e7\u00e3o entre entidades e institui\u00e7\u00f5es filantr\u00f3picas, e segundo o Minist\u00e9rio P\u00fablico, o recurso n\u00e3o foi usado da forma correta. Essa situa\u00e7\u00e3o levou a Procuradoria Geral de Justi\u00e7a a ajuizar a\u00e7\u00f5es contra os deputados que, segundo a den\u00fancia, usaram o dinheiro para se beneficiar nas elei\u00e7\u00f5es.<\/p>\n<p>&nbsp;<\/p>\n<p><a href=\"https:\/\/senoticias.com.br\/se\/wp-content\/uploads\/2019\/06\/Logomarca-fone-SE-4-2-1-1-1-1-1-1-1-2-3-4-1-1.jpg\"><img loading=\"lazy\" decoding=\"async\" class=\"aligncenter size-full wp-image-118817\" src=\"https:\/\/senoticias.com.br\/se\/wp-content\/uploads\/2019\/06\/Logomarca-fone-SE-4-2-1-1-1-1-1-1-1-2-3-4-1-1.jpg\" alt=\"\" width=\"599\" height=\"78\" srcset=\"https:\/\/senoticias.com.br\/se\/wp-content\/uploads\/2019\/06\/Logomarca-fone-SE-4-2-1-1-1-1-1-1-1-2-3-4-1-1.jpg 599w, https:\/\/senoticias.com.br\/se\/wp-content\/uploads\/2019\/06\/Logomarca-fone-SE-4-2-1-1-1-1-1-1-1-2-3-4-1-1-300x39.jpg 300w\" sizes=\"(max-width: 599px) 100vw, 599px\" \/><\/a><\/p>\n<p>&nbsp;<\/p>\n<p><b><i>Acompanhe o SE Not\u00edcias no\u00a0<\/i><\/b><a href=\"https:\/\/twitter.com\/Senoticias\" target=\"_blank\" rel=\"noopener\"><b>Twitter<\/b><\/a><strong>,\u00a0<\/strong><a href=\"https:\/\/www.facebook.com\/senoticias1\" target=\"_blank\" rel=\"noopener\"><b>Facebook\u00a0<\/b><\/a><strong>e no\u00a0<\/strong><a href=\"https:\/\/www.instagram.com\/senoticias\/\" target=\"_blank\" rel=\"noopener\"><b>Instagram<\/b><\/a><\/p>\n<p>&nbsp;<\/p>\n<p>Com informa\u00e7\u00f5es do G1 SE<\/p>\n<p>&nbsp;<\/p>\n<p>&nbsp;<\/p>\n<p>&nbsp;<\/p>\n","protected":false},"excerpt":{"rendered":"<p>O desembargador Roberto Eugenio da Fonseca Porto determinou nesta segunda-feira (17) a pris\u00e3o do ex-deputados estaduais Augusto Bezerra e Paulo Hagenbeck Filho, o Paulinho da Varzinhas, condenados a mais de 12 anos de pris\u00e3o em regime fechado, em virtude de envolvimento no desvio de verbas de subven\u00e7\u00f5es destinadas pela Assembleia Legislativa de Sergipe. O cumprimento [&hellip;]<\/p>\n","protected":false},"author":6552,"featured_media":96530,"comment_status":"closed","ping_status":"closed","sticky":false,"template":"","format":"standard","meta":{"footnotes":""},"categories":[15,6,1],"tags":[3757,12378,3758,678],"class_list":{"0":"post-118890","1":"post","2":"type-post","3":"status-publish","4":"format-standard","5":"has-post-thumbnail","7":"category-destaques","8":"category-politica","9":"category-sem-categoria","10":"tag-augusto-bezerra","11":"tag-justica-determina-a-prisao-de-ex-deputados","12":"tag-paulinho-das-varzinhas","13":"tag-tribunal-de-justica-de-sergipe"},"_links":{"self":[{"href":"https:\/\/senoticias.com.br\/se\/wp-json\/wp\/v2\/posts\/118890"}],"collection":[{"href":"https:\/\/senoticias.com.br\/se\/wp-json\/wp\/v2\/posts"}],"about":[{"href":"https:\/\/senoticias.com.br\/se\/wp-json\/wp\/v2\/types\/post"}],"author":[{"embeddable":true,"href":"https:\/\/senoticias.com.br\/se\/wp-json\/wp\/v2\/users\/6552"}],"replies":[{"embeddable":true,"href":"https:\/\/senoticias.com.br\/se\/wp-json\/wp\/v2\/comments?post=118890"}],"version-history":[{"count":0,"href":"https:\/\/senoticias.com.br\/se\/wp-json\/wp\/v2\/posts\/118890\/revisions"}],"wp:featuredmedia":[{"embeddable":true,"href":"https:\/\/senoticias.com.br\/se\/wp-json\/wp\/v2\/media\/96530"}],"wp:attachment":[{"href":"https:\/\/senoticias.com.br\/se\/wp-json\/wp\/v2\/media?parent=118890"}],"wp:term":[{"taxonomy":"category","embeddable":true,"href":"https:\/\/senoticias.com.br\/se\/wp-json\/wp\/v2\/categories?post=118890"},{"taxonomy":"post_tag","embeddable":true,"href":"https:\/\/senoticias.com.br\/se\/wp-json\/wp\/v2\/tags?post=118890"}],"curies":[{"name":"wp","href":"https:\/\/api.w.org\/{rel}","templated":true}]}}