{"id":118851,"date":"2019-06-14T09:28:54","date_gmt":"2019-06-14T12:28:54","guid":{"rendered":"https:\/\/senoticias.com.br\/se\/?p=118851"},"modified":"2019-06-14T09:42:09","modified_gmt":"2019-06-14T12:42:09","slug":"rodoviarios-estao-impedidos-de-deixar-a-viacao-modelo","status":"publish","type":"post","link":"https:\/\/senoticias.com.br\/se\/rodoviarios-estao-impedidos-de-deixar-a-viacao-modelo\/","title":{"rendered":"Rodovi\u00e1rios est\u00e3o impedidos de deixar a via\u00e7\u00e3o Modelo"},"content":{"rendered":"<p style=\"text-align: justify;\">Permanece interditada por manifestantes a principal via de sa\u00edda dos ve\u00edculos da empresa Modelo. As negocia\u00e7\u00f5es para libera\u00e7\u00e3o est\u00e3o travadas e os diretores da empresa alegam descumprimento de decis\u00e3o judicial pelos l\u00edderes da mobiliza\u00e7\u00e3o. Apenas a empresas Via\u00e7\u00e3o Progresso e Via\u00e7\u00e3o Atalaia conseguiram liberar alguns \u00f4nibus.<\/p>\n<div id=\"attachment_118852\" style=\"width: 560px\" class=\"wp-caption aligncenter\"><a href=\"https:\/\/senoticias.com.br\/se\/wp-content\/uploads\/2019\/06\/greve-geral-onibus-modelo-14062019-foto-3.jpg\"><img loading=\"lazy\" decoding=\"async\" aria-describedby=\"caption-attachment-118852\" class=\"size-full wp-image-118852\" src=\"https:\/\/senoticias.com.br\/se\/wp-content\/uploads\/2019\/06\/greve-geral-onibus-modelo-14062019-foto-3.jpg\" alt=\"\" width=\"550\" height=\"340\" srcset=\"https:\/\/senoticias.com.br\/se\/wp-content\/uploads\/2019\/06\/greve-geral-onibus-modelo-14062019-foto-3.jpg 550w, https:\/\/senoticias.com.br\/se\/wp-content\/uploads\/2019\/06\/greve-geral-onibus-modelo-14062019-foto-3-300x185.jpg 300w\" sizes=\"(max-width: 550px) 100vw, 550px\" \/><\/a><p id=\"caption-attachment-118852\" class=\"wp-caption-text\">Rodovi\u00e1rios continuam na garagem da Modelo (Foto: Portal Infonet)<\/p><\/div>\n<p style=\"text-align: justify;\">De acordo com o presidente da CUT\/SE, Rubens Marques, os manifestantes continuar\u00e3o em frente a empresa Modelo e n\u00e3o h\u00e1 previs\u00e3o de libera\u00e7\u00e3o dos ve\u00edculos de transporte. \u201d A gente chegou aqui logo de madrugada e teve a participa\u00e7\u00e3o da pol\u00edcia que abriu um di\u00e1logo e evitou o tumulto\u201d, informa.Um dos diretores da Modelo, de nome Eyder Ximenes, informou que a empresa ir\u00e1 interpelar judicialmente os manifestantes pelo suposto descumprimento da decis\u00e3o judicial que garante um contingente m\u00ednimo de 40% da frota de \u00f4nibus em Aracaju. \u201cExiste uma liminar e ela n\u00e3o est\u00e1 sendo cumprida somente na nossa garagem. N\u00e3o \u00e9 s\u00f3 uma quest\u00e3o da empresa ser penalizada. A popula\u00e7\u00e3o tamb\u00e9m est\u00e1 sendo penalizada. Algu\u00e9m vai ter quer ser responsabilizado por isso\u201d, alega o diretor.<\/p>\n<p style=\"text-align: justify;\">Setransp<\/p>\n<p style=\"text-align: justify;\">De acordo com o Setransp, o transporte p\u00fablico coletivo de Aracaju e da Regi\u00e3o Metropolitana, at\u00e9 o momento est\u00e1 com menos de 25% dos \u00f4nibus nas ruas. Ainda segundo a empresa, era para ter sa\u00eddo pelo menos 200 \u00f4nibus no total do sistema conforme a liminar concedida pelo Tribunal Regional do Trabalho (TRT), no entanto, foram menos de 120 \u00f4nibus liberados no total.<\/p>\n<p>&nbsp;<\/p>\n<p><a href=\"https:\/\/senoticias.com.br\/se\/wp-content\/uploads\/2019\/06\/Logomarca-fone-SE-4-2-1-1-1-1-1-1-1-2-3-4-1-1.jpg\"><img loading=\"lazy\" decoding=\"async\" class=\"aligncenter size-full wp-image-118817\" src=\"https:\/\/senoticias.com.br\/se\/wp-content\/uploads\/2019\/06\/Logomarca-fone-SE-4-2-1-1-1-1-1-1-1-2-3-4-1-1.jpg\" alt=\"\" width=\"599\" height=\"78\" srcset=\"https:\/\/senoticias.com.br\/se\/wp-content\/uploads\/2019\/06\/Logomarca-fone-SE-4-2-1-1-1-1-1-1-1-2-3-4-1-1.jpg 599w, https:\/\/senoticias.com.br\/se\/wp-content\/uploads\/2019\/06\/Logomarca-fone-SE-4-2-1-1-1-1-1-1-1-2-3-4-1-1-300x39.jpg 300w\" sizes=\"(max-width: 599px) 100vw, 599px\" \/><\/a><\/p>\n<p>&nbsp;<\/p>\n<p><b><i>Acompanhe o SE Not\u00edcias no\u00a0<\/i><\/b><a href=\"https:\/\/twitter.com\/Senoticias\" target=\"_blank\" rel=\"noopener\"><b>Twitter<\/b><\/a><strong>,\u00a0<\/strong><a href=\"https:\/\/www.facebook.com\/senoticias1\" target=\"_blank\" rel=\"noopener\"><b>Facebook\u00a0<\/b><\/a><strong>e no\u00a0<\/strong><a href=\"https:\/\/www.instagram.com\/senoticias\/\" target=\"_blank\" rel=\"noopener\"><b>Instagram<\/b><\/a><\/p>\n<p>&nbsp;<\/p>\n<p>&nbsp;<\/p>\n<p>Por Daniel Rezende<\/p>\n","protected":false},"excerpt":{"rendered":"<p>Permanece interditada por manifestantes a principal via de sa\u00edda dos ve\u00edculos da empresa Modelo. As negocia\u00e7\u00f5es para libera\u00e7\u00e3o est\u00e3o travadas e os diretores da empresa alegam descumprimento de decis\u00e3o judicial pelos l\u00edderes da mobiliza\u00e7\u00e3o. Apenas a empresas Via\u00e7\u00e3o Progresso e Via\u00e7\u00e3o Atalaia conseguiram liberar alguns \u00f4nibus. De acordo com o presidente da CUT\/SE, Rubens Marques, [&hellip;]<\/p>\n","protected":false},"author":6557,"featured_media":0,"comment_status":"closed","ping_status":"closed","sticky":false,"template":"","format":"standard","meta":{"footnotes":""},"categories":[15],"tags":[12363],"class_list":{"0":"post-118851","1":"post","2":"type-post","3":"status-publish","4":"format-standard","6":"category-destaques","7":"tag-onibus-modelo-greve-geral"},"_links":{"self":[{"href":"https:\/\/senoticias.com.br\/se\/wp-json\/wp\/v2\/posts\/118851"}],"collection":[{"href":"https:\/\/senoticias.com.br\/se\/wp-json\/wp\/v2\/posts"}],"about":[{"href":"https:\/\/senoticias.com.br\/se\/wp-json\/wp\/v2\/types\/post"}],"author":[{"embeddable":true,"href":"https:\/\/senoticias.com.br\/se\/wp-json\/wp\/v2\/users\/6557"}],"replies":[{"embeddable":true,"href":"https:\/\/senoticias.com.br\/se\/wp-json\/wp\/v2\/comments?post=118851"}],"version-history":[{"count":0,"href":"https:\/\/senoticias.com.br\/se\/wp-json\/wp\/v2\/posts\/118851\/revisions"}],"wp:attachment":[{"href":"https:\/\/senoticias.com.br\/se\/wp-json\/wp\/v2\/media?parent=118851"}],"wp:term":[{"taxonomy":"category","embeddable":true,"href":"https:\/\/senoticias.com.br\/se\/wp-json\/wp\/v2\/categories?post=118851"},{"taxonomy":"post_tag","embeddable":true,"href":"https:\/\/senoticias.com.br\/se\/wp-json\/wp\/v2\/tags?post=118851"}],"curies":[{"name":"wp","href":"https:\/\/api.w.org\/{rel}","templated":true}]}}