{"id":118838,"date":"2019-06-13T14:47:40","date_gmt":"2019-06-13T17:47:40","guid":{"rendered":"https:\/\/senoticias.com.br\/se\/?p=118838"},"modified":"2019-06-13T14:49:42","modified_gmt":"2019-06-13T17:49:42","slug":"agentes-de-transito-de-sao-cristovao-participam-de-curso-para-atendimento-a-ocorrencias","status":"publish","type":"post","link":"https:\/\/senoticias.com.br\/se\/agentes-de-transito-de-sao-cristovao-participam-de-curso-para-atendimento-a-ocorrencias\/","title":{"rendered":"Capit\u00e3o da Pol\u00edcia Militar ministra curso para Agentes de Tr\u00e2nsito de S\u00e3o Crist\u00f3v\u00e3o"},"content":{"rendered":"<p style=\"text-align: justify;\">Preparar o agente de tr\u00e2nsito para lidar com situa\u00e7\u00f5es di\u00e1rias \u00e9 crucial e auxilia os profissionais em ocorr\u00eancias de risco que possam acontecer. E foi pensando em propor conhecimento, qualifica\u00e7\u00e3o e instru\u00e7\u00f5es aos atuantes, que a Prefeitura de S\u00e3o Crist\u00f3v\u00e3o, por meio da SMTT e em parceria com a Pol\u00edcia Militar e CPTran, realizou, na manh\u00e3 da \u00faltima quarta-feira, 12, um curso para os agentes de tr\u00e2nsito do munic\u00edpio.<\/p>\n<div id=\"attachment_118839\" style=\"width: 609px\" class=\"wp-caption alignnone\"><a href=\"https:\/\/senoticias.com.br\/se\/wp-content\/uploads\/2019\/06\/smtt3.jpeg\"><img loading=\"lazy\" decoding=\"async\" aria-describedby=\"caption-attachment-118839\" class=\"size-full wp-image-118839\" src=\"https:\/\/senoticias.com.br\/se\/wp-content\/uploads\/2019\/06\/smtt3-e1560447588116.jpeg\" alt=\"\" width=\"599\" height=\"449\" \/><\/a><p id=\"caption-attachment-118839\" class=\"wp-caption-text\">O capit\u00e3o da Pol\u00edcia Militar (PM\/SE), Aldevan Silveira, ministrou \u00e0 aula aos agentes, repassando todas as t\u00e9cnicas j\u00e1 empregadas pela institui\u00e7\u00e3o em situa\u00e7\u00f5es de ocorr\u00eancias, al\u00e9m de apresentar pontos importantes da legisla\u00e7\u00e3o de tr\u00e2nsito para que os agentes saibam como agir (foto: divulga\u00e7\u00e3o)<\/p><\/div>\n<p style=\"text-align: justify;\">Tendo em vista que as resolu\u00e7\u00f5es do CONTRAN s\u00e3o editadas mensalmente, a atualiza\u00e7\u00e3o \u00e9 parte de um processo para qualifica\u00e7\u00e3o e uniformiza\u00e7\u00e3o das a\u00e7\u00f5es, a fim de que os agentes ajam de forma id\u00eantica em suas condutas.<\/p>\n<p>&#8220;Uma vez qualificado, o agente ter\u00e1 habilidades para conduzir determinados fatos da mobilidade urbana. A popula\u00e7\u00e3o sancristovense ganha com esta a\u00e7\u00e3o&#8221;, destacou o Superintendente Municipal de Transportes e Tr\u00e2nsito de S\u00e3o Crist\u00f3v\u00e3o, F\u00e1bio Lemos Lopes.<\/p>\n<p>A palestra aconteceu no audit\u00f3rio do Col\u00e9gio Alternativo, e foi ministrada pelo comandante da CPTran, capit\u00e3o Aldevan Santos Silveira, que abordou assuntos como o novo c\u00f3digo de tr\u00e2nsito e sua import\u00e2ncia, e as novas placas do Mercosul.<\/p>\n<p style=\"text-align: justify;\">&#8220;Explicar a forma de atua\u00e7\u00e3o e a parte criminal legislativa do c\u00f3digo de tr\u00e2nsito brasileiro, para que os agentes fortale\u00e7am o trabalho e cumpram aquilo que a Lei dita. Esse foi um dos objetivos da minha vinda aqui, hoje. Finalizou o Capit\u00e3o Silveira.<\/p>\n<p style=\"text-align: justify;\">Ouvido pela reportagem do <strong>Portal SE Not\u00edcias<\/strong>, o prefeito de S\u00e3o Crist\u00f3v\u00e3o, Marcos Santana, deixou claro a sua preocupa\u00e7\u00e3o com a municipaliza\u00e7\u00e3o do tr\u00e2nsito. &#8220;Nossa gest\u00e3o prioriza a capacita\u00e7\u00e3o dos servidores e os agentes de tr\u00e2nsito iniciaram treinamento com a Pol\u00edcia Militar, por meio da CPTran, para melhor atender a popula\u00e7\u00e3o. Precisamos mostrar que a SMTT e seus servidores exercem papel educativo e de conscientiza\u00e7\u00e3o, a atua\u00e7\u00e3o punitiva n\u00e3o \u00e9 prioridade, mas, sim, a seguran\u00e7a de pedestres e de motoristas&#8221;.<\/p>\n<p>Para dar continuidade a esta capacita\u00e7\u00e3o, ao longo dos pr\u00f3ximos meses haver\u00e1 outros semin\u00e1rios.<\/p>\n<p>&nbsp;<\/p>\n<p>&nbsp;<\/p>\n<p><a href=\"https:\/\/senoticias.com.br\/se\/wp-content\/uploads\/2019\/06\/Logomarca-fone-SE-4-2-1-1-1-1-1-1-1-2-3-4-1-1.jpg\"><img loading=\"lazy\" decoding=\"async\" class=\"alignnone size-full wp-image-118817\" src=\"https:\/\/senoticias.com.br\/se\/wp-content\/uploads\/2019\/06\/Logomarca-fone-SE-4-2-1-1-1-1-1-1-1-2-3-4-1-1.jpg\" alt=\"\" width=\"599\" height=\"78\" srcset=\"https:\/\/senoticias.com.br\/se\/wp-content\/uploads\/2019\/06\/Logomarca-fone-SE-4-2-1-1-1-1-1-1-1-2-3-4-1-1.jpg 599w, https:\/\/senoticias.com.br\/se\/wp-content\/uploads\/2019\/06\/Logomarca-fone-SE-4-2-1-1-1-1-1-1-1-2-3-4-1-1-300x39.jpg 300w\" sizes=\"(max-width: 599px) 100vw, 599px\" \/><\/a><\/p>\n<p>&nbsp;<\/p>\n<p>&nbsp;<\/p>\n<p><b><i>Acompanhe o SE Not\u00edcias no\u00a0<\/i><\/b><a href=\"https:\/\/twitter.com\/Senoticias\" target=\"_blank\" rel=\"noopener\"><b>Twitter<\/b><\/a><strong>,\u00a0<\/strong><a href=\"https:\/\/www.facebook.com\/senoticias1\" target=\"_blank\" rel=\"noopener\"><b>Facebook\u00a0<\/b><\/a><strong>e no\u00a0<\/strong><a href=\"https:\/\/www.instagram.com\/senoticias\/\" target=\"_blank\" rel=\"noopener\"><b>Instagram<\/b><\/a><\/p>\n<p>&nbsp;<\/p>\n<p><em>Por Or\u00e1cio Oliveira e Yslla Vanessa<\/em><\/p>\n<p>&nbsp;<\/p>\n","protected":false},"excerpt":{"rendered":"<p>Preparar o agente de tr\u00e2nsito para lidar com situa\u00e7\u00f5es di\u00e1rias \u00e9 crucial e auxilia os profissionais em ocorr\u00eancias de risco que possam acontecer. E foi pensando em propor conhecimento, qualifica\u00e7\u00e3o e instru\u00e7\u00f5es aos atuantes, que a Prefeitura de S\u00e3o Crist\u00f3v\u00e3o, por meio da SMTT e em parceria com a Pol\u00edcia Militar e CPTran, realizou, na [&hellip;]<\/p>\n","protected":false},"author":6552,"featured_media":118839,"comment_status":"closed","ping_status":"closed","sticky":false,"template":"","format":"standard","meta":{"footnotes":""},"categories":[15,7],"tags":[631,86,4589,335,2979],"class_list":{"0":"post-118838","1":"post","2":"type-post","3":"status-publish","4":"format-standard","5":"has-post-thumbnail","7":"category-destaques","8":"category-policia","9":"tag-cptran","10":"tag-policia-militar","11":"tag-prefeito-marcos-santana","12":"tag-sao-cristovao","13":"tag-smtt"},"_links":{"self":[{"href":"https:\/\/senoticias.com.br\/se\/wp-json\/wp\/v2\/posts\/118838"}],"collection":[{"href":"https:\/\/senoticias.com.br\/se\/wp-json\/wp\/v2\/posts"}],"about":[{"href":"https:\/\/senoticias.com.br\/se\/wp-json\/wp\/v2\/types\/post"}],"author":[{"embeddable":true,"href":"https:\/\/senoticias.com.br\/se\/wp-json\/wp\/v2\/users\/6552"}],"replies":[{"embeddable":true,"href":"https:\/\/senoticias.com.br\/se\/wp-json\/wp\/v2\/comments?post=118838"}],"version-history":[{"count":0,"href":"https:\/\/senoticias.com.br\/se\/wp-json\/wp\/v2\/posts\/118838\/revisions"}],"wp:featuredmedia":[{"embeddable":true,"href":"https:\/\/senoticias.com.br\/se\/wp-json\/wp\/v2\/media\/118839"}],"wp:attachment":[{"href":"https:\/\/senoticias.com.br\/se\/wp-json\/wp\/v2\/media?parent=118838"}],"wp:term":[{"taxonomy":"category","embeddable":true,"href":"https:\/\/senoticias.com.br\/se\/wp-json\/wp\/v2\/categories?post=118838"},{"taxonomy":"post_tag","embeddable":true,"href":"https:\/\/senoticias.com.br\/se\/wp-json\/wp\/v2\/tags?post=118838"}],"curies":[{"name":"wp","href":"https:\/\/api.w.org\/{rel}","templated":true}]}}