{"id":118832,"date":"2019-06-12T18:43:31","date_gmt":"2019-06-12T21:43:31","guid":{"rendered":"https:\/\/senoticias.com.br\/se\/?p=118832"},"modified":"2019-06-12T18:44:54","modified_gmt":"2019-06-12T21:44:54","slug":"procissao-e-tapetes-de-corpus-christi-acontece-dia-20-em-sao-cristovao","status":"publish","type":"post","link":"https:\/\/senoticias.com.br\/se\/procissao-e-tapetes-de-corpus-christi-acontece-dia-20-em-sao-cristovao\/","title":{"rendered":"Prociss\u00e3o e Tapetes de Corpus Christi acontece dia 20 em S\u00e3o Crist\u00f3v\u00e3o"},"content":{"rendered":"<p style=\"text-align: justify;\">No pr\u00f3ximo dia 20 de junho, o Centro Hist\u00f3rico de S\u00e3o Crist\u00f3v\u00e3o ser\u00e1 palco da tradicional confec\u00e7\u00e3o dos tapetes de Corpus Christi. J\u00e1 nas primeiras horas da manh\u00e3, por volta das 5h, a popula\u00e7\u00e3o come\u00e7ar\u00e1 a mobiliza\u00e7\u00e3o, juntamente, com a equipe organizacional do evento, apoiados pela Funda\u00e7\u00e3o de Cultura e Turismo Jo\u00e3o Bebe-\u00c1gua (Fundact), realizando os trabalhos. Os turistas que aportar\u00e3o na cidade tamb\u00e9m poder\u00e3o participar do evento. Vale ressaltar que a Missa de Corpus Christi est\u00e1 marcada para 15h e logo ap\u00f3s acontecer\u00e1 a prociss\u00e3o que passar\u00e1 por cima de todos os tapetes.<\/p>\n<div id=\"attachment_118833\" style=\"width: 608px\" class=\"wp-caption alignnone\"><a href=\"https:\/\/senoticias.com.br\/se\/wp-content\/uploads\/2019\/06\/tapetes-e1560375671743.jpg\"><img loading=\"lazy\" decoding=\"async\" aria-describedby=\"caption-attachment-118833\" class=\"size-full wp-image-118833\" src=\"https:\/\/senoticias.com.br\/se\/wp-content\/uploads\/2019\/06\/tapetes-e1560375671743.jpg\" alt=\"\" width=\"598\" height=\"399\" \/><\/a><p id=\"caption-attachment-118833\" class=\"wp-caption-text\">S\u00e3o Crist\u00f3v\u00e3o se prepara para Prociss\u00e3o e Tapetes de Corpus Christi (foto: M\u00e1rcio Garcez)<\/p><\/div>\n<p style=\"text-align: justify;\">Como se trata de uma tradi\u00e7\u00e3o secular, a cidade para no dia da confec\u00e7\u00e3o dos tapetes de Corpus Christi. Este ano est\u00e3o previstos quase dois quil\u00f4metros de passadeira, sendo cinco grandes tapetes que ser\u00e3o feitos nas imedia\u00e7\u00f5es das principais igrejas do Centro Hist\u00f3rico, al\u00e9m de 11 mandalas que ser\u00e3o confeccionadas nas esquinas, ligando os pontos. \u201cEsta \u00e9 uma celebra\u00e7\u00e3o religiosa que conta com participa\u00e7\u00e3o intensa da popula\u00e7\u00e3o. Estamos no processo de pintura das maravalhas, finaliza\u00e7\u00e3o da parte organizacional com o apoio dos moradores e ajustando a implanta\u00e7\u00e3o de uma central da Fundcat para recebermos os turistas que queiram participar da confec\u00e7\u00e3o dos tapetes no dia 20. Vamos come\u00e7ar a produ\u00e7\u00e3o \u00e0s 5h e pretendemos encerrar os tapetes \u00e0s 13h para esperarmos a prociss\u00e3o\u201d, explicou assessora t\u00e9cnica da Fundact, Monica Schneider.<\/p>\n<p style=\"text-align: justify;\">Segundo a artes\u00e3, Divani Ribeiro de Ara\u00fajo, a participa\u00e7\u00e3o dos moradores \u00e9 essencial para que o evento aconte\u00e7a de forma organizada. \u201cSinto um enorme prazer em fazer parte da produ\u00e7\u00e3o dos tapetes, por tudo que esse evento representa para nossa cultura. A participa\u00e7\u00e3o dos moradores, seja confeccionando ou trazendo \u00e1gua e dando suporte como pode, \u00e9 essencial para que o trabalho aconte\u00e7a tanto nos dias que antecedem quanto na hora da confec\u00e7\u00e3o\u201d, disse.<\/p>\n<p style=\"text-align: justify;\">Para Luiz Carlos Freire Fran\u00e7a, artista pl\u00e1stico que participa da confec\u00e7\u00e3o dos tapetes h\u00e1 anos, integrar o projeto \u00e9 algo que j\u00e1 faz parte de sua hist\u00f3ria de vida. \u201cIntegro a comiss\u00e3o organizacional e participo da pintura das maravalhas e da confec\u00e7\u00e3o dos tapetes como forma de fazer a minha parte enquanto morador da cidade. A cada ano estamos aperfei\u00e7oando a confec\u00e7\u00e3o para que no dia aconte\u00e7a tudo da melhor forma poss\u00edvel. Este ano j\u00e1 elaboramos os desenhos, j\u00e1 sabemos o que cada tapete trar\u00e1 e onde estar\u00e3o localizados\u201d, enfatizou.<\/p>\n<p style=\"text-align: justify;\">Integrando pelo segundo ano consecutivo o projeto, o artista pl\u00e1stico Luiz Mangueira, pontuou que a organiza\u00e7\u00e3o deste ano refletir\u00e1 em maior agilidade na hora da produ\u00e7\u00e3o dos tapetes. \u201cPensamos num projeto gr\u00e1fico onde as mandalas ficar\u00e3o nas esquinas, teremos espa\u00e7os na passadeira de quase dois quil\u00f4metros, para que o acesso dos visitantes e moradores seja facilitado e tamb\u00e9m estamos pensando a produ\u00e7\u00e3o dos tapetes com produtos reciclados e que n\u00e3o coloquem em risco a passagem das pessoas durante a prociss\u00e3o por cima dos tapetes. Tudo isto vem sendo pensado para agilizarmos a produ\u00e7\u00e3o no dia e tamb\u00e9m para que a produ\u00e7\u00e3o gr\u00e1fica seja bonita e embasada historicamente\u201d, contou.<\/p>\n<p style=\"text-align: justify;\"><strong>Apoio<\/strong><\/p>\n<p style=\"text-align: justify;\">De acordo com V\u00e2nia Dias Correia Fontes, participante da comiss\u00e3o dos tapetes, al\u00e9m do apoio da Prefeitura de S\u00e3o Crist\u00f3v\u00e3o, o apoio do empresariado e dos moradores faz com que o evento n\u00e3o se esmore\u00e7a com o tempo. \u201c\u00c9 uma iniciativa que s\u00f3 acontece porque contamos com o apoio do empresariado sergipano e, principalmente, com o suor do povo sancristovense que vem para as ruas se dedicar a confeccionar cada figura. Foram v\u00e1rios meses correndo atr\u00e1s de patroc\u00ednio e apoio. Sabemos que a confec\u00e7\u00e3o dos tapetes acaba juntando v\u00e1rios sentimentos bons: amizade, companheirismo, amor ao pr\u00f3ximo, catequese e uni\u00e3o. Tudo isto \u00e9 o que motiva com que n\u00f3s n\u00e3o paremos de realizar esse projeto\u201d, enfatizou.<\/p>\n<p style=\"text-align: justify;\">Este ano, a confec\u00e7\u00e3o dos tapetes conta com a participa\u00e7\u00e3o da Par\u00f3quia Nossa Senhora da Vit\u00f3ria na organiza\u00e7\u00e3o, al\u00e9m dos apoios da CNBB, IPHAN, Funda\u00e7\u00e3o Aperip\u00ea, Governo de Sergipe, Prefeitura de S\u00e3o Crist\u00f3v\u00e3o, Fundact, UFS, PROEX e Sebrae.<\/p>\n<p>&nbsp;<\/p>\n<p>&nbsp;<\/p>\n<p><a href=\"https:\/\/senoticias.com.br\/se\/wp-content\/uploads\/2019\/06\/Logomarca-fone-SE-4-2-1-1-1-1-1-1-1-2-3-4-1-1.jpg\"><img loading=\"lazy\" decoding=\"async\" class=\"alignnone size-full wp-image-118817\" src=\"https:\/\/senoticias.com.br\/se\/wp-content\/uploads\/2019\/06\/Logomarca-fone-SE-4-2-1-1-1-1-1-1-1-2-3-4-1-1.jpg\" alt=\"\" width=\"599\" height=\"78\" srcset=\"https:\/\/senoticias.com.br\/se\/wp-content\/uploads\/2019\/06\/Logomarca-fone-SE-4-2-1-1-1-1-1-1-1-2-3-4-1-1.jpg 599w, https:\/\/senoticias.com.br\/se\/wp-content\/uploads\/2019\/06\/Logomarca-fone-SE-4-2-1-1-1-1-1-1-1-2-3-4-1-1-300x39.jpg 300w\" sizes=\"(max-width: 599px) 100vw, 599px\" \/><\/a><\/p>\n<p>&nbsp;<\/p>\n<p>&nbsp;<\/p>\n<p><b><i>Acompanhe o SE Not\u00edcias no\u00a0<\/i><\/b><a href=\"https:\/\/twitter.com\/Senoticias\" target=\"_blank\" rel=\"noopener\"><b>Twitter<\/b><\/a><strong>,\u00a0<\/strong><a href=\"https:\/\/www.facebook.com\/senoticias1\" target=\"_blank\" rel=\"noopener\"><b>Facebook\u00a0<\/b><\/a><strong>e no\u00a0<\/strong><a href=\"https:\/\/www.instagram.com\/senoticias\/\" target=\"_blank\" rel=\"noopener\"><b>Instagram<\/b><\/a><\/p>\n<p>&nbsp;<\/p>\n<p><em>Com informa\u00e7\u00f5es da ascom\/PMSC<\/em><\/p>\n<p>&nbsp;<\/p>\n<p>&nbsp;<\/p>\n<p>&nbsp;<\/p>\n","protected":false},"excerpt":{"rendered":"<p>No pr\u00f3ximo dia 20 de junho, o Centro Hist\u00f3rico de S\u00e3o Crist\u00f3v\u00e3o ser\u00e1 palco da tradicional confec\u00e7\u00e3o dos tapetes de Corpus Christi. J\u00e1 nas primeiras horas da manh\u00e3, por volta das 5h, a popula\u00e7\u00e3o come\u00e7ar\u00e1 a mobiliza\u00e7\u00e3o, juntamente, com a equipe organizacional do evento, apoiados pela Funda\u00e7\u00e3o de Cultura e Turismo Jo\u00e3o Bebe-\u00c1gua (Fundact), realizando [&hellip;]<\/p>\n","protected":false},"author":6552,"featured_media":118833,"comment_status":"closed","ping_status":"closed","sticky":false,"template":"","format":"standard","meta":{"footnotes":""},"categories":[15,38],"tags":[12362,335,10004],"class_list":{"0":"post-118832","1":"post","2":"type-post","3":"status-publish","4":"format-standard","5":"has-post-thumbnail","7":"category-destaques","8":"category-municipios","9":"tag-procissao-e-tapetes-de-corpus-christi","10":"tag-sao-cristovao","11":"tag-tapetes-de-corpus-christi"},"_links":{"self":[{"href":"https:\/\/senoticias.com.br\/se\/wp-json\/wp\/v2\/posts\/118832"}],"collection":[{"href":"https:\/\/senoticias.com.br\/se\/wp-json\/wp\/v2\/posts"}],"about":[{"href":"https:\/\/senoticias.com.br\/se\/wp-json\/wp\/v2\/types\/post"}],"author":[{"embeddable":true,"href":"https:\/\/senoticias.com.br\/se\/wp-json\/wp\/v2\/users\/6552"}],"replies":[{"embeddable":true,"href":"https:\/\/senoticias.com.br\/se\/wp-json\/wp\/v2\/comments?post=118832"}],"version-history":[{"count":0,"href":"https:\/\/senoticias.com.br\/se\/wp-json\/wp\/v2\/posts\/118832\/revisions"}],"wp:featuredmedia":[{"embeddable":true,"href":"https:\/\/senoticias.com.br\/se\/wp-json\/wp\/v2\/media\/118833"}],"wp:attachment":[{"href":"https:\/\/senoticias.com.br\/se\/wp-json\/wp\/v2\/media?parent=118832"}],"wp:term":[{"taxonomy":"category","embeddable":true,"href":"https:\/\/senoticias.com.br\/se\/wp-json\/wp\/v2\/categories?post=118832"},{"taxonomy":"post_tag","embeddable":true,"href":"https:\/\/senoticias.com.br\/se\/wp-json\/wp\/v2\/tags?post=118832"}],"curies":[{"name":"wp","href":"https:\/\/api.w.org\/{rel}","templated":true}]}}