{"id":118812,"date":"2019-06-11T18:30:21","date_gmt":"2019-06-11T21:30:21","guid":{"rendered":"https:\/\/senoticias.com.br\/se\/?p=118812"},"modified":"2019-06-11T18:30:21","modified_gmt":"2019-06-11T21:30:21","slug":"segundo-encontro-de-lei-sera-realizado-em-aracaju-nesta-quinta-feira-13","status":"publish","type":"post","link":"https:\/\/senoticias.com.br\/se\/segundo-encontro-de-lei-sera-realizado-em-aracaju-nesta-quinta-feira-13\/","title":{"rendered":"Segundo &#8216;Encontro de Lei&#8217; ser\u00e1 realizado em Aracaju nesta quinta-feira, 13"},"content":{"rendered":"<p style=\"text-align: justify;\">As advogadas <strong>Fl\u00e1via Elaine<\/strong>, <strong>Juliana Abreu<\/strong> e <strong>M\u00e1rcia Dantas<\/strong>, integrantes do &#8221; <strong>Time de Lei<\/strong>&#8220;, grupo que trabalha em prol do fortalecimento e estimulo de pr\u00e1ticas empreendedoras e de performance na \u00e1rea do Direito, ir\u00e3o realizar o<strong> II Encontro de Lei<\/strong> em Aracaju.<\/p>\n<div id=\"attachment_118813\" style=\"width: 609px\" class=\"wp-caption aligncenter\"><a href=\"https:\/\/senoticias.com.br\/se\/wp-content\/uploads\/2019\/06\/WhatsApp-Image-2019-06-06-at-18.10.26.jpeg\"><img loading=\"lazy\" decoding=\"async\" aria-describedby=\"caption-attachment-118813\" class=\"size-full wp-image-118813\" src=\"https:\/\/senoticias.com.br\/se\/wp-content\/uploads\/2019\/06\/WhatsApp-Image-2019-06-06-at-18.10.26-e1560288293560.jpeg\" alt=\"\" width=\"599\" height=\"599\" \/><\/a><p id=\"caption-attachment-118813\" class=\"wp-caption-text\">O Encontro de Lei \u00e9 um projeto idealizado pelas doutoras Juliana Abreu, M\u00e1rcia Dantas e Fl\u00e1via Elaine (foto arte: assessoria)<\/p><\/div>\n<p style=\"text-align: justify;\">A ideia inicial do evento \u00e9 unir jovens profissionais e vanguardistas para promover discuss\u00e3o acerca de assuntos variados e atuais da \u00e1rea jur\u00eddica, al\u00e9m de propor trocas de conhecimentos a partir de experi\u00eancias dos participantes.<br \/>\nA primeira edi\u00e7\u00e3o aconteceu em Maio deste ano, e para Junho, a equipe jur\u00eddica preparou uma programa\u00e7\u00e3o diversificada, com renomes do Direito. Entre eles, O <strong>Dr. Aur\u00e9lio Bel\u00e9m<\/strong>, um dos maiores criminalistas do Estado, que abordar\u00e1 os desafios da Advocacia Criminal; o <strong>Dr. Said Shoucair<\/strong> que ir\u00e1 tratar a tem\u00e1tica da Advocacia Administrativa, e para finalizar, <strong>Dra. Emylle Carvalho<\/strong>, ser\u00e1 a palestrante sobre aspectos da Advocacia Condominial.<\/p>\n<p style=\"text-align: justify;\">As advogadas respons\u00e1veis pelo encontro tamb\u00e9m ter\u00e3o uma participa\u00e7\u00e3o direta com o p\u00fablico presente, e ir\u00e3o abordar temas direcionados ao p\u00fablico jur\u00eddico, tais como o Empreendedorismo Jur\u00eddico, a Orat\u00f3ria para a advocacia e a import\u00e2ncia da imagem pessoal e comunica\u00e7\u00e3o n\u00e3o verbal para a advocacia.<\/p>\n<p>O evento, que \u00e9 gratuito e aberto ao p\u00fablico, ocorrer\u00e1 no dia 13 de junho, no <strong>Boteco Garcia<\/strong> (Avenida Jorge Amado, Bairro Garcia, Aracaju, \u00e0s 19h. Aos interessados, clique no site Acesse o site <a href=\"https:\/\/www.sympla.com.br\/flaviaelaine\"><strong>www.sympla.com.br\/flaviaelaine<\/strong><\/a> e garanta j\u00e1 sua vaga.<\/p>\n<p>&nbsp;<\/p>\n<p>&nbsp;<\/p>\n<p><a href=\"https:\/\/senoticias.com.br\/se\/wp-content\/uploads\/2019\/05\/Logomarca-fone-SE-4-2-1-1-1-1-1-1-1-2-3-4-1.jpg\"><img loading=\"lazy\" decoding=\"async\" class=\"aligncenter size-full wp-image-118600\" src=\"https:\/\/senoticias.com.br\/se\/wp-content\/uploads\/2019\/05\/Logomarca-fone-SE-4-2-1-1-1-1-1-1-1-2-3-4-1.jpg\" alt=\"\" width=\"599\" height=\"78\" srcset=\"https:\/\/senoticias.com.br\/se\/wp-content\/uploads\/2019\/05\/Logomarca-fone-SE-4-2-1-1-1-1-1-1-1-2-3-4-1.jpg 599w, https:\/\/senoticias.com.br\/se\/wp-content\/uploads\/2019\/05\/Logomarca-fone-SE-4-2-1-1-1-1-1-1-1-2-3-4-1-300x39.jpg 300w\" sizes=\"(max-width: 599px) 100vw, 599px\" \/><\/a><\/p>\n<p>&nbsp;<\/p>\n<p><b><i>Acompanhe o SE Not\u00edcias no\u00a0<\/i><\/b><a href=\"https:\/\/twitter.com\/Senoticias\" target=\"_blank\" rel=\"noopener\"><b>Twitter<\/b><\/a><strong>,\u00a0<\/strong><a href=\"https:\/\/www.facebook.com\/senoticias1\" target=\"_blank\" rel=\"noopener\"><b>Facebook\u00a0<\/b><\/a><strong>e no\u00a0<\/strong><a href=\"https:\/\/www.instagram.com\/senoticias\/\" target=\"_blank\" rel=\"noopener\"><b>Instagram<\/b><\/a><\/p>\n<p>&nbsp;<\/p>\n<p><em>Reda\u00e7\u00e3o <strong>SE Not\u00edcias<\/strong>, com informa\u00e7\u00f5es do\u00a0<b>Time de Lei<\/b><\/em><\/p>\n","protected":false},"excerpt":{"rendered":"<p>As advogadas Fl\u00e1via Elaine, Juliana Abreu e M\u00e1rcia Dantas, integrantes do &#8221; Time de Lei&#8220;, grupo que trabalha em prol do fortalecimento e estimulo de pr\u00e1ticas empreendedoras e de performance na \u00e1rea do Direito, ir\u00e3o realizar o II Encontro de Lei em Aracaju. A ideia inicial do evento \u00e9 unir jovens profissionais e vanguardistas para [&hellip;]<\/p>\n","protected":false},"author":6552,"featured_media":118813,"comment_status":"closed","ping_status":"closed","sticky":false,"template":"","format":"standard","meta":{"footnotes":""},"categories":[21],"tags":[12355,12356,12354,12353,12352,12357],"class_list":{"0":"post-118812","1":"post","2":"type-post","3":"status-publish","4":"format-standard","5":"has-post-thumbnail","7":"category-entretenimento","8":"tag-advocacia-administrativa","9":"tag-advocacia-condominial","10":"tag-advocacia-criminal","11":"tag-boteco-garcia","12":"tag-encontro-de-lei","13":"tag-time-de-lei"},"_links":{"self":[{"href":"https:\/\/senoticias.com.br\/se\/wp-json\/wp\/v2\/posts\/118812"}],"collection":[{"href":"https:\/\/senoticias.com.br\/se\/wp-json\/wp\/v2\/posts"}],"about":[{"href":"https:\/\/senoticias.com.br\/se\/wp-json\/wp\/v2\/types\/post"}],"author":[{"embeddable":true,"href":"https:\/\/senoticias.com.br\/se\/wp-json\/wp\/v2\/users\/6552"}],"replies":[{"embeddable":true,"href":"https:\/\/senoticias.com.br\/se\/wp-json\/wp\/v2\/comments?post=118812"}],"version-history":[{"count":0,"href":"https:\/\/senoticias.com.br\/se\/wp-json\/wp\/v2\/posts\/118812\/revisions"}],"wp:featuredmedia":[{"embeddable":true,"href":"https:\/\/senoticias.com.br\/se\/wp-json\/wp\/v2\/media\/118813"}],"wp:attachment":[{"href":"https:\/\/senoticias.com.br\/se\/wp-json\/wp\/v2\/media?parent=118812"}],"wp:term":[{"taxonomy":"category","embeddable":true,"href":"https:\/\/senoticias.com.br\/se\/wp-json\/wp\/v2\/categories?post=118812"},{"taxonomy":"post_tag","embeddable":true,"href":"https:\/\/senoticias.com.br\/se\/wp-json\/wp\/v2\/tags?post=118812"}],"curies":[{"name":"wp","href":"https:\/\/api.w.org\/{rel}","templated":true}]}}