{"id":118809,"date":"2019-06-11T17:07:48","date_gmt":"2019-06-11T20:07:48","guid":{"rendered":"https:\/\/senoticias.com.br\/se\/?p=118809"},"modified":"2019-06-11T17:14:54","modified_gmt":"2019-06-11T20:14:54","slug":"jucese-e-conselho-de-contabilidade-irao-promover-capacitacao-sobre-o-registro-empresarial","status":"publish","type":"post","link":"https:\/\/senoticias.com.br\/se\/jucese-e-conselho-de-contabilidade-irao-promover-capacitacao-sobre-o-registro-empresarial\/","title":{"rendered":"Jucese e Conselho de Contabilidade ir\u00e3o promover capacita\u00e7\u00e3o sobre o registro empresarial"},"content":{"rendered":"<p style=\"text-align: justify;\"><span style=\"font-size: 14pt;\"><strong>Evento acontecer\u00e1 no dia 24 de julho e esclarecer\u00e1 d\u00favidas referentes ao registro empresarial , al\u00e9m de apresentar o calend\u00e1rio do projeto \u201cJunta 100% Digital\u201d<\/strong><\/span><\/p>\n<p style=\"text-align: justify;\">A Junta Comercial do Estado de Sergipe (Jucese), em parceria com o Conselho Regional de Contabilidade de Sergipe (CRCSE), realizar\u00e1 a capacita\u00e7\u00e3o \u201cRegistro Empresarial: sistema Agiliza 100% digital\u201d, voltado para profissionais da contabilidade. O evento acontecer\u00e1 no dia 24 de julho, a partir das 8h, no audit\u00f3rio do CRCSE, e as inscri\u00e7\u00f5es devem ser feitas gratuitamente no site da Jucese.<\/p>\n<div id=\"attachment_118811\" style=\"width: 609px\" class=\"wp-caption aligncenter\"><a href=\"https:\/\/senoticias.com.br\/se\/wp-content\/uploads\/2019\/06\/Marco-Freitas-lembra-que-\u00e9-por-meio-do-profissional-da-contabilidade-que-o-empres\u00e1rio-abre-altera-fecha-sua-empresa-na-Junta-Comercial.jpeg\"><img loading=\"lazy\" decoding=\"async\" aria-describedby=\"caption-attachment-118811\" class=\"size-full wp-image-118811\" src=\"https:\/\/senoticias.com.br\/se\/wp-content\/uploads\/2019\/06\/Marco-Freitas-lembra-que-\u00e9-por-meio-do-profissional-da-contabilidade-que-o-empres\u00e1rio-abre-altera-fecha-sua-empresa-na-Junta-Comercial-e1560283895688.jpeg\" alt=\"\" width=\"599\" height=\"399\" \/><\/a><p id=\"caption-attachment-118811\" class=\"wp-caption-text\">Marco Freitas lembra que \u00e9 por meio do profissional da contabilidade que o empres\u00e1rio abre, altera, fecha sua empresa na Junta Comercial (foto: ascom\/Jucese)<\/p><\/div>\n<p style=\"text-align: justify;\">A capacita\u00e7\u00e3o tem como objetivo esclarecer as principais d\u00favidas dos profissionais da contabilidade referentes ao registro empresarial (constitui\u00e7\u00e3o, altera\u00e7\u00e3o e baixa de empresas), exibindo casos pr\u00e1ticos; e apresentar o calend\u00e1rio do Projeto \u201cJunta 100% Digital\u201d &#8211; presta\u00e7\u00e3o de servi\u00e7os de registro empresarial totalmente pela internet, que ser\u00e1 lan\u00e7ado em breve.<\/p>\n<p style=\"text-align: justify;\">&#8220;Nossa inten\u00e7\u00e3o \u00e9 melhorar ainda mais o ambiente de neg\u00f3cios em nosso Estado, por isso, iremos realizar esta capacita\u00e7\u00e3o, uma excelente oportunidade para os contadores aperfei\u00e7oarem seus conhecimentos a respeito do registro de empresas, al\u00e9m de conhecerem o nosso projeto \u2018Junta 100% Digital\u2019\u201d, ressalta o presidente da Jucese, Marco Freitas.<\/p>\n<p style=\"text-align: justify;\"><strong>Parceria com\u00a0CRCSE<\/strong><\/p>\n<p style=\"text-align: justify;\">Com intuito de fechar parceria para a realiza\u00e7\u00e3o da capacita\u00e7\u00e3o, no in\u00edcio deste m\u00eas de junho, a Jucese se reuniu com a diretoria do CRCSE e apresentou um estudo feito junto aos processos protocolados, julgados, e atendimentos call center, que apontaram as principais d\u00favidas dos profissionais.<\/p>\n<p style=\"text-align: justify;\">\u201c\u00c9 por meio do profissional da contabilidade que o empres\u00e1rio abre, altera, fecha sua empresa na Junta Comercial. Cientes disso, buscamos o apoio do CRC para construirmos essa capacita\u00e7\u00e3o e fomos prontamente atendidos\u201d, lembra Marco Freitas.<\/p>\n<p style=\"text-align: justify;\">Para o presidente do CRCSE, Vanderson M\u00e9lo, esta a\u00e7\u00e3o estreita ainda mais os la\u00e7os entre as duas entidades. &#8220;O CRCSE e a Jucese s\u00e3o parceiros que tem um objetivo em comum, que \u00e9 agilizar os servi\u00e7os desenvolvidos, j\u00e1 que a Junta tem como principais usu\u00e1rios os profissionais cont\u00e1beis&#8221;, comenta.<\/p>\n<p>&nbsp;<\/p>\n<p>&nbsp;<\/p>\n<p><a href=\"https:\/\/senoticias.com.br\/se\/wp-content\/uploads\/2019\/05\/Logomarca-fone-SE-4-2-1-1-1-1-1-1-1-2-3-4-1.jpg\"><img loading=\"lazy\" decoding=\"async\" class=\"aligncenter size-full wp-image-118600\" src=\"https:\/\/senoticias.com.br\/se\/wp-content\/uploads\/2019\/05\/Logomarca-fone-SE-4-2-1-1-1-1-1-1-1-2-3-4-1.jpg\" alt=\"\" width=\"599\" height=\"78\" srcset=\"https:\/\/senoticias.com.br\/se\/wp-content\/uploads\/2019\/05\/Logomarca-fone-SE-4-2-1-1-1-1-1-1-1-2-3-4-1.jpg 599w, https:\/\/senoticias.com.br\/se\/wp-content\/uploads\/2019\/05\/Logomarca-fone-SE-4-2-1-1-1-1-1-1-1-2-3-4-1-300x39.jpg 300w\" sizes=\"(max-width: 599px) 100vw, 599px\" \/><\/a><\/p>\n<p>&nbsp;<\/p>\n<p>&nbsp;<\/p>\n<p><b><i>Acompanhe o SE Not\u00edcias no\u00a0<\/i><\/b><a href=\"https:\/\/twitter.com\/Senoticias\" target=\"_blank\" rel=\"noopener\"><b>Twitter<\/b><\/a><strong>,\u00a0<\/strong><a href=\"https:\/\/www.facebook.com\/senoticias1\" target=\"_blank\" rel=\"noopener\"><b>Facebook\u00a0<\/b><\/a><strong>e no\u00a0<\/strong><a href=\"https:\/\/www.instagram.com\/senoticias\/\" target=\"_blank\" rel=\"noopener\"><b>Instagram<\/b><\/a><\/p>\n<p>&nbsp;<\/p>\n<p><em>Da Assessoria de Imprensa\/Junta Comercial<\/em><\/p>\n","protected":false},"excerpt":{"rendered":"<p>Evento acontecer\u00e1 no dia 24 de julho e esclarecer\u00e1 d\u00favidas referentes ao registro empresarial , al\u00e9m de apresentar o calend\u00e1rio do projeto \u201cJunta 100% Digital\u201d A Junta Comercial do Estado de Sergipe (Jucese), em parceria com o Conselho Regional de Contabilidade de Sergipe (CRCSE), realizar\u00e1 a capacita\u00e7\u00e3o \u201cRegistro Empresarial: sistema Agiliza 100% digital\u201d, voltado para [&hellip;]<\/p>\n","protected":false},"author":6552,"featured_media":118811,"comment_status":"closed","ping_status":"closed","sticky":false,"template":"","format":"standard","meta":{"footnotes":""},"categories":[15,6,1],"tags":[12350,12351,477,10570,1941],"class_list":{"0":"post-118809","1":"post","2":"type-post","3":"status-publish","4":"format-standard","5":"has-post-thumbnail","7":"category-destaques","8":"category-politica","9":"category-sem-categoria","10":"tag-conselho-de-contabilidade","11":"tag-conselho-regional-de-contabilidade-de-sergipe","12":"tag-jucese","13":"tag-junta-comercial","14":"tag-junta-comercial-de-sergipe"},"_links":{"self":[{"href":"https:\/\/senoticias.com.br\/se\/wp-json\/wp\/v2\/posts\/118809"}],"collection":[{"href":"https:\/\/senoticias.com.br\/se\/wp-json\/wp\/v2\/posts"}],"about":[{"href":"https:\/\/senoticias.com.br\/se\/wp-json\/wp\/v2\/types\/post"}],"author":[{"embeddable":true,"href":"https:\/\/senoticias.com.br\/se\/wp-json\/wp\/v2\/users\/6552"}],"replies":[{"embeddable":true,"href":"https:\/\/senoticias.com.br\/se\/wp-json\/wp\/v2\/comments?post=118809"}],"version-history":[{"count":0,"href":"https:\/\/senoticias.com.br\/se\/wp-json\/wp\/v2\/posts\/118809\/revisions"}],"wp:featuredmedia":[{"embeddable":true,"href":"https:\/\/senoticias.com.br\/se\/wp-json\/wp\/v2\/media\/118811"}],"wp:attachment":[{"href":"https:\/\/senoticias.com.br\/se\/wp-json\/wp\/v2\/media?parent=118809"}],"wp:term":[{"taxonomy":"category","embeddable":true,"href":"https:\/\/senoticias.com.br\/se\/wp-json\/wp\/v2\/categories?post=118809"},{"taxonomy":"post_tag","embeddable":true,"href":"https:\/\/senoticias.com.br\/se\/wp-json\/wp\/v2\/tags?post=118809"}],"curies":[{"name":"wp","href":"https:\/\/api.w.org\/{rel}","templated":true}]}}