{"id":118797,"date":"2019-06-11T08:53:13","date_gmt":"2019-06-11T11:53:13","guid":{"rendered":"https:\/\/senoticias.com.br\/se\/?p=118797"},"modified":"2019-06-11T08:57:31","modified_gmt":"2019-06-11T11:57:31","slug":"ex-prefeitos-de-carira-sao-presos-em-operacao-que-apura-desvio-de-r-20-milhoes","status":"publish","type":"post","link":"https:\/\/senoticias.com.br\/se\/ex-prefeitos-de-carira-sao-presos-em-operacao-que-apura-desvio-de-r-20-milhoes\/","title":{"rendered":"Ex-prefeitos de Carira s\u00e3o presos em opera\u00e7\u00e3o que apura desvio de R$ 20 milh\u00f5es"},"content":{"rendered":"<p style=\"text-align: justify;\">A Pol\u00edcia Civil, atrav\u00e9s do Departamento de Combate ao Crime Tribut\u00e1rio e Administra\u00e7\u00e3o P\u00fablica (DEOTAP) e o Grupo de Atua\u00e7\u00e3o Especial de Combate ao Crime Organizado (GAECO), do Minist\u00e9rio P\u00fablico do Estado, cumprem 10 mandados de pris\u00e3o na capital e em munic\u00edpios do interior do Estado.<\/p>\n<p style=\"text-align: justify;\">A a\u00e7\u00e3o faz parte da Opera\u00e7\u00e3o \u201cXeque Mate no Sert\u00e3o\u201d, desencadeada nesta ter\u00e7a-feira (11), para cumprimento de 10 mandados de pris\u00e3o preventiva e 12 mandados de busca e apreens\u00e3o nas cidades de Aracaju, Carira, Lagarto e Tobias Barreto.<\/p>\n<div id=\"attachment_118799\" style=\"width: 610px\" class=\"wp-caption aligncenter\"><a href=\"https:\/\/senoticias.com.br\/se\/wp-content\/uploads\/2019\/06\/Policia-Civil-SE-noticias.jpg\"><img loading=\"lazy\" decoding=\"async\" aria-describedby=\"caption-attachment-118799\" class=\"size-full wp-image-118799\" src=\"https:\/\/senoticias.com.br\/se\/wp-content\/uploads\/2019\/06\/Policia-Civil-SE-noticias.jpg\" alt=\"\" width=\"600\" height=\"400\" srcset=\"https:\/\/senoticias.com.br\/se\/wp-content\/uploads\/2019\/06\/Policia-Civil-SE-noticias.jpg 600w, https:\/\/senoticias.com.br\/se\/wp-content\/uploads\/2019\/06\/Policia-Civil-SE-noticias-300x200.jpg 300w, https:\/\/senoticias.com.br\/se\/wp-content\/uploads\/2019\/06\/Policia-Civil-SE-noticias-90x60.jpg 90w, https:\/\/senoticias.com.br\/se\/wp-content\/uploads\/2019\/06\/Policia-Civil-SE-noticias-180x120.jpg 180w, https:\/\/senoticias.com.br\/se\/wp-content\/uploads\/2019\/06\/Policia-Civil-SE-noticias-95x64.jpg 95w\" sizes=\"(max-width: 600px) 100vw, 600px\" \/><\/a><p id=\"caption-attachment-118799\" class=\"wp-caption-text\">Pol\u00edcia Civil deflagra &#8216;Opera\u00e7\u00e3o Xeque Mate&#8217; criminosa contra a administra\u00e7\u00e3o p\u00fablica do munic\u00edpio de Carira (foto: SSP\/SE)<\/p><\/div>\n<p style=\"text-align: justify;\">No inqu\u00e9rito policial j\u00e1 conclu\u00eddo restou comprovada a exist\u00eancia de uma organiza\u00e7\u00e3o criminosa formada para a pr\u00e1tica reiterada de crimes contra a administra\u00e7\u00e3o p\u00fablica do Munic\u00edpio de Carira, notadamente peculato e fraude \u00e0 licita\u00e7\u00e3o, confirmada a obten\u00e7\u00e3o de lucro indevido em preju\u00edzo dos cofres p\u00fablicos.<\/p>\n<p style=\"text-align: justify;\">Outros desdobramentos ainda est\u00e3o em andamento no DEOTAP, que j\u00e1 contabilizou um preju\u00edzo da ordem de mais de 7 milh\u00f5es de reais, havendo levantamentos preliminares que apontam desvios de quase tr\u00eas vezes este valor.<\/p>\n<p style=\"text-align: justify;\">At\u00e9 o momento, cinco pessoas foram presas, entre elas os ex-prefeitos de Carira, Jo\u00e3o Bosco Machado e Diogo Machado, pai e filho, al\u00e9m de ex-secret\u00e1rios. J\u00e1 em Tobias Barreto, um empres\u00e1rio tamb\u00e9m foi preso.<\/p>\n<p style=\"text-align: justify;\">O DEOTAP aponta que os suspeitos praticaram crimes de peculato e fraudes \u00e0 licita\u00e7\u00e3o, provocando desvio de verbas p\u00fablicas que podem chegar at\u00e9 R$ 20 milh\u00f5es.<\/p>\n<p>&nbsp;<\/p>\n<p>&nbsp;<\/p>\n<p><a href=\"https:\/\/senoticias.com.br\/se\/wp-content\/uploads\/2019\/05\/Logomarca-fone-SE-4-2-1-1-1-1-1-1-1-2-3-4-1.jpg\"><img loading=\"lazy\" decoding=\"async\" class=\"aligncenter size-full wp-image-118600\" src=\"https:\/\/senoticias.com.br\/se\/wp-content\/uploads\/2019\/05\/Logomarca-fone-SE-4-2-1-1-1-1-1-1-1-2-3-4-1.jpg\" alt=\"\" width=\"599\" height=\"78\" srcset=\"https:\/\/senoticias.com.br\/se\/wp-content\/uploads\/2019\/05\/Logomarca-fone-SE-4-2-1-1-1-1-1-1-1-2-3-4-1.jpg 599w, https:\/\/senoticias.com.br\/se\/wp-content\/uploads\/2019\/05\/Logomarca-fone-SE-4-2-1-1-1-1-1-1-1-2-3-4-1-300x39.jpg 300w\" sizes=\"(max-width: 599px) 100vw, 599px\" \/><\/a><\/p>\n<p>&nbsp;<\/p>\n<p><em><strong>Acompanhe o SE Not\u00edcias no\u00a0<\/strong><a href=\"https:\/\/twitter.com\/Senoticias\" target=\"_blank\" rel=\"noopener\"><b>Twitter<\/b><\/a><strong>,\u00a0<\/strong><a href=\"https:\/\/www.facebook.com\/senoticias1\" target=\"_blank\" rel=\"noopener\"><b>Facebook\u00a0<\/b><\/a><strong>e no\u00a0<\/strong><a href=\"https:\/\/www.instagram.com\/senoticias\/\" target=\"_blank\" rel=\"noopener\"><b>Instagram<\/b><\/a><\/em><\/p>\n<p>&nbsp;<\/p>\n<p>Com informa\u00e7\u00f5es de Paulo Sousa<\/p>\n","protected":false},"excerpt":{"rendered":"<p>A Pol\u00edcia Civil, atrav\u00e9s do Departamento de Combate ao Crime Tribut\u00e1rio e Administra\u00e7\u00e3o P\u00fablica (DEOTAP) e o Grupo de Atua\u00e7\u00e3o Especial de Combate ao Crime Organizado (GAECO), do Minist\u00e9rio P\u00fablico do Estado, cumprem 10 mandados de pris\u00e3o na capital e em munic\u00edpios do interior do Estado. A a\u00e7\u00e3o faz parte da Opera\u00e7\u00e3o \u201cXeque Mate no [&hellip;]<\/p>\n","protected":false},"author":6552,"featured_media":118799,"comment_status":"closed","ping_status":"closed","sticky":false,"template":"","format":"standard","meta":{"footnotes":""},"categories":[15,6,1],"tags":[803,623,12346,12345,12344,12343,78],"class_list":{"0":"post-118797","1":"post","2":"type-post","3":"status-publish","4":"format-standard","5":"has-post-thumbnail","7":"category-destaques","8":"category-politica","9":"category-sem-categoria","10":"tag-carira","11":"tag-deotap","12":"tag-diogo-machado","13":"tag-joao-bosco-machado","14":"tag-municipio-de-carira","15":"tag-operacao-xeque-mate","16":"tag-policia-civil"},"_links":{"self":[{"href":"https:\/\/senoticias.com.br\/se\/wp-json\/wp\/v2\/posts\/118797"}],"collection":[{"href":"https:\/\/senoticias.com.br\/se\/wp-json\/wp\/v2\/posts"}],"about":[{"href":"https:\/\/senoticias.com.br\/se\/wp-json\/wp\/v2\/types\/post"}],"author":[{"embeddable":true,"href":"https:\/\/senoticias.com.br\/se\/wp-json\/wp\/v2\/users\/6552"}],"replies":[{"embeddable":true,"href":"https:\/\/senoticias.com.br\/se\/wp-json\/wp\/v2\/comments?post=118797"}],"version-history":[{"count":0,"href":"https:\/\/senoticias.com.br\/se\/wp-json\/wp\/v2\/posts\/118797\/revisions"}],"wp:featuredmedia":[{"embeddable":true,"href":"https:\/\/senoticias.com.br\/se\/wp-json\/wp\/v2\/media\/118799"}],"wp:attachment":[{"href":"https:\/\/senoticias.com.br\/se\/wp-json\/wp\/v2\/media?parent=118797"}],"wp:term":[{"taxonomy":"category","embeddable":true,"href":"https:\/\/senoticias.com.br\/se\/wp-json\/wp\/v2\/categories?post=118797"},{"taxonomy":"post_tag","embeddable":true,"href":"https:\/\/senoticias.com.br\/se\/wp-json\/wp\/v2\/tags?post=118797"}],"curies":[{"name":"wp","href":"https:\/\/api.w.org\/{rel}","templated":true}]}}