{"id":118794,"date":"2019-06-11T08:44:04","date_gmt":"2019-06-11T11:44:04","guid":{"rendered":"https:\/\/senoticias.com.br\/se\/?p=118794"},"modified":"2019-06-11T08:44:04","modified_gmt":"2019-06-11T11:44:04","slug":"presidente-da-fames-e-prefeitos-do-baixo-sao-francisco-se-reunem-com-governador-belivaldo-chagas-para-solicitar-instalacao-de-inss-em-neopolis","status":"publish","type":"post","link":"https:\/\/senoticias.com.br\/se\/presidente-da-fames-e-prefeitos-do-baixo-sao-francisco-se-reunem-com-governador-belivaldo-chagas-para-solicitar-instalacao-de-inss-em-neopolis\/","title":{"rendered":"Presidente da FAMES e prefeitos do Baixo S\u00e3o Francisco se re\u00fanem com Governador Belivaldo Chagas para solicitar instala\u00e7\u00e3o de INSS em Ne\u00f3polis"},"content":{"rendered":"<p style=\"text-align: justify;\">Na manh\u00e3 da \u00faltima segunda-feira, 10, o presidente da Federa\u00e7\u00e3o dos Munic\u00edpios do Estado de Sergipe \u2013 FAMES, Cristiano Cavalcante, acompanhado do prefeito de Ne\u00f3polis, C\u00e9lio Lemos, J\u00fanior Barroso, de Santana do S\u00e3o Francisco, e do gerente executivo do Instituto Nacional do Seguro Social (INSS), Raimundo Brito, esteve em reuni\u00e3o com o Governador Belivaldo Chagas para solicitar a instala\u00e7\u00e3o de uma ag\u00eancia de servi\u00e7os da Previd\u00eancia Social em um pr\u00e9dio do Governo Estadual, em Ne\u00f3polis.<\/p>\n<div id=\"attachment_118795\" style=\"width: 560px\" class=\"wp-caption aligncenter\"><a href=\"https:\/\/senoticias.com.br\/se\/wp-content\/uploads\/2019\/06\/WhatsApp-Image-2019-06-10-at-19.57.10-e1560253282625.jpeg\"><img loading=\"lazy\" decoding=\"async\" aria-describedby=\"caption-attachment-118795\" class=\"size-full wp-image-118795\" src=\"https:\/\/senoticias.com.br\/se\/wp-content\/uploads\/2019\/06\/WhatsApp-Image-2019-06-10-at-19.57.10-e1560253282625.jpeg\" alt=\"\" width=\"550\" height=\"367\" \/><\/a><p id=\"caption-attachment-118795\" class=\"wp-caption-text\">Foto: Ascom\/ Fames<\/p><\/div>\n<p style=\"text-align: justify;\">A medida contempla todos os munic\u00edpios do Baixo S\u00e3o Francisco, uma vez que com a abertura do INSS, os moradores da regi\u00e3o que precisam dos servi\u00e7os n\u00e3o ter\u00e3o mais que se deslocar para uma cidade distante. O Governador Belivaldo Chagas se sensibilizou com o pleito e de imediato acionou o presidente do Banese para que seja feita a libera\u00e7\u00e3o do local, que hoje \u00e9 partilhado com a ag\u00eancia do Estado.<\/p>\n<p style=\"text-align: justify;\">\u201cFomos muito bem atendidos pelo governador, que nos auxilia nessa demanda de extrema import\u00e2ncia para os mun\u00edcipes do Baixo S\u00e3o Francisco, que ap\u00f3s esta reuni\u00e3o ir\u00e3o encurtar a dist\u00e2ncia para serem atendidos pelo INSS\u201d, ressaltou o presidente da FAMES, Cristiano Cavalcante.<\/p>\n<p style=\"text-align: justify;\">Ap\u00f3s os tr\u00e2mites legais, os munic\u00edpios que abrangem a regi\u00e3o, sendo eles Amparo do S\u00e3o Francisco, Brejo Grande, Cedro de S\u00e3o Jo\u00e3o, Muribeca, Canhoba, Ilha das Flores, Japoat\u00e3, Malhada dos Bois, Telha, Pacatuba, Propri\u00e1, Santana do S\u00e3o Francisco e S\u00e3o Francisco, ter\u00e3o um INSS pr\u00f3ximo a eles, em Ne\u00f3polis.<\/p>\n<p>&nbsp;<\/p>\n<p><a href=\"https:\/\/senoticias.com.br\/se\/wp-content\/uploads\/2019\/05\/Logomarca-fone-SE-4-2-1-1-1-1-1-1-1-2-3-4-1.jpg\"><img loading=\"lazy\" decoding=\"async\" class=\"aligncenter size-full wp-image-118600\" src=\"https:\/\/senoticias.com.br\/se\/wp-content\/uploads\/2019\/05\/Logomarca-fone-SE-4-2-1-1-1-1-1-1-1-2-3-4-1.jpg\" alt=\"\" width=\"599\" height=\"78\" srcset=\"https:\/\/senoticias.com.br\/se\/wp-content\/uploads\/2019\/05\/Logomarca-fone-SE-4-2-1-1-1-1-1-1-1-2-3-4-1.jpg 599w, https:\/\/senoticias.com.br\/se\/wp-content\/uploads\/2019\/05\/Logomarca-fone-SE-4-2-1-1-1-1-1-1-1-2-3-4-1-300x39.jpg 300w\" sizes=\"(max-width: 599px) 100vw, 599px\" \/><\/a><\/p>\n<p>&nbsp;<\/p>\n<p><em><strong>Acompanhe o SE Not\u00edcias no\u00a0<\/strong><a href=\"https:\/\/twitter.com\/Senoticias\" target=\"_blank\" rel=\"noopener\"><b>Twitter<\/b><\/a><strong>,\u00a0<\/strong><a href=\"https:\/\/www.facebook.com\/senoticias1\" target=\"_blank\" rel=\"noopener\"><b>Facebook\u00a0<\/b><\/a><strong>e no\u00a0<\/strong><a href=\"https:\/\/www.instagram.com\/senoticias\/\" target=\"_blank\" rel=\"noopener\"><b>Instagram<\/b><\/a><\/em><\/p>\n<p>&nbsp;<\/p>\n<p>Por Ascom\/ Fames<\/p>\n","protected":false},"excerpt":{"rendered":"<p>Na manh\u00e3 da \u00faltima segunda-feira, 10, o presidente da Federa\u00e7\u00e3o dos Munic\u00edpios do Estado de Sergipe \u2013 FAMES, Cristiano Cavalcante, acompanhado do prefeito de Ne\u00f3polis, C\u00e9lio Lemos, J\u00fanior Barroso, de Santana do S\u00e3o Francisco, e do gerente executivo do Instituto Nacional do Seguro Social (INSS), Raimundo Brito, esteve em reuni\u00e3o com o Governador Belivaldo Chagas [&hellip;]<\/p>\n","protected":false},"author":6557,"featured_media":0,"comment_status":"closed","ping_status":"closed","sticky":false,"template":"","format":"standard","meta":{"footnotes":""},"categories":[15,38],"tags":[12342],"class_list":{"0":"post-118794","1":"post","2":"type-post","3":"status-publish","4":"format-standard","6":"category-destaques","7":"category-municipios","8":"tag-prefeitos-baixo-sao-francisco-fames-inss"},"_links":{"self":[{"href":"https:\/\/senoticias.com.br\/se\/wp-json\/wp\/v2\/posts\/118794"}],"collection":[{"href":"https:\/\/senoticias.com.br\/se\/wp-json\/wp\/v2\/posts"}],"about":[{"href":"https:\/\/senoticias.com.br\/se\/wp-json\/wp\/v2\/types\/post"}],"author":[{"embeddable":true,"href":"https:\/\/senoticias.com.br\/se\/wp-json\/wp\/v2\/users\/6557"}],"replies":[{"embeddable":true,"href":"https:\/\/senoticias.com.br\/se\/wp-json\/wp\/v2\/comments?post=118794"}],"version-history":[{"count":0,"href":"https:\/\/senoticias.com.br\/se\/wp-json\/wp\/v2\/posts\/118794\/revisions"}],"wp:attachment":[{"href":"https:\/\/senoticias.com.br\/se\/wp-json\/wp\/v2\/media?parent=118794"}],"wp:term":[{"taxonomy":"category","embeddable":true,"href":"https:\/\/senoticias.com.br\/se\/wp-json\/wp\/v2\/categories?post=118794"},{"taxonomy":"post_tag","embeddable":true,"href":"https:\/\/senoticias.com.br\/se\/wp-json\/wp\/v2\/tags?post=118794"}],"curies":[{"name":"wp","href":"https:\/\/api.w.org\/{rel}","templated":true}]}}