{"id":118787,"date":"2019-06-10T11:45:24","date_gmt":"2019-06-10T14:45:24","guid":{"rendered":"https:\/\/senoticias.com.br\/se\/?p=118787"},"modified":"2019-06-10T11:45:24","modified_gmt":"2019-06-10T14:45:24","slug":"ator-e-seus-pais-sao-mortos-ao-visitar-familia-da-namorada-dele-em-sao-paulo","status":"publish","type":"post","link":"https:\/\/senoticias.com.br\/se\/ator-e-seus-pais-sao-mortos-ao-visitar-familia-da-namorada-dele-em-sao-paulo\/","title":{"rendered":"Ator e seus pais s\u00e3o mortos ao visitar fam\u00edlia da namorada dele em S\u00e3o Paulo"},"content":{"rendered":"<p style=\"text-align: justify;\">O ator Rafael Henrique Miguel, de 22 anos, e seus pais morreram ap\u00f3s serem baleados por volta das 13h55 deste domingo (9) na Estrada do Alvarenga, no bairro da Pedreira, na Zona Sul da capital paulista.<\/p>\n<p style=\"text-align: justify;\">Rafael interpretou o personagem Pa\u00e7oca na novela &#8220;Chiquititas&#8221; e trabalhou no comercial em que uma crian\u00e7a pede br\u00f3colis \u00e0 m\u00e3e. Ele tamb\u00e9m atuou em novelas como \u201cP\u00e9 na Jaca\u201d, \u201cCama de Gato\u201d e o especial de fim de ano \u201cO Natal do menino imperador\u201d.<\/p>\n<div id=\"attachment_118788\" style=\"width: 609px\" class=\"wp-caption aligncenter\"><a href=\"https:\/\/senoticias.com.br\/se\/wp-content\/uploads\/2019\/06\/mortes-pedreira.jpg\"><img loading=\"lazy\" decoding=\"async\" aria-describedby=\"caption-attachment-118788\" class=\"size-full wp-image-118788\" src=\"https:\/\/senoticias.com.br\/se\/wp-content\/uploads\/2019\/06\/mortes-pedreira-e1560177653638.jpg\" alt=\"\" width=\"599\" height=\"334\" \/><\/a><p id=\"caption-attachment-118788\" class=\"wp-caption-text\">Jovem e seus pais foram mortos ao visitar fam\u00edlia da namorada em SP \u2014 Foto: Reprodu\u00e7\u00e3o\/ TV Globo<\/p><\/div>\n<p style=\"text-align: justify;\">De acordo com a Secretaria da Seguran\u00e7a P\u00fablica, Rafael, acompanhado de seus pais, Jo\u00e3o Alcisio Miguel, de 52 anos, e Miriam Selma Miguel, de 50, foram conversar com o pai da namorada dele sobre o namoro. Eles foram recebidos pela jovem e sua m\u00e3e.<\/p>\n<p style=\"text-align: justify;\">Durante a conversa, o comerciante Paulo Curpertino Matias, de 48 anos, chegou ao local armado e atirou nas tr\u00eas v\u00edtimas, que morreram no local. O autor dos disparos fugiu. Foi solicitada per\u00edcia ao local e carro de cad\u00e1ver. O caso foi registrado como homic\u00eddio consumado no 98\u00ba DP.<\/p>\n<p style=\"text-align: justify;\"><strong>Repercuss\u00e3o<\/strong><\/p>\n<p>A apresentadora Ma\u00edsa escreveu no Twitter: &#8220;\u201cBizarro saber q uma crueldade dessas aconteceu, ainda mais com uma pessoa que eu conhecia. Mais vidas foram interrompidas pelas m\u00e3os de um homem. Rafael &amp; fam\u00edlia, descansem em paz. Que Deus conforte todos os cora\u00e7\u00f5es. Que a justi\u00e7a seja feita. Chega de assassinato. \ud83d\ude41 &#8220;<\/p>\n<p style=\"text-align: justify;\">\u201cVai em paz meu irm\u00e3o&#8230;. vai fazer mt falta aqui @rafaelmiguelreal\u201d, escreveu Filipe Cavalcante, ator de Chiquititas.<\/p>\n<p style=\"text-align: justify;\">\u201cMeu Deus&#8230;..tentando entender o que n\u00e3o quero e n\u00e3o consigo entender&#8230;Assassinaram o Rafael Miguel&#8230;.um menino&#8230;um garoto com a vida\u2026\u201d, escreveu Carla Fioroni, que contracenou com Rafael em Chiquititas.<\/p>\n<p style=\"text-align: justify;\">\u201cOs sets do c\u00e9u estar\u00e3o mega iluminados com a nova estrela que acaba de chegar. @Rafaelmiguelreal Vamos sempre nos lembrar dos momentos de\u2026\u201d, disse o ator Victor Aguiar.<\/p>\n<p>&nbsp;<\/p>\n<p><a href=\"https:\/\/senoticias.com.br\/se\/wp-content\/uploads\/2019\/05\/Logomarca-fone-SE-4-2-1-1-1-1-1-1-1-2-3-4-1.jpg\"><img loading=\"lazy\" decoding=\"async\" class=\"aligncenter size-full wp-image-118600\" src=\"https:\/\/senoticias.com.br\/se\/wp-content\/uploads\/2019\/05\/Logomarca-fone-SE-4-2-1-1-1-1-1-1-1-2-3-4-1.jpg\" alt=\"\" width=\"599\" height=\"78\" srcset=\"https:\/\/senoticias.com.br\/se\/wp-content\/uploads\/2019\/05\/Logomarca-fone-SE-4-2-1-1-1-1-1-1-1-2-3-4-1.jpg 599w, https:\/\/senoticias.com.br\/se\/wp-content\/uploads\/2019\/05\/Logomarca-fone-SE-4-2-1-1-1-1-1-1-1-2-3-4-1-300x39.jpg 300w\" sizes=\"(max-width: 599px) 100vw, 599px\" \/><\/a><\/p>\n<p>&nbsp;<\/p>\n<p>&nbsp;<\/p>\n<p><em><strong>Acompanhe o SE Not\u00edcias no\u00a0<\/strong><a href=\"https:\/\/twitter.com\/Senoticias\" target=\"_blank\" rel=\"noopener\"><b>Twitter<\/b><\/a><strong>,\u00a0<\/strong><a href=\"https:\/\/www.facebook.com\/senoticias1\" target=\"_blank\" rel=\"noopener\"><b>Facebook\u00a0<\/b><\/a><strong>e no\u00a0<\/strong><a href=\"https:\/\/www.instagram.com\/senoticias\/\" target=\"_blank\" rel=\"noopener\"><b>Instagram<\/b><\/a><\/em><\/p>\n<p>&nbsp;<\/p>\n<p><strong><em>Por\u00a0<\/em><a href=\"https:\/\/g1.globo.com\/sp\/sao-paulo\/noticia\/2019\/06\/09\/tres-pessoas-sao-mortas-a-tiros-na-zona-sul-de-sao-paulo.ghtml\"><em>G<\/em><em>1 <\/em><\/a><em>S\u00e3o Paulo<\/em><\/strong><\/p>\n","protected":false},"excerpt":{"rendered":"<p>O ator Rafael Henrique Miguel, de 22 anos, e seus pais morreram ap\u00f3s serem baleados por volta das 13h55 deste domingo (9) na Estrada do Alvarenga, no bairro da Pedreira, na Zona Sul da capital paulista. Rafael interpretou o personagem Pa\u00e7oca na novela &#8220;Chiquititas&#8221; e trabalhou no comercial em que uma crian\u00e7a pede br\u00f3colis \u00e0 [&hellip;]<\/p>\n","protected":false},"author":6552,"featured_media":118788,"comment_status":"closed","ping_status":"closed","sticky":false,"template":"","format":"standard","meta":{"footnotes":""},"categories":[15,2961],"tags":[12339,12338,12337],"class_list":{"0":"post-118787","1":"post","2":"type-post","3":"status-publish","4":"format-standard","5":"has-post-thumbnail","7":"category-destaques","8":"category-nacional","9":"tag-ator-rafael-henrique-miguel","10":"tag-chiquititas","11":"tag-pacoca-na-novela"},"_links":{"self":[{"href":"https:\/\/senoticias.com.br\/se\/wp-json\/wp\/v2\/posts\/118787"}],"collection":[{"href":"https:\/\/senoticias.com.br\/se\/wp-json\/wp\/v2\/posts"}],"about":[{"href":"https:\/\/senoticias.com.br\/se\/wp-json\/wp\/v2\/types\/post"}],"author":[{"embeddable":true,"href":"https:\/\/senoticias.com.br\/se\/wp-json\/wp\/v2\/users\/6552"}],"replies":[{"embeddable":true,"href":"https:\/\/senoticias.com.br\/se\/wp-json\/wp\/v2\/comments?post=118787"}],"version-history":[{"count":0,"href":"https:\/\/senoticias.com.br\/se\/wp-json\/wp\/v2\/posts\/118787\/revisions"}],"wp:featuredmedia":[{"embeddable":true,"href":"https:\/\/senoticias.com.br\/se\/wp-json\/wp\/v2\/media\/118788"}],"wp:attachment":[{"href":"https:\/\/senoticias.com.br\/se\/wp-json\/wp\/v2\/media?parent=118787"}],"wp:term":[{"taxonomy":"category","embeddable":true,"href":"https:\/\/senoticias.com.br\/se\/wp-json\/wp\/v2\/categories?post=118787"},{"taxonomy":"post_tag","embeddable":true,"href":"https:\/\/senoticias.com.br\/se\/wp-json\/wp\/v2\/tags?post=118787"}],"curies":[{"name":"wp","href":"https:\/\/api.w.org\/{rel}","templated":true}]}}