{"id":118786,"date":"2019-06-10T11:11:48","date_gmt":"2019-06-10T14:11:48","guid":{"rendered":"https:\/\/senoticias.com.br\/se\/?p=118786"},"modified":"2019-06-10T11:11:48","modified_gmt":"2019-06-10T14:11:48","slug":"prefeito-afastado-de-lagarto-valmir-monteiro-tem-prisao-convertida-em-medidas-cautelares","status":"publish","type":"post","link":"https:\/\/senoticias.com.br\/se\/prefeito-afastado-de-lagarto-valmir-monteiro-tem-prisao-convertida-em-medidas-cautelares\/","title":{"rendered":"Prefeito afastado de Lagarto, Valmir Monteiro, tem pris\u00e3o convertida em medidas cautelares"},"content":{"rendered":"<p style=\"text-align: justify;\">O desembargador Di\u00f3genes Barreto, do Tribunal de Justi\u00e7a de Sergipe (TJ\/SE), determinou nesta segunda-feira (10) que a pris\u00e3o do prefeito de Lagarto, Valmir Monteiro (PSC), fosse convertida em medidas cautelares.<\/p>\n<div id=\"attachment_31778\" style=\"width: 609px\" class=\"wp-caption aligncenter\"><a href=\"https:\/\/senoticias.com.br\/se\/wp-content\/uploads\/2012\/05\/Valmir-Monteiro-e1432930739317.jpg\"><img loading=\"lazy\" decoding=\"async\" aria-describedby=\"caption-attachment-31778\" class=\"size-full wp-image-31778\" src=\"https:\/\/senoticias.com.br\/se\/wp-content\/uploads\/2012\/05\/Valmir-Monteiro-e1432930739317.jpg\" alt=\"\" width=\"599\" height=\"398\" \/><\/a><p id=\"caption-attachment-31778\" class=\"wp-caption-text\">Prefeito de Lagarto Valmir Monteiro, tem pris\u00e3o convertida em medidas cautelares (foto: arquivo\/Maria Odilia)<\/p><\/div>\n<p>&nbsp;<\/p>\n<p style=\"text-align: justify;\">Ficou determinado ainda o afastamento de Valmir do cargo e a proibi\u00e7\u00e3o de acesso dele a locais que pertencem \u00e0 administra\u00e7\u00e3o p\u00fablica direta ou indireta municipal, especialmente o matadouro de Lagarto.<\/p>\n<p style=\"text-align: justify;\">Ainda na decis\u00e3o o magistrado determina o comparecimento mensal na Escrivania da C\u00e2mara Criminal do Tribunal de Justi\u00e7a de Sergipe at\u00e9 o quinto dia de cada m\u00eas para informar o endere\u00e7o e justificar as suas atividades.<\/p>\n<p style=\"text-align: justify;\">Por fim, o desembargador determinou o recolhimento domiciliar noturno de Valmir Monteiro a partir das 19 horas, podendo sair para trabalhar e realizar outras atividades ap\u00f3s as 5 horas.<\/p>\n<p style=\"text-align: justify;\">O alvar\u00e1 ser\u00e1 cumprido pelo diretor do Presmil (Pres\u00eddio Militar de Aracaju) nas pr\u00f3ximas horas. Valmir estava preso h\u00e1 mais de 100 dias, desde o dia 22 de fevereiro, quando Promotores de Justi\u00e7a do Gaeco do Minist\u00e9rio P\u00fablico do Estado de Sergipe (MP-SE) deflagraram a \u2018Opera\u00e7\u00e3o Leak\u2019, para cumprir mandados de pris\u00e3o preventiva.<\/p>\n<p style=\"text-align: justify;\">A investiga\u00e7\u00e3o dizia respeito a supostos desvios de verbas p\u00fablicas do matadouro do munic\u00edpio e \u00e0 pr\u00e1tica do crime de lavagem de dinheiro.<\/p>\n<p>&nbsp;<\/p>\n<p><a href=\"https:\/\/senoticias.com.br\/se\/wp-content\/uploads\/2019\/05\/Logomarca-fone-SE-4-2-1-1-1-1-1-1-1-2-3-4-1.jpg\"><img loading=\"lazy\" decoding=\"async\" class=\"aligncenter size-full wp-image-118600\" src=\"https:\/\/senoticias.com.br\/se\/wp-content\/uploads\/2019\/05\/Logomarca-fone-SE-4-2-1-1-1-1-1-1-1-2-3-4-1.jpg\" alt=\"\" width=\"599\" height=\"78\" srcset=\"https:\/\/senoticias.com.br\/se\/wp-content\/uploads\/2019\/05\/Logomarca-fone-SE-4-2-1-1-1-1-1-1-1-2-3-4-1.jpg 599w, https:\/\/senoticias.com.br\/se\/wp-content\/uploads\/2019\/05\/Logomarca-fone-SE-4-2-1-1-1-1-1-1-1-2-3-4-1-300x39.jpg 300w\" sizes=\"(max-width: 599px) 100vw, 599px\" \/><\/a><\/p>\n<p>&nbsp;<\/p>\n<p><em><strong>Acompanhe o SE Not\u00edcias no\u00a0<\/strong><a href=\"https:\/\/twitter.com\/Senoticias\" target=\"_blank\" rel=\"noopener\"><b>Twitter<\/b><\/a><strong>,\u00a0<\/strong><a href=\"https:\/\/www.facebook.com\/senoticias1\" target=\"_blank\" rel=\"noopener\"><b>Facebook\u00a0<\/b><\/a><strong>e no\u00a0<\/strong><a href=\"https:\/\/www.instagram.com\/senoticias\/\" target=\"_blank\" rel=\"noopener\"><b>Instagram<\/b><\/a><\/em><\/p>\n<p>Por Habacuque Villacorte<\/p>\n","protected":false},"excerpt":{"rendered":"<p>O desembargador Di\u00f3genes Barreto, do Tribunal de Justi\u00e7a de Sergipe (TJ\/SE), determinou nesta segunda-feira (10) que a pris\u00e3o do prefeito de Lagarto, Valmir Monteiro (PSC), fosse convertida em medidas cautelares. &nbsp; Ficou determinado ainda o afastamento de Valmir do cargo e a proibi\u00e7\u00e3o de acesso dele a locais que pertencem \u00e0 administra\u00e7\u00e3o p\u00fablica direta ou [&hellip;]<\/p>\n","protected":false},"author":6552,"featured_media":31778,"comment_status":"closed","ping_status":"closed","sticky":false,"template":"","format":"standard","meta":{"footnotes":""},"categories":[15,6],"tags":[8216,11678,7662,12336,11728,7593],"class_list":{"0":"post-118786","1":"post","2":"type-post","3":"status-publish","4":"format-standard","5":"has-post-thumbnail","7":"category-destaques","8":"category-politica","9":"tag-gaeco","10":"tag-operacao-leak","11":"tag-prefeito-de-lagarto","12":"tag-presidio-militar-de-aracaju","13":"tag-presmil","14":"tag-valmir-monteiro"},"_links":{"self":[{"href":"https:\/\/senoticias.com.br\/se\/wp-json\/wp\/v2\/posts\/118786"}],"collection":[{"href":"https:\/\/senoticias.com.br\/se\/wp-json\/wp\/v2\/posts"}],"about":[{"href":"https:\/\/senoticias.com.br\/se\/wp-json\/wp\/v2\/types\/post"}],"author":[{"embeddable":true,"href":"https:\/\/senoticias.com.br\/se\/wp-json\/wp\/v2\/users\/6552"}],"replies":[{"embeddable":true,"href":"https:\/\/senoticias.com.br\/se\/wp-json\/wp\/v2\/comments?post=118786"}],"version-history":[{"count":0,"href":"https:\/\/senoticias.com.br\/se\/wp-json\/wp\/v2\/posts\/118786\/revisions"}],"wp:featuredmedia":[{"embeddable":true,"href":"https:\/\/senoticias.com.br\/se\/wp-json\/wp\/v2\/media\/31778"}],"wp:attachment":[{"href":"https:\/\/senoticias.com.br\/se\/wp-json\/wp\/v2\/media?parent=118786"}],"wp:term":[{"taxonomy":"category","embeddable":true,"href":"https:\/\/senoticias.com.br\/se\/wp-json\/wp\/v2\/categories?post=118786"},{"taxonomy":"post_tag","embeddable":true,"href":"https:\/\/senoticias.com.br\/se\/wp-json\/wp\/v2\/tags?post=118786"}],"curies":[{"name":"wp","href":"https:\/\/api.w.org\/{rel}","templated":true}]}}