{"id":118774,"date":"2019-06-10T05:47:53","date_gmt":"2019-06-10T08:47:53","guid":{"rendered":"https:\/\/senoticias.com.br\/se\/?p=118774"},"modified":"2019-06-10T06:01:26","modified_gmt":"2019-06-10T09:01:26","slug":"policial-civil-sofre-tentativa-de-homicidio-em-aracaju","status":"publish","type":"post","link":"https:\/\/senoticias.com.br\/se\/policial-civil-sofre-tentativa-de-homicidio-em-aracaju\/","title":{"rendered":"Policial Civil sofre tentativa de homic\u00eddio em Aracaju"},"content":{"rendered":"<p style=\"text-align: justify;\">Um policial civil fazia entrega de intima\u00e7\u00f5es no bairro industrial, na Zona Norte de Aracaju (SE), quando sofreu uma tentativa de homic\u00eddio na sexta-feira, 7.<\/p>\n<div id=\"attachment_118775\" style=\"width: 609px\" class=\"wp-caption alignnone\"><a href=\"https:\/\/senoticias.com.br\/se\/wp-content\/uploads\/2019\/06\/Policial-Civil-SE-Noticias-e1560156543351.jpg\"><img loading=\"lazy\" decoding=\"async\" aria-describedby=\"caption-attachment-118775\" class=\"size-full wp-image-118775\" src=\"https:\/\/senoticias.com.br\/se\/wp-content\/uploads\/2019\/06\/Policial-Civil-SE-Noticias-e1560156543351.jpg\" alt=\"\" width=\"599\" height=\"423\" \/><\/a><p id=\"caption-attachment-118775\" class=\"wp-caption-text\">Os criminosos dispararam contra o policial, mas ele n\u00e3o se feriu<\/p><\/div>\n<p style=\"text-align: justify;\">A\u00a0 Secretaria da Seguran\u00e7a P\u00fablica (SSP) informou que o\u00a0 policial observou a ocorr\u00eancia de um assalto e seguiu em persegui\u00e7\u00e3o aos infratores. Os criminosos dispararam contra o policial, mas ele n\u00e3o se feriu. Nenhum suspeito foi preso at\u00e9 o momento.<\/p>\n<p style=\"text-align: justify;\">O caso ser\u00e1 investigado pela delegada Suir\u00e1 Paim.<\/p>\n<p>&nbsp;<\/p>\n<p>&nbsp;<\/p>\n<p><a href=\"https:\/\/senoticias.com.br\/se\/wp-content\/uploads\/2019\/05\/Logomarca-fone-SE-4-2-1-1-1-1-1-1-1-2-3-4-1.jpg\"><img loading=\"lazy\" decoding=\"async\" class=\"alignnone size-full wp-image-118600\" src=\"https:\/\/senoticias.com.br\/se\/wp-content\/uploads\/2019\/05\/Logomarca-fone-SE-4-2-1-1-1-1-1-1-1-2-3-4-1.jpg\" alt=\"\" width=\"599\" height=\"78\" srcset=\"https:\/\/senoticias.com.br\/se\/wp-content\/uploads\/2019\/05\/Logomarca-fone-SE-4-2-1-1-1-1-1-1-1-2-3-4-1.jpg 599w, https:\/\/senoticias.com.br\/se\/wp-content\/uploads\/2019\/05\/Logomarca-fone-SE-4-2-1-1-1-1-1-1-1-2-3-4-1-300x39.jpg 300w\" sizes=\"(max-width: 599px) 100vw, 599px\" \/><\/a><\/p>\n<p>&nbsp;<\/p>\n<p>&nbsp;<\/p>\n<p><em><strong>Acompanhe o SE Not\u00edcias no\u00a0<\/strong><a href=\"https:\/\/twitter.com\/Senoticias\" target=\"_blank\" rel=\"noopener\"><b>Twitter<\/b><\/a><strong>,\u00a0<\/strong><a href=\"https:\/\/www.facebook.com\/senoticias1\" target=\"_blank\" rel=\"noopener\"><b>Facebook\u00a0<\/b><\/a><strong>e no\u00a0<\/strong><a href=\"https:\/\/www.instagram.com\/senoticias\/\" target=\"_blank\" rel=\"noopener\"><b>Instagram<\/b><\/a><\/em><\/p>\n<p>&nbsp;<\/p>\n<p>&nbsp;<\/p>\n<p><em>Informa\u00e7\u00f5es do site Fan1<\/em><\/p>\n","protected":false},"excerpt":{"rendered":"<p>Um policial civil fazia entrega de intima\u00e7\u00f5es no bairro industrial, na Zona Norte de Aracaju (SE), quando sofreu uma tentativa de homic\u00eddio na sexta-feira, 7. A\u00a0 Secretaria da Seguran\u00e7a P\u00fablica (SSP) informou que o\u00a0 policial observou a ocorr\u00eancia de um assalto e seguiu em persegui\u00e7\u00e3o aos infratores. Os criminosos dispararam contra o policial, mas ele [&hellip;]<\/p>\n","protected":false},"author":6552,"featured_media":118775,"comment_status":"closed","ping_status":"closed","sticky":false,"template":"","format":"standard","meta":{"footnotes":""},"categories":[15,7,1],"tags":[3597,8327,7992],"class_list":{"0":"post-118774","1":"post","2":"type-post","3":"status-publish","4":"format-standard","5":"has-post-thumbnail","7":"category-destaques","8":"category-policia","9":"category-sem-categoria","10":"tag-policial-civil","11":"tag-secretaria-da-seguranca-publica","12":"tag-tentativa-de-assalto"},"_links":{"self":[{"href":"https:\/\/senoticias.com.br\/se\/wp-json\/wp\/v2\/posts\/118774"}],"collection":[{"href":"https:\/\/senoticias.com.br\/se\/wp-json\/wp\/v2\/posts"}],"about":[{"href":"https:\/\/senoticias.com.br\/se\/wp-json\/wp\/v2\/types\/post"}],"author":[{"embeddable":true,"href":"https:\/\/senoticias.com.br\/se\/wp-json\/wp\/v2\/users\/6552"}],"replies":[{"embeddable":true,"href":"https:\/\/senoticias.com.br\/se\/wp-json\/wp\/v2\/comments?post=118774"}],"version-history":[{"count":0,"href":"https:\/\/senoticias.com.br\/se\/wp-json\/wp\/v2\/posts\/118774\/revisions"}],"wp:featuredmedia":[{"embeddable":true,"href":"https:\/\/senoticias.com.br\/se\/wp-json\/wp\/v2\/media\/118775"}],"wp:attachment":[{"href":"https:\/\/senoticias.com.br\/se\/wp-json\/wp\/v2\/media?parent=118774"}],"wp:term":[{"taxonomy":"category","embeddable":true,"href":"https:\/\/senoticias.com.br\/se\/wp-json\/wp\/v2\/categories?post=118774"},{"taxonomy":"post_tag","embeddable":true,"href":"https:\/\/senoticias.com.br\/se\/wp-json\/wp\/v2\/tags?post=118774"}],"curies":[{"name":"wp","href":"https:\/\/api.w.org\/{rel}","templated":true}]}}