{"id":118732,"date":"2019-06-06T16:05:31","date_gmt":"2019-06-06T19:05:31","guid":{"rendered":"https:\/\/senoticias.com.br\/se\/?p=118732"},"modified":"2019-06-06T16:07:28","modified_gmt":"2019-06-06T19:07:28","slug":"secretario-da-prefeitura-de-itabaiana-foi-executado-dentro-de-churrascaria","status":"publish","type":"post","link":"https:\/\/senoticias.com.br\/se\/secretario-da-prefeitura-de-itabaiana-foi-executado-dentro-de-churrascaria\/","title":{"rendered":"Secret\u00e1rio da Prefeitura de Itabaiana foi executado dentro de churrascaria"},"content":{"rendered":"<p style=\"text-align: justify;\">Por volta das 08h da manh\u00e3 desta quinta-feira, dia 6, o Secret\u00e1rio de Assuntos Institucionais e Defesa Social de Itabaiana, Rauan Stefani Santos Santana, de aproximadamente 27 anos foi assassinado a tiros dentro de um restaurante localizado \u00e0s margens da BR-235, no munic\u00edpio serrano.<\/p>\n<p style=\"text-align: justify;\">A Pol\u00edcia Militar e Civil foram acionadas e contactaram o Instituto M\u00e9dico Legal (IML). Rauan estava tomando caf\u00e9 no restaurante quando foi surpreendido por um indiv\u00edduo que desceu de um carro e efetuou disparos em sua dire\u00e7\u00e3o. Ele morreu no local.<\/p>\n<div id=\"attachment_118733\" style=\"width: 533px\" class=\"wp-caption alignnone\"><a href=\"https:\/\/senoticias.com.br\/se\/wp-content\/uploads\/2019\/06\/Secretario-Assassinado-SE-Noticias.jpg\"><img loading=\"lazy\" decoding=\"async\" aria-describedby=\"caption-attachment-118733\" class=\"size-full wp-image-118733\" src=\"https:\/\/senoticias.com.br\/se\/wp-content\/uploads\/2019\/06\/Secretario-Assassinado-SE-Noticias.jpg\" alt=\"\" width=\"523\" height=\"429\" srcset=\"https:\/\/senoticias.com.br\/se\/wp-content\/uploads\/2019\/06\/Secretario-Assassinado-SE-Noticias.jpg 523w, https:\/\/senoticias.com.br\/se\/wp-content\/uploads\/2019\/06\/Secretario-Assassinado-SE-Noticias-300x246.jpg 300w\" sizes=\"(max-width: 523px) 100vw, 523px\" \/><\/a><p id=\"caption-attachment-118733\" class=\"wp-caption-text\">A pol\u00edcia j\u00e1 solicitou as imagens da c\u00e2mera de seguran\u00e7a da churrascaria, que fica localizada \u00e0s margens da BR-235 (foto: redes sociais)<\/p><\/div>\n<p style=\"text-align: justify;\"><strong>Nota de pesar da prefeitura<\/strong><\/p>\n<p style=\"text-align: justify;\"><em>\u201c\u00c9 com grande pesar que a Prefeitura de Itabaiana informa o falecimento do secret\u00e1rio municipal de Assuntos Institucionais e Defesa Social, Rauan Stefani de Santos Santana, na manh\u00e3 desta quinta-feira (6). Em condol\u00eancia \u00e0 fam\u00edlia, aos amigos e aos colegas do servidor, o prefeito Valmir de Francisquinho cancelou as inaugura\u00e7\u00f5es das obras da Escola Professora Maria Andrade Carvalho, do Povoado Flexas, e Pra\u00e7a Santa Clara, que aconteceriam nessa sexta-feira (7), e decretou luto oficial por tr\u00eas dias\u201d<\/em>.<\/p>\n<p>&nbsp;<\/p>\n<p><a href=\"https:\/\/senoticias.com.br\/se\/wp-content\/uploads\/2019\/05\/Logomarca-fone-SE-4-2-1-1-1-1-1-1-1-2-3-4-1.jpg\"><img loading=\"lazy\" decoding=\"async\" class=\"alignnone size-full wp-image-118600\" src=\"https:\/\/senoticias.com.br\/se\/wp-content\/uploads\/2019\/05\/Logomarca-fone-SE-4-2-1-1-1-1-1-1-1-2-3-4-1.jpg\" alt=\"\" width=\"599\" height=\"78\" srcset=\"https:\/\/senoticias.com.br\/se\/wp-content\/uploads\/2019\/05\/Logomarca-fone-SE-4-2-1-1-1-1-1-1-1-2-3-4-1.jpg 599w, https:\/\/senoticias.com.br\/se\/wp-content\/uploads\/2019\/05\/Logomarca-fone-SE-4-2-1-1-1-1-1-1-1-2-3-4-1-300x39.jpg 300w\" sizes=\"(max-width: 599px) 100vw, 599px\" \/><\/a><\/p>\n<p>&nbsp;<\/p>\n<p><em><strong>Acompanhe o SE Not\u00edcias no\u00a0<\/strong><a href=\"https:\/\/twitter.com\/Senoticias\" target=\"_blank\" rel=\"noopener\"><b>Twitter<\/b><\/a><strong>,\u00a0<\/strong><a href=\"https:\/\/www.facebook.com\/senoticias1\" target=\"_blank\" rel=\"noopener\"><b>Facebook\u00a0<\/b><\/a><strong>e no\u00a0<\/strong><a href=\"https:\/\/www.instagram.com\/senoticias\/\" target=\"_blank\" rel=\"noopener\"><b>Instagram<\/b><\/a><\/em><\/p>\n<p>&nbsp;<\/p>\n<p><em>Com informa\u00e7\u00f5es do Itnet<\/em><\/p>\n","protected":false},"excerpt":{"rendered":"<p>Por volta das 08h da manh\u00e3 desta quinta-feira, dia 6, o Secret\u00e1rio de Assuntos Institucionais e Defesa Social de Itabaiana, Rauan Stefani Santos Santana, de aproximadamente 27 anos foi assassinado a tiros dentro de um restaurante localizado \u00e0s margens da BR-235, no munic\u00edpio serrano. A Pol\u00edcia Militar e Civil foram acionadas e contactaram o Instituto [&hellip;]<\/p>\n","protected":false},"author":6552,"featured_media":118733,"comment_status":"closed","ping_status":"closed","sticky":false,"template":"","format":"standard","meta":{"footnotes":""},"categories":[15,7],"tags":[236,5305,12315],"class_list":{"0":"post-118732","1":"post","2":"type-post","3":"status-publish","4":"format-standard","5":"has-post-thumbnail","7":"category-destaques","8":"category-policia","9":"tag-itabaiana","10":"tag-prefeitura-de-itabaiana","11":"tag-secretario-assassinado"},"_links":{"self":[{"href":"https:\/\/senoticias.com.br\/se\/wp-json\/wp\/v2\/posts\/118732"}],"collection":[{"href":"https:\/\/senoticias.com.br\/se\/wp-json\/wp\/v2\/posts"}],"about":[{"href":"https:\/\/senoticias.com.br\/se\/wp-json\/wp\/v2\/types\/post"}],"author":[{"embeddable":true,"href":"https:\/\/senoticias.com.br\/se\/wp-json\/wp\/v2\/users\/6552"}],"replies":[{"embeddable":true,"href":"https:\/\/senoticias.com.br\/se\/wp-json\/wp\/v2\/comments?post=118732"}],"version-history":[{"count":0,"href":"https:\/\/senoticias.com.br\/se\/wp-json\/wp\/v2\/posts\/118732\/revisions"}],"wp:featuredmedia":[{"embeddable":true,"href":"https:\/\/senoticias.com.br\/se\/wp-json\/wp\/v2\/media\/118733"}],"wp:attachment":[{"href":"https:\/\/senoticias.com.br\/se\/wp-json\/wp\/v2\/media?parent=118732"}],"wp:term":[{"taxonomy":"category","embeddable":true,"href":"https:\/\/senoticias.com.br\/se\/wp-json\/wp\/v2\/categories?post=118732"},{"taxonomy":"post_tag","embeddable":true,"href":"https:\/\/senoticias.com.br\/se\/wp-json\/wp\/v2\/tags?post=118732"}],"curies":[{"name":"wp","href":"https:\/\/api.w.org\/{rel}","templated":true}]}}