{"id":118655,"date":"2019-05-31T10:35:25","date_gmt":"2019-05-31T13:35:25","guid":{"rendered":"https:\/\/senoticias.com.br\/se\/?p=118655"},"modified":"2019-05-31T11:17:19","modified_gmt":"2019-05-31T14:17:19","slug":"confira-a-programacao-dos-festejos-juninos-desta-sexta-feira-31","status":"publish","type":"post","link":"https:\/\/senoticias.com.br\/se\/confira-a-programacao-dos-festejos-juninos-desta-sexta-feira-31\/","title":{"rendered":"Confira a programa\u00e7\u00e3o dos festejos juninos desta sexta-feira, 31"},"content":{"rendered":"<p style=\"text-align: justify;\">Os munic\u00edpios de Nossa Senhora do Socorro, Areia Branca e Est\u00e2ncia ter\u00e3o arrasta-p\u00e9 nesta sexta-feira, 31, durante a abertura dos festejos juninos. Entre as atra\u00e7\u00f5es est\u00e3o Edson Lima e Banda Gatinha Manhosa, Cintura Fina, Xand Avi\u00e3o, Mano Walter, Cavalo De Pau e M\u00e1rcia Fellipe.<\/p>\n<div id=\"attachment_118656\" style=\"width: 560px\" class=\"wp-caption alignnone\"><a href=\"https:\/\/senoticias.com.br\/se\/wp-content\/uploads\/2019\/05\/abertura_festejos_juninos_foto_divulgacao_310519.jpg\"><img loading=\"lazy\" decoding=\"async\" aria-describedby=\"caption-attachment-118656\" class=\"size-full wp-image-118656\" src=\"https:\/\/senoticias.com.br\/se\/wp-content\/uploads\/2019\/05\/abertura_festejos_juninos_foto_divulgacao_310519.jpg\" alt=\"\" width=\"550\" height=\"330\" srcset=\"https:\/\/senoticias.com.br\/se\/wp-content\/uploads\/2019\/05\/abertura_festejos_juninos_foto_divulgacao_310519.jpg 550w, https:\/\/senoticias.com.br\/se\/wp-content\/uploads\/2019\/05\/abertura_festejos_juninos_foto_divulgacao_310519-300x180.jpg 300w\" sizes=\"(max-width: 550px) 100vw, 550px\" \/><\/a><p id=\"caption-attachment-118656\" class=\"wp-caption-text\">Abertura dos festejos juninos ocorre em Est\u00e2ncia, Socorro e Areia Branca (foto. redes sociais)<\/p><\/div>\n<p><strong>Festejos em Nossa Senhora do Socorro<br \/>\n<\/strong>Local \u2013 Sede de Nossa Senhora de Socorro<br \/>\nTauan Nogueira<br \/>\nEduardo e Luciano<br \/>\nCintura Fina<br \/>\nEdson Lima e Banda Gatinha Manhosa<br \/>\nJan Padronne<\/p>\n<p><strong>Festejos \u201cS\u00e3o Jo\u00e3o P\u00e9 no Ch\u00e3o\u201d de Areia Branca<\/strong><\/p>\n<p><strong>Dia 31 de maio<br \/>\n<\/strong>Local: Forr\u00f3dromo Municipal<\/p>\n<p>Bonde TOP 10<br \/>\nUnha Pintada<br \/>\nErivaldo de Carira<br \/>\nXand Avi\u00e3o<br \/>\nFarra de Bar\u00e3o<br \/>\nMano Walter<\/p>\n<p><b>Festejos do munic\u00edpio de Est\u00e2ncia<\/b><\/p>\n<p><strong>Local:<\/strong> Sede do munic\u00edpio<br \/>\n<strong>10h<\/strong> \u2013\u00a0F\u00f3rum Estadual de Turismo<br \/>\nLOCAL: Audit\u00f3rio da UNIT\/Est\u00e2ncia<\/p>\n<p><strong>19h \u2013<\/strong>\u00a0Abertura Oficial dos Festejos Juninos de Est\u00e2ncia<br \/>\n<strong>Cortejo Cultural:<\/strong> Local: Sa\u00edda da Av. Get\u00falio Vargas (em frente a Igrejinha)<\/p>\n<p>Hasteamento das Bandeiras<br \/>\nB\u00ean\u00e7\u00e3o da Fogueira<br \/>\nTrio P\u00e9 de Serra Sanfona Branca<br \/>\n<strong>Local:<\/strong> Pra\u00e7a Bar\u00e3o do Rio Branco<br \/>\n<strong>Shows com:<\/strong> Thyta Bar\u00e3o\u00a0e\u00a0Banda; Cavalo De Pau; M\u00e1rcia Fellipe\u00a0e\u00a0Banda\u00a0e\u00a0Mano Walter\u00a0e\u00a0Banda<br \/>\n<strong>22h \u2013<\/strong>\u00a0Apresenta\u00e7\u00f5es de Barcos de Fogo<br \/>\n<strong>Local:<\/strong> Forr\u00f3dromo Rog\u00e9rio Cardozo<\/p>\n<p>&nbsp;<\/p>\n<p>&nbsp;<\/p>\n<p>&nbsp;<\/p>\n<p>&nbsp;<\/p>\n<p><a href=\"https:\/\/senoticias.com.br\/se\/wp-content\/uploads\/2019\/05\/Logomarca-fone-SE-4-2-1-1-1-1-1-1-1-2-3-4-1.jpg\"><img loading=\"lazy\" decoding=\"async\" class=\"alignnone size-full wp-image-118600\" src=\"https:\/\/senoticias.com.br\/se\/wp-content\/uploads\/2019\/05\/Logomarca-fone-SE-4-2-1-1-1-1-1-1-1-2-3-4-1.jpg\" alt=\"\" width=\"599\" height=\"78\" srcset=\"https:\/\/senoticias.com.br\/se\/wp-content\/uploads\/2019\/05\/Logomarca-fone-SE-4-2-1-1-1-1-1-1-1-2-3-4-1.jpg 599w, https:\/\/senoticias.com.br\/se\/wp-content\/uploads\/2019\/05\/Logomarca-fone-SE-4-2-1-1-1-1-1-1-1-2-3-4-1-300x39.jpg 300w\" sizes=\"(max-width: 599px) 100vw, 599px\" \/><\/a><\/p>\n<p>&nbsp;<\/p>\n<p>&nbsp;<\/p>\n<p><em><strong>Acompanhe o SE Not\u00edcias no\u00a0<\/strong><a href=\"https:\/\/twitter.com\/Senoticias\" target=\"_blank\" rel=\"noopener\"><b>Twitter<\/b><\/a><strong>,\u00a0<\/strong><a href=\"https:\/\/www.facebook.com\/senoticias1\" target=\"_blank\" rel=\"noopener\"><b>Facebook\u00a0<\/b><\/a><strong>e no\u00a0<\/strong><a href=\"https:\/\/www.instagram.com\/senoticias\/\" target=\"_blank\" rel=\"noopener\"><b>Instagram<\/b><\/a><\/em><\/p>\n<p>&nbsp;<\/p>\n<p><em>Infonet, com informa\u00e7\u00f5es da organiza\u00e7\u00e3o dos eventos<\/em><\/p>\n","protected":false},"excerpt":{"rendered":"<p>Os munic\u00edpios de Nossa Senhora do Socorro, Areia Branca e Est\u00e2ncia ter\u00e3o arrasta-p\u00e9 nesta sexta-feira, 31, durante a abertura dos festejos juninos. Entre as atra\u00e7\u00f5es est\u00e3o Edson Lima e Banda Gatinha Manhosa, Cintura Fina, Xand Avi\u00e3o, Mano Walter, Cavalo De Pau e M\u00e1rcia Fellipe. Festejos em Nossa Senhora do Socorro Local \u2013 Sede de Nossa [&hellip;]<\/p>\n","protected":false},"author":6552,"featured_media":118656,"comment_status":"closed","ping_status":"closed","sticky":false,"template":"","format":"standard","meta":{"footnotes":""},"categories":[15,21,6],"tags":[473,972,2650,12279],"class_list":{"0":"post-118655","1":"post","2":"type-post","3":"status-publish","4":"format-standard","5":"has-post-thumbnail","7":"category-destaques","8":"category-entretenimento","9":"category-politica","10":"tag-areia-branca","11":"tag-estancia","12":"tag-nossa-senhora-do-socorro","13":"tag-sao-joao-pe-no-chao"},"_links":{"self":[{"href":"https:\/\/senoticias.com.br\/se\/wp-json\/wp\/v2\/posts\/118655"}],"collection":[{"href":"https:\/\/senoticias.com.br\/se\/wp-json\/wp\/v2\/posts"}],"about":[{"href":"https:\/\/senoticias.com.br\/se\/wp-json\/wp\/v2\/types\/post"}],"author":[{"embeddable":true,"href":"https:\/\/senoticias.com.br\/se\/wp-json\/wp\/v2\/users\/6552"}],"replies":[{"embeddable":true,"href":"https:\/\/senoticias.com.br\/se\/wp-json\/wp\/v2\/comments?post=118655"}],"version-history":[{"count":0,"href":"https:\/\/senoticias.com.br\/se\/wp-json\/wp\/v2\/posts\/118655\/revisions"}],"wp:featuredmedia":[{"embeddable":true,"href":"https:\/\/senoticias.com.br\/se\/wp-json\/wp\/v2\/media\/118656"}],"wp:attachment":[{"href":"https:\/\/senoticias.com.br\/se\/wp-json\/wp\/v2\/media?parent=118655"}],"wp:term":[{"taxonomy":"category","embeddable":true,"href":"https:\/\/senoticias.com.br\/se\/wp-json\/wp\/v2\/categories?post=118655"},{"taxonomy":"post_tag","embeddable":true,"href":"https:\/\/senoticias.com.br\/se\/wp-json\/wp\/v2\/tags?post=118655"}],"curies":[{"name":"wp","href":"https:\/\/api.w.org\/{rel}","templated":true}]}}