{"id":118589,"date":"2019-05-25T10:30:00","date_gmt":"2019-05-25T13:30:00","guid":{"rendered":"https:\/\/senoticias.com.br\/se\/?p=118589"},"modified":"2019-05-25T10:30:00","modified_gmt":"2019-05-25T13:30:00","slug":"primeira-escola-do-flamengo-em-aracaju-sera-inaugurada-neste-domingo","status":"publish","type":"post","link":"https:\/\/senoticias.com.br\/se\/primeira-escola-do-flamengo-em-aracaju-sera-inaugurada-neste-domingo\/","title":{"rendered":"Primeira Escola do Flamengo em Aracaju ser\u00e1 inaugurada neste domingo"},"content":{"rendered":"<p style=\"text-align: justify;\">Neste, domingo, 26, Aracaju ganhar\u00e1 sua primeira Escola do Flamengo, a escolinha de futebol oficial do Clube de Regatas Flamengo voltada para crian\u00e7as e adolescentes de 3 a 17 anos. A estrutura funcionar\u00e1 no Clube de Engenharia, localizado na rua Professor Jugurta Feitosa Franco, n\u00ba 170, na Coroa do Meio, onde a solenidade de inaugura\u00e7\u00e3o ser\u00e1 iniciada \u00e0s 14h. A celebra\u00e7\u00e3o contar\u00e1 com a presen\u00e7a do ex-jogador e ex-t\u00e9cnico rubro-negro Andrade, \u00eddolo do Flamengo.<\/p>\n<div id=\"attachment_118590\" style=\"width: 560px\" class=\"wp-caption aligncenter\"><a href=\"https:\/\/senoticias.com.br\/se\/wp-content\/uploads\/2019\/05\/escolaflamengoimagem2-e1558790870801.jpg\"><img loading=\"lazy\" decoding=\"async\" aria-describedby=\"caption-attachment-118590\" class=\"size-full wp-image-118590\" src=\"https:\/\/senoticias.com.br\/se\/wp-content\/uploads\/2019\/05\/escolaflamengoimagem2-e1558790870801.jpg\" alt=\"\" width=\"550\" height=\"250\" \/><\/a><p id=\"caption-attachment-118590\" class=\"wp-caption-text\">A estrutura funcionar\u00e1 no Clube de Engenharia (Foto: Flamengo)<\/p><\/div>\n<p style=\"text-align: justify;\">\nA Escola do Flamengo possui 153 unidades em 20 estados e soma cerca de 18 mil alunos. De acordo com o diretor t\u00e9cnico da iniciativa, Ant\u00f4nio Lima, h\u00e1 v\u00e1rios pacotes dispon\u00edveis para os interessados, e os benef\u00edcios v\u00e3o desde seguro m\u00e9dico a entrada com mascote em jogos do Flamengo e uma Copa destinada s\u00f3 a alunos das escolinhas \u2013 competi\u00e7\u00e3o disputada na G\u00e1vea e no Maracan\u00e3. Em Aracaju, as aulas iniciar\u00e3o na segunda-feira, 27.<\/p>\n<p>&nbsp;<\/p>\n<p><a href=\"https:\/\/senoticias.com.br\/se\/wp-content\/uploads\/2019\/04\/Logomarca-fone-SE-4-2-1-1-1-1-1-1-1-2-3-4-1.jpg\"><img loading=\"lazy\" decoding=\"async\" class=\"aligncenter size-full wp-image-118176\" src=\"https:\/\/senoticias.com.br\/se\/wp-content\/uploads\/2019\/04\/Logomarca-fone-SE-4-2-1-1-1-1-1-1-1-2-3-4-1.jpg\" alt=\"\" width=\"599\" height=\"78\" srcset=\"https:\/\/senoticias.com.br\/se\/wp-content\/uploads\/2019\/04\/Logomarca-fone-SE-4-2-1-1-1-1-1-1-1-2-3-4-1.jpg 599w, https:\/\/senoticias.com.br\/se\/wp-content\/uploads\/2019\/04\/Logomarca-fone-SE-4-2-1-1-1-1-1-1-1-2-3-4-1-300x39.jpg 300w\" sizes=\"(max-width: 599px) 100vw, 599px\" \/><\/a><\/p>\n<p>&nbsp;<\/p>\n<p><em><strong>Acompanhe o SE Not\u00edcias no\u00a0<\/strong><a href=\"https:\/\/twitter.com\/Senoticias\" target=\"_blank\" rel=\"noopener\"><b>Twitter<\/b><\/a><strong>,\u00a0<\/strong><a href=\"https:\/\/www.facebook.com\/senoticias1\" target=\"_blank\" rel=\"noopener\"><b>Facebook\u00a0<\/b><\/a><strong>e no\u00a0<\/strong><a href=\"https:\/\/www.instagram.com\/senoticias\/\" target=\"_blank\" rel=\"noopener\"><b>Instagram<\/b><\/a><\/em><\/p>\n<p>&nbsp;<\/p>\n<p>Com informa\u00e7\u00f5es do Clube de Regatas Flamengo<\/p>\n","protected":false},"excerpt":{"rendered":"<p>Neste, domingo, 26, Aracaju ganhar\u00e1 sua primeira Escola do Flamengo, a escolinha de futebol oficial do Clube de Regatas Flamengo voltada para crian\u00e7as e adolescentes de 3 a 17 anos. A estrutura funcionar\u00e1 no Clube de Engenharia, localizado na rua Professor Jugurta Feitosa Franco, n\u00ba 170, na Coroa do Meio, onde a solenidade de inaugura\u00e7\u00e3o [&hellip;]<\/p>\n","protected":false},"author":6557,"featured_media":0,"comment_status":"closed","ping_status":"closed","sticky":false,"template":"","format":"standard","meta":{"footnotes":""},"categories":[15],"tags":[12246],"class_list":{"0":"post-118589","1":"post","2":"type-post","3":"status-publish","4":"format-standard","6":"category-destaques","7":"tag-inauguracao-escolinha-do-flamengo-aracaju"},"_links":{"self":[{"href":"https:\/\/senoticias.com.br\/se\/wp-json\/wp\/v2\/posts\/118589"}],"collection":[{"href":"https:\/\/senoticias.com.br\/se\/wp-json\/wp\/v2\/posts"}],"about":[{"href":"https:\/\/senoticias.com.br\/se\/wp-json\/wp\/v2\/types\/post"}],"author":[{"embeddable":true,"href":"https:\/\/senoticias.com.br\/se\/wp-json\/wp\/v2\/users\/6557"}],"replies":[{"embeddable":true,"href":"https:\/\/senoticias.com.br\/se\/wp-json\/wp\/v2\/comments?post=118589"}],"version-history":[{"count":0,"href":"https:\/\/senoticias.com.br\/se\/wp-json\/wp\/v2\/posts\/118589\/revisions"}],"wp:attachment":[{"href":"https:\/\/senoticias.com.br\/se\/wp-json\/wp\/v2\/media?parent=118589"}],"wp:term":[{"taxonomy":"category","embeddable":true,"href":"https:\/\/senoticias.com.br\/se\/wp-json\/wp\/v2\/categories?post=118589"},{"taxonomy":"post_tag","embeddable":true,"href":"https:\/\/senoticias.com.br\/se\/wp-json\/wp\/v2\/tags?post=118589"}],"curies":[{"name":"wp","href":"https:\/\/api.w.org\/{rel}","templated":true}]}}