{"id":118587,"date":"2019-05-25T10:14:02","date_gmt":"2019-05-25T13:14:02","guid":{"rendered":"https:\/\/senoticias.com.br\/se\/?p=118587"},"modified":"2019-05-25T10:14:02","modified_gmt":"2019-05-25T13:14:02","slug":"vereador-de-caninde-de-sao-francisco-lanca-nota-de-repudio-contra-falso-boato-camara-municipal-nao-planeja-golpe-para-prefeito-ednaldo-da-farmacia","status":"publish","type":"post","link":"https:\/\/senoticias.com.br\/se\/vereador-de-caninde-de-sao-francisco-lanca-nota-de-repudio-contra-falso-boato-camara-municipal-nao-planeja-golpe-para-prefeito-ednaldo-da-farmacia\/","title":{"rendered":"Vereador de Canind\u00e9 de S\u00e3o Francisco lan\u00e7a nota de rep\u00fadio contra falso boato &#8221; C\u00e2mara Municipal n\u00e3o planeja golpe para prefeito Ednaldo da Farm\u00e1cia&#8221;"},"content":{"rendered":"<p>Diante da acusa\u00e7\u00e3o de que a C\u00e2mara Municipal de Canind\u00e9 de S\u00e3o Francisco estava tramando um &#8220;golpe&#8221; para derrubar o prefeito Ednaldo Vieira Barros \u201cEdnaldo da Farm\u00e1cia\u201d, o Presidente do Poder Legislativo, Weldo Mariano, decide se pronunciar em Nota ao comunicador M\u00e1rcio Arag\u00e3o e pode rolar processo.<\/p>\n<div id=\"attachment_118588\" style=\"width: 358px\" class=\"wp-caption aligncenter\"><a href=\"https:\/\/senoticias.com.br\/se\/wp-content\/uploads\/2019\/05\/Vereador_Weldo_Mariano_Canind\u00e9_xodonews.jpg\"><img loading=\"lazy\" decoding=\"async\" aria-describedby=\"caption-attachment-118588\" class=\"size-full wp-image-118588\" src=\"https:\/\/senoticias.com.br\/se\/wp-content\/uploads\/2019\/05\/Vereador_Weldo_Mariano_Canind\u00e9_xodonews.jpg\" alt=\"\" width=\"348\" height=\"282\" srcset=\"https:\/\/senoticias.com.br\/se\/wp-content\/uploads\/2019\/05\/Vereador_Weldo_Mariano_Canind\u00e9_xodonews.jpg 348w, https:\/\/senoticias.com.br\/se\/wp-content\/uploads\/2019\/05\/Vereador_Weldo_Mariano_Canind\u00e9_xodonews-300x243.jpg 300w, https:\/\/senoticias.com.br\/se\/wp-content\/uploads\/2019\/05\/Vereador_Weldo_Mariano_Canind\u00e9_xodonews-45x35.jpg 45w\" sizes=\"(max-width: 348px) 100vw, 348px\" \/><\/a><p id=\"caption-attachment-118588\" class=\"wp-caption-text\">Foto: Imagem\/reprodu\u00e7\u00e3o internet<\/p><\/div>\n<p>NOTA DE ESCLARECIMENTO E REP\u00daDIO<\/p>\n<p>A C\u00e2mara Municipal de Canind\u00e9 de S\u00e3o Francisco \u00e9 um Poder Legislativo eleito para representar o povo canindeense. Fiscalizar as a\u00e7\u00f5es do Poder Executivo, fazer valer a aplica\u00e7\u00e3o das leis, elaborar junto com o Munic\u00edpio o seu desenvolvimento e aplica\u00e7\u00e3o dos investimentos com a m\u00e1xima responsabilidade, \u00e9 parte do papel.<\/p>\n<p>Eu, vereador Weldo Mariano, Presidente da C\u00e2mara Municipal de Canind\u00e9 de S\u00e3o Francisco, em nome de todos os demais parlamentares desse poder, queremos repudiar a fala do comunicador M\u00e1rcio Arag\u00e3o que, sem se ater ao papel \u00e9tico do bom jornalismo, n\u00e3o procurou \u00e0 esta C\u00e2mara Municipal para obter as informa\u00e7\u00f5es que se pretendia e posteriormente publicar. Houve precipita\u00e7\u00e3o, amadorismo e maldade, al\u00e9m de agir em alvoro\u00e7o afirmando que pretend\u00edamos, enquanto vereadores, \u201cdar golpe.\u201d Deixando entender que este Poder pretende derrubar o Excelent\u00edssimo Senhor Prefeito Ednaldo Vieira Barros do seu cargo. N\u00e3o procede e repudiamos, desmentimos com veem\u00eancia e classificamos como irrespons\u00e1vel e caluniosa a informa\u00e7\u00e3o do referido senhor M\u00e1rcio Arag\u00e3o.<\/p>\n<p>Sendo um Poder paralelo ao Executivo, primamos pela boa rela\u00e7\u00e3o com todos os poderes sem abrir m\u00e3o do nosso papel e agiremos quando houver injusti\u00e7a e descumprimento das leis. Entretanto, o companheirismo c\u00edvico e das boas rela\u00e7\u00f5es com o Poder Executivo, n\u00e3o faz da institui\u00e7\u00e3o inerte aos erros que a administra\u00e7\u00e3o esteja cometendo e denunciados por meio e iniciativa do brioso Minist\u00e9rio P\u00fablico \u00e0 Justi\u00e7a, como \u00e9 do conhecimento da sociedade. A Justi\u00e7a sabe agir.<\/p>\n<p>Solicitamos respeito e que a popula\u00e7\u00e3o seja informada com a verdade e m\u00e1xima transpar\u00eancia e que prevale\u00e7a o jornalismo s\u00e9rio, imparcial e cidad\u00e3o. O caminho para dirimir injusti\u00e7as \u00e9 a pr\u00f3pria Justi\u00e7a.<\/p>\n<p>Weldo Mariano de Sousa<br \/>\nPresidente<\/p>\n<p>Canind\u00e9 de S\u00e3o Francisco(SE), 23 de maio de 2019.<\/p>\n<p>&nbsp;<\/p>\n<p><a href=\"https:\/\/senoticias.com.br\/se\/wp-content\/uploads\/2019\/04\/Logomarca-fone-SE-4-2-1-1-1-1-1-1-1-2-3-4-1.jpg\"><img loading=\"lazy\" decoding=\"async\" class=\"aligncenter size-full wp-image-118176\" src=\"https:\/\/senoticias.com.br\/se\/wp-content\/uploads\/2019\/04\/Logomarca-fone-SE-4-2-1-1-1-1-1-1-1-2-3-4-1.jpg\" alt=\"\" width=\"599\" height=\"78\" srcset=\"https:\/\/senoticias.com.br\/se\/wp-content\/uploads\/2019\/04\/Logomarca-fone-SE-4-2-1-1-1-1-1-1-1-2-3-4-1.jpg 599w, https:\/\/senoticias.com.br\/se\/wp-content\/uploads\/2019\/04\/Logomarca-fone-SE-4-2-1-1-1-1-1-1-1-2-3-4-1-300x39.jpg 300w\" sizes=\"(max-width: 599px) 100vw, 599px\" \/><\/a><\/p>\n<p>&nbsp;<\/p>\n<p><em><strong>Acompanhe o SE Not\u00edcias no\u00a0<\/strong><a href=\"https:\/\/twitter.com\/Senoticias\" target=\"_blank\" rel=\"noopener\"><b>Twitter<\/b><\/a><strong>,\u00a0<\/strong><a href=\"https:\/\/www.facebook.com\/senoticias1\" target=\"_blank\" rel=\"noopener\"><b>Facebook\u00a0<\/b><\/a><strong>e no\u00a0<\/strong><b><a href=\"https:\/\/www.instagram.com\/senoticias\/\" target=\"_blank\" rel=\"noopener\">Instagram<\/a>\u00a0<\/b><\/em><\/p>\n<p>&nbsp;<\/p>\n<p>Por Adeval Marques<\/p>\n","protected":false},"excerpt":{"rendered":"<p>Diante da acusa\u00e7\u00e3o de que a C\u00e2mara Municipal de Canind\u00e9 de S\u00e3o Francisco estava tramando um &#8220;golpe&#8221; para derrubar o prefeito Ednaldo Vieira Barros \u201cEdnaldo da Farm\u00e1cia\u201d, o Presidente do Poder Legislativo, Weldo Mariano, decide se pronunciar em Nota ao comunicador M\u00e1rcio Arag\u00e3o e pode rolar processo. NOTA DE ESCLARECIMENTO E REP\u00daDIO A C\u00e2mara Municipal [&hellip;]<\/p>\n","protected":false},"author":6557,"featured_media":0,"comment_status":"closed","ping_status":"closed","sticky":false,"template":"","format":"standard","meta":{"footnotes":""},"categories":[15,6],"tags":[12245],"class_list":{"0":"post-118587","1":"post","2":"type-post","3":"status-publish","4":"format-standard","6":"category-destaques","7":"category-politica","8":"tag-vereador-weldo-mariano-caninde-de-sao-francisco-nota-repudio"},"_links":{"self":[{"href":"https:\/\/senoticias.com.br\/se\/wp-json\/wp\/v2\/posts\/118587"}],"collection":[{"href":"https:\/\/senoticias.com.br\/se\/wp-json\/wp\/v2\/posts"}],"about":[{"href":"https:\/\/senoticias.com.br\/se\/wp-json\/wp\/v2\/types\/post"}],"author":[{"embeddable":true,"href":"https:\/\/senoticias.com.br\/se\/wp-json\/wp\/v2\/users\/6557"}],"replies":[{"embeddable":true,"href":"https:\/\/senoticias.com.br\/se\/wp-json\/wp\/v2\/comments?post=118587"}],"version-history":[{"count":0,"href":"https:\/\/senoticias.com.br\/se\/wp-json\/wp\/v2\/posts\/118587\/revisions"}],"wp:attachment":[{"href":"https:\/\/senoticias.com.br\/se\/wp-json\/wp\/v2\/media?parent=118587"}],"wp:term":[{"taxonomy":"category","embeddable":true,"href":"https:\/\/senoticias.com.br\/se\/wp-json\/wp\/v2\/categories?post=118587"},{"taxonomy":"post_tag","embeddable":true,"href":"https:\/\/senoticias.com.br\/se\/wp-json\/wp\/v2\/tags?post=118587"}],"curies":[{"name":"wp","href":"https:\/\/api.w.org\/{rel}","templated":true}]}}