{"id":118451,"date":"2019-05-14T08:54:24","date_gmt":"2019-05-14T11:54:24","guid":{"rendered":"https:\/\/senoticias.com.br\/se\/?p=118451"},"modified":"2019-05-15T11:39:09","modified_gmt":"2019-05-15T14:39:09","slug":"lei-permite-medidas-emergenciais-a-mulheres-vitimas-de-violencia","status":"publish","type":"post","link":"https:\/\/senoticias.com.br\/se\/lei-permite-medidas-emergenciais-a-mulheres-vitimas-de-violencia\/","title":{"rendered":"Lei permite medidas emergenciais a mulheres v\u00edtimas de viol\u00eancia"},"content":{"rendered":"<p style=\"text-align: justify;\">O presidente Jair Bolsonaro sancionou na tarde de hoje (13) a lei que permite que autoridades policiais determinem a aplica\u00e7\u00e3o de medidas protetivas a mulheres v\u00edtimas de viol\u00eancia dom\u00e9stica. O prazo para san\u00e7\u00e3o ou veto presidencial terminava hoje. A relatora do Projeto de Lei no Senado, Leila Barros (PSB-DF), confirmou a assinatura do presidente, que transformou o projeto em lei, sem vetos.<\/p>\n<div id=\"attachment_118452\" style=\"width: 560px\" class=\"wp-caption aligncenter\"><a href=\"https:\/\/senoticias.com.br\/se\/wp-content\/uploads\/2019\/05\/whatsapp_image_2019-05-13_at_19.13.18-e1557834748653.jpeg\"><img loading=\"lazy\" decoding=\"async\" aria-describedby=\"caption-attachment-118452\" class=\"size-full wp-image-118452\" src=\"https:\/\/senoticias.com.br\/se\/wp-content\/uploads\/2019\/05\/whatsapp_image_2019-05-13_at_19.13.18-e1557834748653.jpeg\" alt=\"\" width=\"550\" height=\"366\" \/><\/a><p id=\"caption-attachment-118452\" class=\"wp-caption-text\">Presidente da Republica, Jairo Bolsonaro, Senadora Leila Barros &#8211; Carolina Antunes\/PR<\/p><\/div>\n<p style=\"text-align: justify;\">\u201cHoje no finalzinho da tarde o presidente sancionou o PL 94, sobre as medidas protetivas [para as mulheres v\u00edtimas de agress\u00e3o] nas primeiras 24 horas\u201d, disse a senadora. \u201cSabemos que nos rinc\u00f5es desse pa\u00eds existem muitos munic\u00edpios que n\u00e3o t\u00eam comarca e muitas mulheres s\u00e3o v\u00edtimas de viol\u00eancia e n\u00e3o t\u00eam medida protetiva naquelas primeiras 24 horas. Sabemos que [as primeiras 24 horas] s\u00e3o a diferen\u00e7a entre a vida e a morte de muitas delas\u201d. Leila acompanhou, no Pal\u00e1cio do Planalto, a san\u00e7\u00e3o do PL.<\/p>\n<p style=\"text-align: justify;\">O texto prev\u00ea que a autoridade policial poder\u00e1 determinar a medida protetiva em cidades onde n\u00e3o haja um juiz para faz\u00ea-lo. Assim, o delegado ou at\u00e9 o pr\u00f3prio agente, na aus\u00eancia do delegado, poder\u00e1 determinar que o agressor saia de casa, mantendo dist\u00e2ncia da v\u00edtima at\u00e9 a an\u00e1lise do juiz. Segundo o texto, a autoridade policial dever\u00e1 informar a decis\u00e3o ao juiz da comarca mais pr\u00f3xima em at\u00e9 24 horas.Atualmente, a lei estabelece um prazo de 48 horas para que a pol\u00edcia comunique o juiz sobre as agress\u00f5es, para que, s\u00f3 ent\u00e3o, ele decida sobre as medidas protetivas. A efetiva aplica\u00e7\u00e3o de medidas, no entanto, pode levar mais tempo para ocorrer, uma vez que a decis\u00e3o s\u00f3 passa a valer ap\u00f3s o agressor ser encontrado e intimado por um oficial de justi\u00e7a.<\/p>\n<p style=\"text-align: justify;\">A lei encontra resist\u00eancia entre os magistrados. A categoria alega que o texto confere \u00e0 pol\u00edcia uma compet\u00eancia exclusiva do Judici\u00e1rio. J\u00e1 representantes da Pol\u00edcia Civil entendem que a medida pode salvar a vida de muitas mulheres.<\/p>\n<p style=\"text-align: justify;\">\u201c\u00c9 muito comum as v\u00edtimas fazerem a ocorr\u00eancia e voltarem \u00e0 delegacia enquanto ele ainda n\u00e3o foi intimado de uma decis\u00e3o judicial. E ela volta dizendo &#8216;ele est\u00e1 me mandando recado todos os dias, estou me sentindo muito amea\u00e7ada&#8217;\u201d, disse a delegada-chefe da Delegacia Especial de Atendimento \u00e0 Mulher (DEAM), Sandra Melo, em entrevista \u00e0 Ag\u00eancia Brasil.<\/p>\n<p>&nbsp;<\/p>\n<p><a href=\"https:\/\/senoticias.com.br\/se\/wp-content\/uploads\/2019\/04\/Logomarca-fone-SE-4-2-1-1-1-1-1-1-1-2-3-4-1.jpg\"><img loading=\"lazy\" decoding=\"async\" class=\"aligncenter size-full wp-image-118176\" src=\"https:\/\/senoticias.com.br\/se\/wp-content\/uploads\/2019\/04\/Logomarca-fone-SE-4-2-1-1-1-1-1-1-1-2-3-4-1.jpg\" alt=\"\" width=\"599\" height=\"78\" srcset=\"https:\/\/senoticias.com.br\/se\/wp-content\/uploads\/2019\/04\/Logomarca-fone-SE-4-2-1-1-1-1-1-1-1-2-3-4-1.jpg 599w, https:\/\/senoticias.com.br\/se\/wp-content\/uploads\/2019\/04\/Logomarca-fone-SE-4-2-1-1-1-1-1-1-1-2-3-4-1-300x39.jpg 300w\" sizes=\"(max-width: 599px) 100vw, 599px\" \/><\/a><\/p>\n<p>&nbsp;<\/p>\n<p><em><strong>Acompanhe o SE Not\u00edcias no\u00a0<\/strong><a href=\"https:\/\/twitter.com\/Senoticias\" target=\"_blank\" rel=\"noopener\"><b>Twitter<\/b><\/a><strong>,\u00a0<\/strong><a href=\"https:\/\/www.facebook.com\/senoticias1\" target=\"_blank\" rel=\"noopener\"><b>Facebook\u00a0<\/b><\/a><strong>e no\u00a0<\/strong><b><a href=\"https:\/\/www.instagram.com\/senoticias\/\" target=\"_blank\" rel=\"noopener\">Instagram<\/a>\u00a0\u00a0<\/b><\/em><\/p>\n<p>&nbsp;<\/p>\n<p>Por Ag\u00eancia Brasil<\/p>\n","protected":false},"excerpt":{"rendered":"<p>O presidente Jair Bolsonaro sancionou na tarde de hoje (13) a lei que permite que autoridades policiais determinem a aplica\u00e7\u00e3o de medidas protetivas a mulheres v\u00edtimas de viol\u00eancia dom\u00e9stica. O prazo para san\u00e7\u00e3o ou veto presidencial terminava hoje. A relatora do Projeto de Lei no Senado, Leila Barros (PSB-DF), confirmou a assinatura do presidente, que [&hellip;]<\/p>\n","protected":false},"author":6557,"featured_media":0,"comment_status":"closed","ping_status":"closed","sticky":false,"template":"","format":"standard","meta":{"footnotes":""},"categories":[15,7],"tags":[12199],"class_list":{"0":"post-118451","1":"post","2":"type-post","3":"status-publish","4":"format-standard","6":"category-destaques","7":"category-policia","8":"tag-lei-permite-medidas-emergenciais-a-mulheres-vitimas-de-violencia"},"_links":{"self":[{"href":"https:\/\/senoticias.com.br\/se\/wp-json\/wp\/v2\/posts\/118451"}],"collection":[{"href":"https:\/\/senoticias.com.br\/se\/wp-json\/wp\/v2\/posts"}],"about":[{"href":"https:\/\/senoticias.com.br\/se\/wp-json\/wp\/v2\/types\/post"}],"author":[{"embeddable":true,"href":"https:\/\/senoticias.com.br\/se\/wp-json\/wp\/v2\/users\/6557"}],"replies":[{"embeddable":true,"href":"https:\/\/senoticias.com.br\/se\/wp-json\/wp\/v2\/comments?post=118451"}],"version-history":[{"count":0,"href":"https:\/\/senoticias.com.br\/se\/wp-json\/wp\/v2\/posts\/118451\/revisions"}],"wp:attachment":[{"href":"https:\/\/senoticias.com.br\/se\/wp-json\/wp\/v2\/media?parent=118451"}],"wp:term":[{"taxonomy":"category","embeddable":true,"href":"https:\/\/senoticias.com.br\/se\/wp-json\/wp\/v2\/categories?post=118451"},{"taxonomy":"post_tag","embeddable":true,"href":"https:\/\/senoticias.com.br\/se\/wp-json\/wp\/v2\/tags?post=118451"}],"curies":[{"name":"wp","href":"https:\/\/api.w.org\/{rel}","templated":true}]}}