{"id":118449,"date":"2019-05-14T08:41:54","date_gmt":"2019-05-14T11:41:54","guid":{"rendered":"https:\/\/senoticias.com.br\/se\/?p=118449"},"modified":"2019-05-15T11:40:05","modified_gmt":"2019-05-15T14:40:05","slug":"belivaldo-sinaliza-que-petrobras-vai-aumentar-investimentos-em-se","status":"publish","type":"post","link":"https:\/\/senoticias.com.br\/se\/belivaldo-sinaliza-que-petrobras-vai-aumentar-investimentos-em-se\/","title":{"rendered":"Belivaldo sinaliza que Petrobras vai aumentar investimentos em SE"},"content":{"rendered":"<p style=\"text-align: justify;\">Em meio \u00e0 discuss\u00e3o e busca de alternativas para que a F\u00e1brica de Fertilizantes Nitrogenados (Fafen) n\u00e3o deixe de operar, em Sergipe, o governador Belivaldo Chagas disse em entrevista nesta segunda-feira, 13, que a Petrobras deve aumentar os investimentos no estado nos pr\u00f3ximos anos. Enquanto o arrendamento da Fafen segue como principal alternativa, o governador acredita que a descoberta de novos po\u00e7os de g\u00e1s em Sergipe vai atrair mais a\u00e7\u00f5es da Petrobras.<\/p>\n<div id=\"attachment_118450\" style=\"width: 655px\" class=\"wp-caption aligncenter\"><a href=\"https:\/\/senoticias.com.br\/se\/wp-content\/uploads\/2019\/05\/belivaldo-petrobras-entrevista_13052019.jpg\"><img loading=\"lazy\" decoding=\"async\" aria-describedby=\"caption-attachment-118450\" class=\"size-full wp-image-118450\" src=\"https:\/\/senoticias.com.br\/se\/wp-content\/uploads\/2019\/05\/belivaldo-petrobras-entrevista_13052019.jpg\" alt=\"\" width=\"645\" height=\"427\" srcset=\"https:\/\/senoticias.com.br\/se\/wp-content\/uploads\/2019\/05\/belivaldo-petrobras-entrevista_13052019.jpg 645w, https:\/\/senoticias.com.br\/se\/wp-content\/uploads\/2019\/05\/belivaldo-petrobras-entrevista_13052019-300x199.jpg 300w, https:\/\/senoticias.com.br\/se\/wp-content\/uploads\/2019\/05\/belivaldo-petrobras-entrevista_13052019-90x60.jpg 90w, https:\/\/senoticias.com.br\/se\/wp-content\/uploads\/2019\/05\/belivaldo-petrobras-entrevista_13052019-180x120.jpg 180w, https:\/\/senoticias.com.br\/se\/wp-content\/uploads\/2019\/05\/belivaldo-petrobras-entrevista_13052019-95x64.jpg 95w\" sizes=\"(max-width: 645px) 100vw, 645px\" \/><\/a><p id=\"caption-attachment-118450\" class=\"wp-caption-text\">Governador acredita em crescimento de investimentos no estado (Foto: Portal Infonet<\/p><\/div>\n<p style=\"text-align: justify;\">\u201cN\u00f3s estamos vivendo um momento \u00edmpar com esses po\u00e7os descobertos. O que a gente sabe \u00e9 que nos pr\u00f3ximos cinco anos teremos amplia\u00e7\u00e3o da planta da Petrobras com investimentos, e a tend\u00eancia \u00e9 que ela vire os olhos para Sergipe. Assim como tiveram um momento de frear investimentos, agora a tend\u00eancia \u00e9 que tenhamos mais investimentos em Sergipe\u201d, disse Belivaldo.Em abril deste ano a Petrobras confirmou acumula\u00e7\u00e3o de \u00f3leo e g\u00e1s em po\u00e7os perfurados na regi\u00e3o de Moita Bonita. No mesmo m\u00eas, no entanto, o Sindicato Unificado dos Trabalhadores Petroleiros, Petroqu\u00edmicos, Qu\u00edmicos e Pl\u00e1sticos nos Estado de Alagoas e Sergipe (Sindipetro) denunciou que as plataformas na costa sergipana estavam reduzindo opera\u00e7\u00e3o e transferindo os trabalhadores para outros estados. A empresa disse que est\u00e1 concentrando os profissionais de Geologia e Geof\u00edsica na sede da empresa, no Rio de Janeiro, \u201cpara garantir maior robustez aos projetos explorat\u00f3rios\u201d, e que a medida n\u00e3o vai afetar as unidades operacionais.<\/p>\n<p>&nbsp;<\/p>\n<p><a href=\"https:\/\/senoticias.com.br\/se\/wp-content\/uploads\/2019\/04\/Logomarca-fone-SE-4-2-1-1-1-1-1-1-1-2-3-4-1.jpg\"><img loading=\"lazy\" decoding=\"async\" class=\"aligncenter size-full wp-image-118176\" src=\"https:\/\/senoticias.com.br\/se\/wp-content\/uploads\/2019\/04\/Logomarca-fone-SE-4-2-1-1-1-1-1-1-1-2-3-4-1.jpg\" alt=\"\" width=\"599\" height=\"78\" srcset=\"https:\/\/senoticias.com.br\/se\/wp-content\/uploads\/2019\/04\/Logomarca-fone-SE-4-2-1-1-1-1-1-1-1-2-3-4-1.jpg 599w, https:\/\/senoticias.com.br\/se\/wp-content\/uploads\/2019\/04\/Logomarca-fone-SE-4-2-1-1-1-1-1-1-1-2-3-4-1-300x39.jpg 300w\" sizes=\"(max-width: 599px) 100vw, 599px\" \/><\/a><\/p>\n<p>&nbsp;<\/p>\n<p><em><strong>Acompanhe o SE Not\u00edcias no\u00a0<\/strong><a href=\"https:\/\/twitter.com\/Senoticias\" target=\"_blank\" rel=\"noopener\"><b>Twitter<\/b><\/a><strong>,\u00a0<\/strong><a href=\"https:\/\/www.facebook.com\/senoticias1\" target=\"_blank\" rel=\"noopener\"><b>Facebook\u00a0<\/b><\/a><strong>e no\u00a0<\/strong><b><a href=\"https:\/\/www.instagram.com\/senoticias\/\" target=\"_blank\" rel=\"noopener\">Instagram<\/a>\u00a0\u00a0<\/b><\/em><\/p>\n<p>Por \u00cdcaro Novaes<\/p>\n","protected":false},"excerpt":{"rendered":"<p>Em meio \u00e0 discuss\u00e3o e busca de alternativas para que a F\u00e1brica de Fertilizantes Nitrogenados (Fafen) n\u00e3o deixe de operar, em Sergipe, o governador Belivaldo Chagas disse em entrevista nesta segunda-feira, 13, que a Petrobras deve aumentar os investimentos no estado nos pr\u00f3ximos anos. Enquanto o arrendamento da Fafen segue como principal alternativa, o governador [&hellip;]<\/p>\n","protected":false},"author":6557,"featured_media":0,"comment_status":"closed","ping_status":"closed","sticky":false,"template":"","format":"standard","meta":{"footnotes":""},"categories":[15,6],"tags":[12198],"class_list":{"0":"post-118449","1":"post","2":"type-post","3":"status-publish","4":"format-standard","6":"category-destaques","7":"category-politica","8":"tag-petrobras-investimentos-sergipe"},"_links":{"self":[{"href":"https:\/\/senoticias.com.br\/se\/wp-json\/wp\/v2\/posts\/118449"}],"collection":[{"href":"https:\/\/senoticias.com.br\/se\/wp-json\/wp\/v2\/posts"}],"about":[{"href":"https:\/\/senoticias.com.br\/se\/wp-json\/wp\/v2\/types\/post"}],"author":[{"embeddable":true,"href":"https:\/\/senoticias.com.br\/se\/wp-json\/wp\/v2\/users\/6557"}],"replies":[{"embeddable":true,"href":"https:\/\/senoticias.com.br\/se\/wp-json\/wp\/v2\/comments?post=118449"}],"version-history":[{"count":0,"href":"https:\/\/senoticias.com.br\/se\/wp-json\/wp\/v2\/posts\/118449\/revisions"}],"wp:attachment":[{"href":"https:\/\/senoticias.com.br\/se\/wp-json\/wp\/v2\/media?parent=118449"}],"wp:term":[{"taxonomy":"category","embeddable":true,"href":"https:\/\/senoticias.com.br\/se\/wp-json\/wp\/v2\/categories?post=118449"},{"taxonomy":"post_tag","embeddable":true,"href":"https:\/\/senoticias.com.br\/se\/wp-json\/wp\/v2\/tags?post=118449"}],"curies":[{"name":"wp","href":"https:\/\/api.w.org\/{rel}","templated":true}]}}