{"id":118334,"date":"2019-05-08T18:19:19","date_gmt":"2019-05-08T21:19:19","guid":{"rendered":"https:\/\/senoticias.com.br\/se\/?p=118334"},"modified":"2019-05-08T18:19:19","modified_gmt":"2019-05-08T21:19:19","slug":"belivaldo-chagas-e-outros-23-representantes-dos-estados-brasileiros-se-reuniram-com-o-presidente-bolsonaro","status":"publish","type":"post","link":"https:\/\/senoticias.com.br\/se\/belivaldo-chagas-e-outros-23-representantes-dos-estados-brasileiros-se-reuniram-com-o-presidente-bolsonaro\/","title":{"rendered":"Belivaldo Chagas e outros 23 representantes dos Estados brasileiros se reuniram com o presidente Bolsonaro"},"content":{"rendered":"<p style=\"text-align: justify;\">Nesta quarta-feira (08), o governador de Sergipe, Belivaldo Chagas, e outros 23 representantes dos Estados brasileiros se reuniram com os presidentes da Rep\u00fablica, Jair Bolsonaro, do Senado, Davi Alcolumbre e da C\u00e2mara, Rodrigo Maia, na resid\u00eancia oficial da Presid\u00eancia do Senado, em Bras\u00edlia, para discutir o Pacto Federativo. Ministros e lideran\u00e7as partid\u00e1rias do Congresso tamb\u00e9m participaram do debate.<\/p>\n<div id=\"attachment_118335\" style=\"width: 609px\" class=\"wp-caption alignnone\"><a href=\"https:\/\/senoticias.com.br\/se\/wp-content\/uploads\/2019\/05\/f159db8e33234b13e31ad085dc5896ab.jpeg\"><img loading=\"lazy\" decoding=\"async\" aria-describedby=\"caption-attachment-118335\" class=\"size-full wp-image-118335\" src=\"https:\/\/senoticias.com.br\/se\/wp-content\/uploads\/2019\/05\/f159db8e33234b13e31ad085dc5896ab-e1557350229276.jpeg\" alt=\"\" width=\"599\" height=\"399\" \/><\/a><p id=\"caption-attachment-118335\" class=\"wp-caption-text\">Governadores reivindicam pacto federativo para recupera\u00e7\u00e3o econ\u00f4mica (foto: Roque S\u00e1\/ASN)<\/p><\/div>\n<p style=\"text-align: justify;\">O pacto federativo \u00e9 o conjunto de dispositivos constitucionais que configuram a moldura jur\u00eddica, as obriga\u00e7\u00f5es financeiras, a arrecada\u00e7\u00e3o de recurso e os campos de atua\u00e7\u00e3o dos entes federados. O atual debate em torno do pacto federativo baseia-se, sobretudo, nas quest\u00f5es fiscais.<\/p>\n<p style=\"text-align: justify;\">Para Belivaldo, o Pacto Federativo \u00e9 fundamental para retomada do crescimento econ\u00f4mico do pa\u00eds e para o equil\u00edbrio financeiro dos Estados. \u201cAcho que foi uma reuni\u00e3o bastante importante. E por fim, o ministro Onyx Lorenzoni assumiu o compromisso de, no prazo m\u00e1ximo de uma semana, responder aos questionamentos que fizemos relacionados a seis temas extremamente importantes para o desenvolvimento do nosso Estado. Agora, vamos aguardar as respostas para que possamos ver a luz que esperamos no fim do t\u00fanel&#8221;, disse.<\/p>\n<p style=\"text-align: justify;\">Os governadores ainda expuseram quest\u00f5es como ajuda financeira, a revis\u00e3o da Lei Kandir para assegurar que estados possam receber o ICMS de produtos exportados, a chamada cess\u00e3o onerosa, a qual dever\u00e1 possibilitar uma renda extra a partir da explora\u00e7\u00e3o do petr\u00f3leo, prorroga\u00e7\u00e3o do Fundeb e a pr\u00f3pria reforma da Previd\u00eancia.<\/p>\n<p style=\"text-align: justify;\">As demandas est\u00e3o contidas na\u00a0<a href=\"http:\/\/agencia.se.gov.br\/uploads\/ckeditor\/attachments\/51\/05.07._--_Carta_do_Fo_rum_de_Governadores_aos_Chefes_do_Poder_Executivo_e_Legislativo.__1___1_.pdf\">carta<\/a>\u00a0entregue pelos governadores aos chefes do poderes Executivo e Legislativo com as seis principais propostas dos estados brasileiros para assegurar a estabilidade financeira dos entes federados. A aprova\u00e7\u00e3o dos itens depende do parlamento.<\/p>\n<p style=\"text-align: justify;\">Dos 27 governadores do pa\u00eds, apenas tr\u00eas, o do Paran\u00e1, o do Mato Grosso e o do Amazonas, n\u00e3o compareceram ao encontro e nem mandaram representantes. J\u00e1 os governadores da Para\u00edba, de Pernambuco, S\u00e3o Paulo e da Bahia foram representados pelos seus vices. Devido a uma viagem agendada ao Rio de Janeiro, o presidente Jair Bolsonaro precisou se retirar do local antes da conclus\u00e3o da reuni\u00e3o. O ministro da Casa Civil, Onyx Lorenzoni, foi encarregado de represent\u00e1-lo para a conclus\u00e3o das tratativas.<\/p>\n<p>&nbsp;<\/p>\n<p>&nbsp;<\/p>\n<p style=\"text-align: justify;\"><a href=\"https:\/\/senoticias.com.br\/se\/wp-content\/uploads\/2019\/04\/Logomarca-fone-SE-4-2-1-1-1-1-1-1-1-2-3-4-1.jpg\"><img loading=\"lazy\" decoding=\"async\" class=\"alignnone size-full wp-image-118176\" src=\"https:\/\/senoticias.com.br\/se\/wp-content\/uploads\/2019\/04\/Logomarca-fone-SE-4-2-1-1-1-1-1-1-1-2-3-4-1.jpg\" alt=\"\" width=\"599\" height=\"78\" srcset=\"https:\/\/senoticias.com.br\/se\/wp-content\/uploads\/2019\/04\/Logomarca-fone-SE-4-2-1-1-1-1-1-1-1-2-3-4-1.jpg 599w, https:\/\/senoticias.com.br\/se\/wp-content\/uploads\/2019\/04\/Logomarca-fone-SE-4-2-1-1-1-1-1-1-1-2-3-4-1-300x39.jpg 300w\" sizes=\"(max-width: 599px) 100vw, 599px\" \/><\/a><\/p>\n<p>&nbsp;<\/p>\n<p>&nbsp;<\/p>\n<p style=\"text-align: justify;\"><em><strong>Acompanhe o SE Not\u00edcias no\u00a0<\/strong><a href=\"https:\/\/twitter.com\/Senoticias\" target=\"_blank\" rel=\"noopener\"><b>Twitter<\/b><\/a><strong>,\u00a0<\/strong><a href=\"https:\/\/www.facebook.com\/senoticias1\" target=\"_blank\" rel=\"noopener\"><b>Facebook\u00a0<\/b><\/a><strong>e no\u00a0<\/strong><a href=\"https:\/\/www.instagram.com\/senoticias\/\" target=\"_blank\" rel=\"noopener\"><b>Instagram<\/b><\/a><\/em><\/p>\n<p>&nbsp;<\/p>\n<p style=\"text-align: justify;\"><em>Por Ag\u00eancia Sergipe de Not\u00edcias<\/em><\/p>\n","protected":false},"excerpt":{"rendered":"<p>Nesta quarta-feira (08), o governador de Sergipe, Belivaldo Chagas, e outros 23 representantes dos Estados brasileiros se reuniram com os presidentes da Rep\u00fablica, Jair Bolsonaro, do Senado, Davi Alcolumbre e da C\u00e2mara, Rodrigo Maia, na resid\u00eancia oficial da Presid\u00eancia do Senado, em Bras\u00edlia, para discutir o Pacto Federativo. Ministros e lideran\u00e7as partid\u00e1rias do Congresso tamb\u00e9m [&hellip;]<\/p>\n","protected":false},"author":6552,"featured_media":118335,"comment_status":"closed","ping_status":"closed","sticky":false,"template":"","format":"standard","meta":{"footnotes":""},"categories":[15,6],"tags":[3565,2806,879,6189,12150,11654],"class_list":{"0":"post-118334","1":"post","2":"type-post","3":"status-publish","4":"format-standard","5":"has-post-thumbnail","7":"category-destaques","8":"category-politica","9":"tag-belivaldo","10":"tag-belivaldo-chagas","11":"tag-governador-de-sergipe","12":"tag-jair-bolsonaro","13":"tag-pacto-federativo","14":"tag-presidente-jair-bolsonaro"},"_links":{"self":[{"href":"https:\/\/senoticias.com.br\/se\/wp-json\/wp\/v2\/posts\/118334"}],"collection":[{"href":"https:\/\/senoticias.com.br\/se\/wp-json\/wp\/v2\/posts"}],"about":[{"href":"https:\/\/senoticias.com.br\/se\/wp-json\/wp\/v2\/types\/post"}],"author":[{"embeddable":true,"href":"https:\/\/senoticias.com.br\/se\/wp-json\/wp\/v2\/users\/6552"}],"replies":[{"embeddable":true,"href":"https:\/\/senoticias.com.br\/se\/wp-json\/wp\/v2\/comments?post=118334"}],"version-history":[{"count":0,"href":"https:\/\/senoticias.com.br\/se\/wp-json\/wp\/v2\/posts\/118334\/revisions"}],"wp:featuredmedia":[{"embeddable":true,"href":"https:\/\/senoticias.com.br\/se\/wp-json\/wp\/v2\/media\/118335"}],"wp:attachment":[{"href":"https:\/\/senoticias.com.br\/se\/wp-json\/wp\/v2\/media?parent=118334"}],"wp:term":[{"taxonomy":"category","embeddable":true,"href":"https:\/\/senoticias.com.br\/se\/wp-json\/wp\/v2\/categories?post=118334"},{"taxonomy":"post_tag","embeddable":true,"href":"https:\/\/senoticias.com.br\/se\/wp-json\/wp\/v2\/tags?post=118334"}],"curies":[{"name":"wp","href":"https:\/\/api.w.org\/{rel}","templated":true}]}}