{"id":118331,"date":"2019-05-08T17:37:52","date_gmt":"2019-05-08T20:37:52","guid":{"rendered":"https:\/\/senoticias.com.br\/se\/?p=118331"},"modified":"2019-05-08T17:40:38","modified_gmt":"2019-05-08T20:40:38","slug":"policia-militar-estabelece-novas-estrategias-de-seguranca-no-municipio-de-capela","status":"publish","type":"post","link":"https:\/\/senoticias.com.br\/se\/policia-militar-estabelece-novas-estrategias-de-seguranca-no-municipio-de-capela\/","title":{"rendered":"Pol\u00edcia Militar estabelece novas estrat\u00e9gias de seguran\u00e7a no munic\u00edpio de Capela"},"content":{"rendered":"<p style=\"text-align: justify;\">Com o objetivo de estabelecer novas estrat\u00e9gias de seguran\u00e7a p\u00fablica para a comunidade do munic\u00edpio de Capela, o comandante-geral da Pol\u00edcia Militar do Estado de Sergipe, coronel Marcony Cabral, reuniu-se com o Comando do Policiamento do Interior (CPMI) e os comandantes locais, nesta quarta-feira, 8, no Quartel do Comando Geral.<\/p>\n<div id=\"attachment_118332\" style=\"width: 609px\" class=\"wp-caption alignnone\"><a href=\"https:\/\/senoticias.com.br\/se\/wp-content\/uploads\/2019\/05\/pm-1.jpg\"><img loading=\"lazy\" decoding=\"async\" aria-describedby=\"caption-attachment-118332\" class=\"size-full wp-image-118332\" src=\"https:\/\/senoticias.com.br\/se\/wp-content\/uploads\/2019\/05\/pm-1-e1557347928951.jpg\" alt=\"\" width=\"599\" height=\"399\" \/><\/a><p id=\"caption-attachment-118332\" class=\"wp-caption-text\">Refor\u00e7o no policiamento do munic\u00edpio contar\u00e1 com novas a\u00e7\u00f5es di\u00e1rias (foto: PM\/SE)<\/p><\/div>\n<p style=\"text-align: justify;\">Durante a reuni\u00e3o, o coronel Marcony, juntamente com o comandante do CPMI, coronel F\u00e1bio Rollemberg, recebeu as principais demandas da Companhia respons\u00e1vel pelo policiamento em Capela, por meio do comandante do 9\u00ba Batalh\u00e3o, major Franco, e do capit\u00e3o Lima, atual comandante da PM na cidade. De imediato, o comandante-geral deliberou que a seguran\u00e7a na regi\u00e3o ser\u00e1 refor\u00e7ada com o emprego de equipes do Grupamento T\u00e1tico do Interior (Gati) e da For\u00e7a T\u00e1tica do 9\u00ba BPM, que tem sede em Carm\u00f3polis.<\/p>\n<p style=\"text-align: justify;\">O major Franco ressaltou que ser\u00e3o realizadas opera\u00e7\u00f5es di\u00e1rias com o refor\u00e7o das tropas de unidades especializadas, disponibilizadas pelo Comando Geral. \u201cA partir da presente data, j\u00e1 teremos opera\u00e7\u00f5es para garantir mais seguran\u00e7a a popula\u00e7\u00e3o de Capela e de cidades vizinhas\u201d, reiterou o comandante do 9\u00ba Batalh\u00e3o.<\/p>\n<p style=\"text-align: justify;\">De acordo com o capit\u00e3o Lima, tamb\u00e9m ser\u00e3o adotadas medidas estrat\u00e9gicas com efeitos a m\u00e9dio e longo prazo. \u201cCom base em um novo planejamento estrat\u00e9gico, vamos implementar a\u00e7\u00f5es especificas para prevenir e combater, principalmente, os crimes violentos que afetam o munic\u00edpio de Capela e regi\u00e3o\u201d, destacou o comandante da 2\u00aa Companhia do 9\u00ba BPM.<\/p>\n<p>&nbsp;<\/p>\n<p>&nbsp;<\/p>\n<p><a href=\"https:\/\/senoticias.com.br\/se\/wp-content\/uploads\/2019\/04\/Logomarca-fone-SE-4-2-1-1-1-1-1-1-1-2-3-4-1.jpg\"><img loading=\"lazy\" decoding=\"async\" class=\"alignnone size-full wp-image-118176\" src=\"https:\/\/senoticias.com.br\/se\/wp-content\/uploads\/2019\/04\/Logomarca-fone-SE-4-2-1-1-1-1-1-1-1-2-3-4-1.jpg\" alt=\"\" width=\"599\" height=\"78\" srcset=\"https:\/\/senoticias.com.br\/se\/wp-content\/uploads\/2019\/04\/Logomarca-fone-SE-4-2-1-1-1-1-1-1-1-2-3-4-1.jpg 599w, https:\/\/senoticias.com.br\/se\/wp-content\/uploads\/2019\/04\/Logomarca-fone-SE-4-2-1-1-1-1-1-1-1-2-3-4-1-300x39.jpg 300w\" sizes=\"(max-width: 599px) 100vw, 599px\" \/><\/a><\/p>\n<p>&nbsp;<\/p>\n<p>&nbsp;<\/p>\n<p><em><strong>Acompanhe o SE Not\u00edcias no\u00a0<\/strong><a href=\"https:\/\/twitter.com\/Senoticias\" target=\"_blank\" rel=\"noopener\"><b>Twitter<\/b><\/a><strong>,\u00a0<\/strong><a href=\"https:\/\/www.facebook.com\/senoticias1\" target=\"_blank\" rel=\"noopener\"><b>Facebook\u00a0<\/b><\/a><strong>e no\u00a0<\/strong><a href=\"https:\/\/www.instagram.com\/senoticias\/\" target=\"_blank\" rel=\"noopener\"><b>Instagram<\/b><\/a><\/em><\/p>\n<p><em>Mat\u00e9ria extra\u00edda do site da Pol\u00edcia Militar<\/em><\/p>\n","protected":false},"excerpt":{"rendered":"<p>Com o objetivo de estabelecer novas estrat\u00e9gias de seguran\u00e7a p\u00fablica para a comunidade do munic\u00edpio de Capela, o comandante-geral da Pol\u00edcia Militar do Estado de Sergipe, coronel Marcony Cabral, reuniu-se com o Comando do Policiamento do Interior (CPMI) e os comandantes locais, nesta quarta-feira, 8, no Quartel do Comando Geral. Durante a reuni\u00e3o, o coronel [&hellip;]<\/p>\n","protected":false},"author":6552,"featured_media":118332,"comment_status":"closed","ping_status":"closed","sticky":false,"template":"","format":"standard","meta":{"footnotes":""},"categories":[15,7,1],"tags":[978,505,12149],"class_list":{"0":"post-118331","1":"post","2":"type-post","3":"status-publish","4":"format-standard","5":"has-post-thumbnail","7":"category-destaques","8":"category-policia","9":"category-sem-categoria","10":"tag-capela","11":"tag-policia-militar-do-estado-de-sergipe","12":"tag-violencia-em-capela"},"_links":{"self":[{"href":"https:\/\/senoticias.com.br\/se\/wp-json\/wp\/v2\/posts\/118331"}],"collection":[{"href":"https:\/\/senoticias.com.br\/se\/wp-json\/wp\/v2\/posts"}],"about":[{"href":"https:\/\/senoticias.com.br\/se\/wp-json\/wp\/v2\/types\/post"}],"author":[{"embeddable":true,"href":"https:\/\/senoticias.com.br\/se\/wp-json\/wp\/v2\/users\/6552"}],"replies":[{"embeddable":true,"href":"https:\/\/senoticias.com.br\/se\/wp-json\/wp\/v2\/comments?post=118331"}],"version-history":[{"count":0,"href":"https:\/\/senoticias.com.br\/se\/wp-json\/wp\/v2\/posts\/118331\/revisions"}],"wp:featuredmedia":[{"embeddable":true,"href":"https:\/\/senoticias.com.br\/se\/wp-json\/wp\/v2\/media\/118332"}],"wp:attachment":[{"href":"https:\/\/senoticias.com.br\/se\/wp-json\/wp\/v2\/media?parent=118331"}],"wp:term":[{"taxonomy":"category","embeddable":true,"href":"https:\/\/senoticias.com.br\/se\/wp-json\/wp\/v2\/categories?post=118331"},{"taxonomy":"post_tag","embeddable":true,"href":"https:\/\/senoticias.com.br\/se\/wp-json\/wp\/v2\/tags?post=118331"}],"curies":[{"name":"wp","href":"https:\/\/api.w.org\/{rel}","templated":true}]}}