{"id":118297,"date":"2019-05-07T07:49:47","date_gmt":"2019-05-07T10:49:47","guid":{"rendered":"https:\/\/senoticias.com.br\/se\/?p=118297"},"modified":"2019-05-07T12:53:16","modified_gmt":"2019-05-07T15:53:16","slug":"crianca-de-11-anos-morre-atropelada-por-cacamba-no-parque-dos-farois","status":"publish","type":"post","link":"https:\/\/senoticias.com.br\/se\/crianca-de-11-anos-morre-atropelada-por-cacamba-no-parque-dos-farois\/","title":{"rendered":"Crian\u00e7a de 11 anos morre atropelada por ca\u00e7amba no Parque dos Far\u00f3is"},"content":{"rendered":"<p style=\"text-align: justify;\">Uma crian\u00e7a de 11 anos morreu no in\u00edcio da tarde da \u00faltima segunda-feira, 06, no conjunto Parque dos Far\u00f3is, em Nossa Senhora do Socorro, ap\u00f3s ser atropelada por uma ca\u00e7amba. Segundo informa\u00e7\u00f5es do capit\u00e3o Silveira, comandante da Companhia de Pol\u00edcia de Tr\u00e2nsito (CPTran), a crian\u00e7a tinha acabado de sair da escola Municipal Mariana Prado Vasconcelos, que fica na rua pr\u00f3xima onde ocorreu o acidente.<\/p>\n<div id=\"attachment_118298\" style=\"width: 560px\" class=\"wp-caption aligncenter\"><a href=\"https:\/\/senoticias.com.br\/se\/wp-content\/uploads\/2019\/05\/acidente-nossa-senhora-do-socorro-foto-rede-social-aracaju-agora-not\u00edcias-1.png\"><img loading=\"lazy\" decoding=\"async\" aria-describedby=\"caption-attachment-118298\" class=\"size-full wp-image-118298\" src=\"https:\/\/senoticias.com.br\/se\/wp-content\/uploads\/2019\/05\/acidente-nossa-senhora-do-socorro-foto-rede-social-aracaju-agora-not\u00edcias-1.png\" alt=\"\" width=\"550\" height=\"330\" srcset=\"https:\/\/senoticias.com.br\/se\/wp-content\/uploads\/2019\/05\/acidente-nossa-senhora-do-socorro-foto-rede-social-aracaju-agora-not\u00edcias-1.png 550w, https:\/\/senoticias.com.br\/se\/wp-content\/uploads\/2019\/05\/acidente-nossa-senhora-do-socorro-foto-rede-social-aracaju-agora-not\u00edcias-1-300x180.png 300w\" sizes=\"(max-width: 550px) 100vw, 550px\" \/><\/a><p id=\"caption-attachment-118298\" class=\"wp-caption-text\">A crian\u00e7a morreu na hora (Foto: rede social \/ Aracaju Agora Not\u00edcias)<\/p><\/div>\n<p style=\"text-align: justify;\">Ainda segundo informa\u00e7\u00f5es do capit\u00e3o Silveira, a crian\u00e7a morreu na hora. \u201cAinda n\u00e3o temos a identifica\u00e7\u00e3o da crian\u00e7a e do motorista\u201d, resume.<\/p>\n<p style=\"text-align: justify;\">O Instituto M\u00e9dico Legal foi acionado para recolher o corpo do menino.<\/p>\n<p>&nbsp;<\/p>\n<p><a href=\"https:\/\/senoticias.com.br\/se\/wp-content\/uploads\/2019\/04\/Logomarca-fone-SE-4-2-1-1-1-1-1-1-1-2-3-4-1.jpg\"><img loading=\"lazy\" decoding=\"async\" class=\"aligncenter size-full wp-image-118176\" src=\"https:\/\/senoticias.com.br\/se\/wp-content\/uploads\/2019\/04\/Logomarca-fone-SE-4-2-1-1-1-1-1-1-1-2-3-4-1.jpg\" alt=\"\" width=\"599\" height=\"78\" srcset=\"https:\/\/senoticias.com.br\/se\/wp-content\/uploads\/2019\/04\/Logomarca-fone-SE-4-2-1-1-1-1-1-1-1-2-3-4-1.jpg 599w, https:\/\/senoticias.com.br\/se\/wp-content\/uploads\/2019\/04\/Logomarca-fone-SE-4-2-1-1-1-1-1-1-1-2-3-4-1-300x39.jpg 300w\" sizes=\"(max-width: 599px) 100vw, 599px\" \/><\/a><\/p>\n<p>&nbsp;<\/p>\n<p><em><strong>Acompanhe o SE Not\u00edcias no\u00a0<\/strong><a href=\"https:\/\/twitter.com\/Senoticias\" target=\"_blank\" rel=\"noopener\"><b>Twitter<\/b><\/a><strong>,\u00a0<\/strong><a href=\"https:\/\/www.facebook.com\/senoticias1\" target=\"_blank\" rel=\"noopener\"><b>Facebook\u00a0<\/b><\/a><strong>e no\u00a0<\/strong><a href=\"https:\/\/www.instagram.com\/senoticias\/\" target=\"_blank\" rel=\"noopener\"><b>Instagram<\/b><\/a><\/em><\/p>\n<p><em>Por Jo\u00e3o Paulo Schneider e Aisla Vasconcelos, do portal Infonet<\/em><\/p>\n<p>&nbsp;<\/p>\n","protected":false},"excerpt":{"rendered":"<p>Uma crian\u00e7a de 11 anos morreu no in\u00edcio da tarde da \u00faltima segunda-feira, 06, no conjunto Parque dos Far\u00f3is, em Nossa Senhora do Socorro, ap\u00f3s ser atropelada por uma ca\u00e7amba. Segundo informa\u00e7\u00f5es do capit\u00e3o Silveira, comandante da Companhia de Pol\u00edcia de Tr\u00e2nsito (CPTran), a crian\u00e7a tinha acabado de sair da escola Municipal Mariana Prado Vasconcelos, [&hellip;]<\/p>\n","protected":false},"author":6557,"featured_media":0,"comment_status":"closed","ping_status":"closed","sticky":false,"template":"","format":"standard","meta":{"footnotes":""},"categories":[15,7],"tags":[12140,12137],"class_list":{"0":"post-118297","1":"post","2":"type-post","3":"status-publish","4":"format-standard","6":"category-destaques","7":"category-policia","8":"tag-acidente-com-cacamba","9":"tag-acidente-crianca-nossa-senhora-do-socorro-sergipe"},"_links":{"self":[{"href":"https:\/\/senoticias.com.br\/se\/wp-json\/wp\/v2\/posts\/118297"}],"collection":[{"href":"https:\/\/senoticias.com.br\/se\/wp-json\/wp\/v2\/posts"}],"about":[{"href":"https:\/\/senoticias.com.br\/se\/wp-json\/wp\/v2\/types\/post"}],"author":[{"embeddable":true,"href":"https:\/\/senoticias.com.br\/se\/wp-json\/wp\/v2\/users\/6557"}],"replies":[{"embeddable":true,"href":"https:\/\/senoticias.com.br\/se\/wp-json\/wp\/v2\/comments?post=118297"}],"version-history":[{"count":0,"href":"https:\/\/senoticias.com.br\/se\/wp-json\/wp\/v2\/posts\/118297\/revisions"}],"wp:attachment":[{"href":"https:\/\/senoticias.com.br\/se\/wp-json\/wp\/v2\/media?parent=118297"}],"wp:term":[{"taxonomy":"category","embeddable":true,"href":"https:\/\/senoticias.com.br\/se\/wp-json\/wp\/v2\/categories?post=118297"},{"taxonomy":"post_tag","embeddable":true,"href":"https:\/\/senoticias.com.br\/se\/wp-json\/wp\/v2\/tags?post=118297"}],"curies":[{"name":"wp","href":"https:\/\/api.w.org\/{rel}","templated":true}]}}