{"id":118295,"date":"2019-05-07T07:09:14","date_gmt":"2019-05-07T10:09:14","guid":{"rendered":"https:\/\/senoticias.com.br\/se\/?p=118295"},"modified":"2019-05-07T07:09:14","modified_gmt":"2019-05-07T10:09:14","slug":"ibge-vai-contratar-234-mil-temporarios-para-censo-2020","status":"publish","type":"post","link":"https:\/\/senoticias.com.br\/se\/ibge-vai-contratar-234-mil-temporarios-para-censo-2020\/","title":{"rendered":"IBGE vai contratar 234 mil tempor\u00e1rios para Censo 2020"},"content":{"rendered":"<p style=\"text-align: justify;\">O Minist\u00e9rio da Economia autorizou a contrata\u00e7\u00e3o tempor\u00e1ria de at\u00e9 234,4 mil profissionais para atuarem no Censo 2020, realizado pelo Instituto Brasileiro de Geografia e Estat\u00edstica. Os profissionais ser\u00e3o contratados a partir de janeiro de 2020. A autoriza\u00e7\u00e3o est\u00e1 em portaria publicada no\u00a0<em><a href=\"http:\/\/http\/\/www.in.gov.br\/web\/dou\/-\/portaria-n%C2%BA-207-de-2-de-maio-de-2019-86798310\" target=\"_blank\" rel=\"noopener\">Di\u00e1rio Oficial da Uni\u00e3o<\/a>\u00a0<\/em>de ontem (6).<\/p>\n<p style=\"text-align: justify;\">Do total de vagas, 196 mil ser\u00e3o para recenseador que coleta as informa\u00e7\u00f5es junto \u00e0 popula\u00e7\u00e3o. Outra atividade com n\u00famero alto de vagas \u00e9 o de agente censit\u00e1rio supervisor (23.578). Ser\u00e3o contratados ainda supervisores, coordenadores censit\u00e1rios e agentes censit\u00e1rios operacionais.<\/p>\n<p style=\"text-align: justify;\">A contrata\u00e7\u00e3o dos profissionais depende de aprova\u00e7\u00e3o pr\u00e9via em processo seletivo simplificado. O contrato ter\u00e1 dura\u00e7\u00e3o de at\u00e9 um ano, prazo que pode ser prorrogado de acordo com a necessidade de conclus\u00e3o dos trabalhos.<\/p>\n<p style=\"text-align: justify;\">O edital de abertura de inscri\u00e7\u00f5es para o processo sele<\/p>\n<div id=\"attachment_106892\" style=\"width: 609px\" class=\"wp-caption alignnone\"><a href=\"https:\/\/senoticias.com.br\/se\/wp-content\/uploads\/2017\/09\/IBGE-SENOTICIAS-e1506111317636.jpg\"><img loading=\"lazy\" decoding=\"async\" aria-describedby=\"caption-attachment-106892\" class=\"size-full wp-image-106892\" src=\"https:\/\/senoticias.com.br\/se\/wp-content\/uploads\/2017\/09\/IBGE-SENOTICIAS-e1506111317636.jpg\" alt=\"\" width=\"599\" height=\"365\" \/><\/a><p id=\"caption-attachment-106892\" class=\"wp-caption-text\">Governo autoriza contrata\u00e7\u00e3o de 234 mil tempor\u00e1rios para Censo 2020 (foto: arquivo\/Ag\u00eancia Brasil)<\/p><\/div>\n<p style=\"text-align: justify;\">tivo simplificado ser\u00e1 publicado no prazo de at\u00e9 seis meses com detalhes sobre a escolaridade exigida para cada atividade e a remunera\u00e7\u00e3o. Nas \u00faltimas sele\u00e7\u00f5es, a exig\u00eancia era de ensino fundamental completo para o cargo de recenseador.<\/p>\n<p style=\"text-align: justify;\">A portaria informa que as contrata\u00e7\u00f5es ser\u00e3o formalizadas somente mediante disponibilidade de dota\u00e7\u00f5es or\u00e7ament\u00e1rias espec\u00edficas.<\/p>\n<p>&nbsp;<\/p>\n<p><a href=\"https:\/\/senoticias.com.br\/se\/wp-content\/uploads\/2019\/04\/Logomarca-fone-SE-4-2-1-1-1-1-1-1-1-2-3-4-1.jpg\"><img loading=\"lazy\" decoding=\"async\" class=\"alignnone size-full wp-image-118176\" src=\"https:\/\/senoticias.com.br\/se\/wp-content\/uploads\/2019\/04\/Logomarca-fone-SE-4-2-1-1-1-1-1-1-1-2-3-4-1.jpg\" alt=\"\" width=\"599\" height=\"78\" srcset=\"https:\/\/senoticias.com.br\/se\/wp-content\/uploads\/2019\/04\/Logomarca-fone-SE-4-2-1-1-1-1-1-1-1-2-3-4-1.jpg 599w, https:\/\/senoticias.com.br\/se\/wp-content\/uploads\/2019\/04\/Logomarca-fone-SE-4-2-1-1-1-1-1-1-1-2-3-4-1-300x39.jpg 300w\" sizes=\"(max-width: 599px) 100vw, 599px\" \/><\/a><\/p>\n<p>&nbsp;<\/p>\n<p><em><strong>Acompanhe o SE Not\u00edcias no\u00a0<\/strong><a href=\"https:\/\/twitter.com\/Senoticias\" target=\"_blank\" rel=\"noopener\"><b>Twitter<\/b><\/a><strong>,\u00a0<\/strong><a href=\"https:\/\/www.facebook.com\/senoticias1\" target=\"_blank\" rel=\"noopener\"><b>Facebook\u00a0<\/b><\/a><strong>e no\u00a0<\/strong><a href=\"https:\/\/www.instagram.com\/senoticias\/\" target=\"_blank\" rel=\"noopener\"><b>Instagram<\/b><\/a><\/em><\/p>\n<p>Mat\u00e9ria extra\u00edda da Ag\u00eancia Brasil<\/p>\n","protected":false},"excerpt":{"rendered":"<p>O Minist\u00e9rio da Economia autorizou a contrata\u00e7\u00e3o tempor\u00e1ria de at\u00e9 234,4 mil profissionais para atuarem no Censo 2020, realizado pelo Instituto Brasileiro de Geografia e Estat\u00edstica. Os profissionais ser\u00e3o contratados a partir de janeiro de 2020. A autoriza\u00e7\u00e3o est\u00e1 em portaria publicada no\u00a0Di\u00e1rio Oficial da Uni\u00e3o\u00a0de ontem (6). Do total de vagas, 196 mil ser\u00e3o [&hellip;]<\/p>\n","protected":false},"author":6552,"featured_media":106892,"comment_status":"closed","ping_status":"closed","sticky":false,"template":"","format":"standard","meta":{"footnotes":""},"categories":[15,2961],"tags":[12136,3924],"class_list":{"0":"post-118295","1":"post","2":"type-post","3":"status-publish","4":"format-standard","5":"has-post-thumbnail","7":"category-destaques","8":"category-nacional","9":"tag-censo-2020","10":"tag-ibge"},"_links":{"self":[{"href":"https:\/\/senoticias.com.br\/se\/wp-json\/wp\/v2\/posts\/118295"}],"collection":[{"href":"https:\/\/senoticias.com.br\/se\/wp-json\/wp\/v2\/posts"}],"about":[{"href":"https:\/\/senoticias.com.br\/se\/wp-json\/wp\/v2\/types\/post"}],"author":[{"embeddable":true,"href":"https:\/\/senoticias.com.br\/se\/wp-json\/wp\/v2\/users\/6552"}],"replies":[{"embeddable":true,"href":"https:\/\/senoticias.com.br\/se\/wp-json\/wp\/v2\/comments?post=118295"}],"version-history":[{"count":0,"href":"https:\/\/senoticias.com.br\/se\/wp-json\/wp\/v2\/posts\/118295\/revisions"}],"wp:featuredmedia":[{"embeddable":true,"href":"https:\/\/senoticias.com.br\/se\/wp-json\/wp\/v2\/media\/106892"}],"wp:attachment":[{"href":"https:\/\/senoticias.com.br\/se\/wp-json\/wp\/v2\/media?parent=118295"}],"wp:term":[{"taxonomy":"category","embeddable":true,"href":"https:\/\/senoticias.com.br\/se\/wp-json\/wp\/v2\/categories?post=118295"},{"taxonomy":"post_tag","embeddable":true,"href":"https:\/\/senoticias.com.br\/se\/wp-json\/wp\/v2\/tags?post=118295"}],"curies":[{"name":"wp","href":"https:\/\/api.w.org\/{rel}","templated":true}]}}