{"id":118273,"date":"2019-05-06T09:04:19","date_gmt":"2019-05-06T12:04:19","guid":{"rendered":"https:\/\/senoticias.com.br\/se\/?p=118273"},"modified":"2019-05-06T20:53:54","modified_gmt":"2019-05-06T23:53:54","slug":"abertas-as-inscricoes-para-o-colegio-naval-da-marinha-do-brasil","status":"publish","type":"post","link":"https:\/\/senoticias.com.br\/se\/abertas-as-inscricoes-para-o-colegio-naval-da-marinha-do-brasil\/","title":{"rendered":"Abertas as inscri\u00e7\u00f5es para o Col\u00e9gio Naval da Marinha do Brasil"},"content":{"rendered":"<p style=\"text-align: justify;\">Est\u00e3o abertas as inscri\u00e7\u00f5es para o concurso do Col\u00e9gio Naval (CN) da Marinha do Brasil (MB), que ser\u00e3o aceitas at\u00e9 o dia 29 de maio de 2019. Podem se inscrever meninos com 15 anos completos e menos de 18, at\u00e9 o 1\u00b0 dia de janeiro de 2020, e que tenham o ensino fundamental completo. Esses candidatos ir\u00e3o cursar o n\u00edvel m\u00e9dio no CN, al\u00e9m de estudarem o ensino militar-naval e durante o curso receber\u00e3o ajuda de custo de cerca de mil reais.<\/p>\n<div id=\"attachment_118274\" style=\"width: 560px\" class=\"wp-caption aligncenter\"><a href=\"https:\/\/senoticias.com.br\/se\/wp-content\/uploads\/2019\/05\/colegionaval_fotomarinha_030519-e1556925927165.jpg\"><img loading=\"lazy\" decoding=\"async\" aria-describedby=\"caption-attachment-118274\" class=\"size-full wp-image-118274\" src=\"https:\/\/senoticias.com.br\/se\/wp-content\/uploads\/2019\/05\/colegionaval_fotomarinha_030519-e1556925927165.jpg\" alt=\"\" width=\"550\" height=\"396\" srcset=\"https:\/\/senoticias.com.br\/se\/wp-content\/uploads\/2019\/05\/colegionaval_fotomarinha_030519-e1556925927165.jpg 550w, https:\/\/senoticias.com.br\/se\/wp-content\/uploads\/2019\/05\/colegionaval_fotomarinha_030519-e1556925927165-300x216.jpg 300w, https:\/\/senoticias.com.br\/se\/wp-content\/uploads\/2019\/05\/colegionaval_fotomarinha_030519-e1556925927165-373x270.jpg 373w, https:\/\/senoticias.com.br\/se\/wp-content\/uploads\/2019\/05\/colegionaval_fotomarinha_030519-e1556925927165-475x342.jpg 475w\" sizes=\"(max-width: 550px) 100vw, 550px\" \/><\/a><p id=\"caption-attachment-118274\" class=\"wp-caption-text\">As inscri\u00e7\u00f5es at\u00e9 dia 29 de maio (Foto: Facebook\/Marinha)<\/p><\/div>\n<p style=\"text-align: justify;\">As inscri\u00e7\u00f5es s\u00e3o feitas pelo site do Ingresso na Marinha ou pelo Posto de Inscri\u00e7\u00e3o das 08h30 \u00e0s 16h00. A taxa de inscri\u00e7\u00e3o \u00e9 de R$ 105,00 e o candidato pode fazer o pagamento at\u00e9 o dia seis de junho. A isen\u00e7\u00e3o da taxa pode ser pedida por aquele que perten\u00e7a \u00e0 fam\u00edlia inscrita no Cad\u00danico, do Governo Federal, com renda familiar inferior ou igual a meio sal\u00e1rio-m\u00ednimo.<\/p>\n<p style=\"text-align: justify;\"><strong>Sobre a prova<\/strong><\/p>\n<p style=\"text-align: justify;\">A prova tem previs\u00e3o para ser realizada na primeira quinzena de agosto, de acordo com o edital.Os candidatos far\u00e3o Prova Escrita Objetiva, que ser\u00e3o realizadas em dois dias seguidos. No primeiro dia \u00e9 aplicado prova de matem\u00e1tica (20 quest\u00f5es) e de ingl\u00eas (20 quest\u00f5es). J\u00e1 no segundo dia, os candidatos realizar\u00e3o provas de Portugu\u00eas (20 quest\u00f5es), Estudos Sociais (12 quest\u00f5es), Ci\u00eancias (18 quest\u00f5es) e Reda\u00e7\u00e3o.<\/p>\n<p style=\"text-align: justify;\">Aqueles que passarem na prova realizar\u00e3o os testes complementares, que s\u00e3o formados por: Inspe\u00e7\u00e3o de Sa\u00fade, Teste de Aptid\u00e3o F\u00edsica (corrida e nata\u00e7\u00e3o), Avalia\u00e7\u00e3o Psicol\u00f3gica, Verifica\u00e7\u00e3o de Documentos e o Procedimento de Heteroidentifica\u00e7\u00e3o Complementar \u00e0 Autodeclara\u00e7\u00e3o.<\/p>\n<p style=\"text-align: justify;\"><strong>Sobre o Curso<\/strong><\/p>\n<p style=\"text-align: justify;\">O Col\u00e9gio Naval \u00e9 um estabelecimento de ensino da Marinha, localizado em Angra dos Reis, Rio de Janeiro, onde s\u00e3o ministrados o ensino b\u00e1sico em n\u00edvel m\u00e9dio e a forma\u00e7\u00e3o militar-naval. Os alunos estudam em regime de internato pelo per\u00edodo de tr\u00eas anos letivos. O curso \u00e9 gratuito e os alunos t\u00eam direito a alimenta\u00e7\u00e3o, uniforme, assist\u00eancias m\u00e9dico-odontol\u00f3gica, psicol\u00f3gica, social, religiosa e bolsa-aux\u00edlio de cerca de R$1.000. O curso \u00e9 denominado \u201cCurso de Prepara\u00e7\u00e3o de Aspirantes\u201d, e destinado ao preparo intelectual e f\u00edsico do aluno visando uma futura sele\u00e7\u00e3o para o ingresso na Escola Naval.<\/p>\n<p>&nbsp;<\/p>\n<p><em><strong>Acompanhe o SE Not\u00edcias no\u00a0<\/strong><a href=\"https:\/\/twitter.com\/Senoticias\" target=\"_blank\" rel=\"noopener\"><b>Twitter<\/b><\/a><strong>,\u00a0<\/strong><a href=\"https:\/\/www.facebook.com\/senoticias1\" target=\"_blank\" rel=\"noopener\"><b>Facebook\u00a0<\/b><\/a><strong>e no\u00a0<\/strong><a href=\"https:\/\/www.instagram.com\/senoticias\/\" target=\"_blank\" rel=\"noopener\"><b>Instagram<\/b><\/a><\/em><\/p>\n<p>&nbsp;<\/p>\n<p><a href=\"https:\/\/senoticias.com.br\/se\/wp-content\/uploads\/2019\/04\/Logomarca-fone-SE-4-2-1-1-1-1-1-1-1-2-3-4-1.jpg\"><img loading=\"lazy\" decoding=\"async\" class=\"alignnone size-full wp-image-118176\" src=\"https:\/\/senoticias.com.br\/se\/wp-content\/uploads\/2019\/04\/Logomarca-fone-SE-4-2-1-1-1-1-1-1-1-2-3-4-1.jpg\" alt=\"\" width=\"599\" height=\"78\" srcset=\"https:\/\/senoticias.com.br\/se\/wp-content\/uploads\/2019\/04\/Logomarca-fone-SE-4-2-1-1-1-1-1-1-1-2-3-4-1.jpg 599w, https:\/\/senoticias.com.br\/se\/wp-content\/uploads\/2019\/04\/Logomarca-fone-SE-4-2-1-1-1-1-1-1-1-2-3-4-1-300x39.jpg 300w\" sizes=\"(max-width: 599px) 100vw, 599px\" \/><\/a><\/p>\n<p>&nbsp;<\/p>\n<p><em>Por Ag\u00eancia Brasil<\/em><\/p>\n","protected":false},"excerpt":{"rendered":"<p>Est\u00e3o abertas as inscri\u00e7\u00f5es para o concurso do Col\u00e9gio Naval (CN) da Marinha do Brasil (MB), que ser\u00e3o aceitas at\u00e9 o dia 29 de maio de 2019. Podem se inscrever meninos com 15 anos completos e menos de 18, at\u00e9 o 1\u00b0 dia de janeiro de 2020, e que tenham o ensino fundamental completo. Esses [&hellip;]<\/p>\n","protected":false},"author":6557,"featured_media":0,"comment_status":"closed","ping_status":"closed","sticky":false,"template":"","format":"standard","meta":{"footnotes":""},"categories":[9,15,10],"tags":[12122,12133,5605],"class_list":{"0":"post-118273","1":"post","2":"type-post","3":"status-publish","4":"format-standard","6":"category-concursos","7":"category-destaques","8":"category-empregos","9":"tag-abertas-inscricao-naval-marinha-do-brasil","10":"tag-colegio-naval","11":"tag-marinha-do-brasil"},"_links":{"self":[{"href":"https:\/\/senoticias.com.br\/se\/wp-json\/wp\/v2\/posts\/118273"}],"collection":[{"href":"https:\/\/senoticias.com.br\/se\/wp-json\/wp\/v2\/posts"}],"about":[{"href":"https:\/\/senoticias.com.br\/se\/wp-json\/wp\/v2\/types\/post"}],"author":[{"embeddable":true,"href":"https:\/\/senoticias.com.br\/se\/wp-json\/wp\/v2\/users\/6557"}],"replies":[{"embeddable":true,"href":"https:\/\/senoticias.com.br\/se\/wp-json\/wp\/v2\/comments?post=118273"}],"version-history":[{"count":0,"href":"https:\/\/senoticias.com.br\/se\/wp-json\/wp\/v2\/posts\/118273\/revisions"}],"wp:attachment":[{"href":"https:\/\/senoticias.com.br\/se\/wp-json\/wp\/v2\/media?parent=118273"}],"wp:term":[{"taxonomy":"category","embeddable":true,"href":"https:\/\/senoticias.com.br\/se\/wp-json\/wp\/v2\/categories?post=118273"},{"taxonomy":"post_tag","embeddable":true,"href":"https:\/\/senoticias.com.br\/se\/wp-json\/wp\/v2\/tags?post=118273"}],"curies":[{"name":"wp","href":"https:\/\/api.w.org\/{rel}","templated":true}]}}