{"id":118268,"date":"2019-05-06T09:42:55","date_gmt":"2019-05-06T12:42:55","guid":{"rendered":"https:\/\/senoticias.com.br\/se\/?p=118268"},"modified":"2019-05-06T09:47:25","modified_gmt":"2019-05-06T12:47:25","slug":"senador-alessandro-vieira-revela-que-podera-ser-candidato-a-governador-em-2022","status":"publish","type":"post","link":"https:\/\/senoticias.com.br\/se\/senador-alessandro-vieira-revela-que-podera-ser-candidato-a-governador-em-2022\/","title":{"rendered":"Senador Alessandro Vieira revela que poder\u00e1 ser candidato a governador em 2022"},"content":{"rendered":"<p style=\"text-align: justify;\">O senador Alessandro Vieira (Cidadania-SE) revelou o desejo em ser governador de Sergipe. Natural de Passo Fundo (RS), Alessandro reside em Aracaju desde a inf\u00e2ncia e se diz agradecido pelas oportunidades que o menor estado da federa\u00e7\u00e3o lhe proporcionou at\u00e9 o momento.<\/p>\n<div id=\"attachment_102430\" style=\"width: 609px\" class=\"wp-caption alignnone\"><a href=\"https:\/\/senoticias.com.br\/se\/wp-content\/uploads\/2017\/04\/ALESSANDRO-VIEIRA-SENOTICIAS-e1492541352874.jpg\"><img loading=\"lazy\" decoding=\"async\" aria-describedby=\"caption-attachment-102430\" class=\"size-full wp-image-102430\" src=\"https:\/\/senoticias.com.br\/se\/wp-content\/uploads\/2017\/04\/ALESSANDRO-VIEIRA-SENOTICIAS-e1492541352874.jpg\" alt=\"\" width=\"599\" height=\"449\" \/><\/a><p id=\"caption-attachment-102430\" class=\"wp-caption-text\">Alessandro Vieira revela que poder\u00e1 ser candidato a governador em 2022. (foto: arquivo\/Marina Fontenele\/G1)<\/p><\/div>\n<p>Mais votado nas \u00faltimas elei\u00e7\u00f5es para o Senado, ele admite disputar o Governo do Estado em 2022, mas salienta que a poss\u00edvel candidatura ser\u00e1 constru\u00edda de forma apropriada.<\/p>\n<p style=\"text-align: justify;\"><strong>\u201c<\/strong>Com rela\u00e7\u00e3o a projetos pol\u00edticos, o que eu tenho como miss\u00e3o e compreens\u00e3o \u00e9 a necessidade de servir a Sergipe e aos sergipanos. Sergipe me recebeu ainda crian\u00e7a e me permitiu eu ter tudo o que tenho hoje. Eu tenho que devolver isso e devolver mais ainda a confian\u00e7a e o carinho que eu venho recebendo dos eleitores, ent\u00e3o h\u00e1 uma possibilidade sim de me colocar como candidato ao Governo do Estado, mas tudo vai ser constru\u00eddo de forma oportuna\u201d, revela o senador.<\/p>\n<p style=\"text-align: justify;\">Alessandro Vieira afirma que trabalhar\u00e1 para que os sergipanos tenham pessoas honestas e competentes na administra\u00e7\u00e3o p\u00fablica. Ele observa que a popula\u00e7\u00e3o sergipana j\u00e1 n\u00e3o suporta mais pol\u00edticos incompetentes no governo, e lembra que o povo \u00e9 quem pagar\u00e1 a conta pelos preju\u00edzos causados por administra\u00e7\u00f5es incompetentes.<\/p>\n<p style=\"text-align: justify;\">\u201cO que para mim \u00e9 essencial \u00e9 garantir que voc\u00ea tenha gente honesta e competente. Isso \u00e9 indispens\u00e1vel. Sergipe n\u00e3o aquenta mais incompet\u00eancia e a gente teve por tempo de mais incompetentes no governo. O preju\u00edzo est\u00e1 ai e vai passar muito tempo para a gente pagar essa conta\u201d, conclui.<\/p>\n<p style=\"text-align: justify;\">A entrevista do senador foi concedida aos jornalistas Paulo Sousa, Rosalvo Nogueira e Lomes Nascimento, no Programa Jornal da Manh\u00e3 (Jovem Pan).<\/p>\n<p><a href=\"https:\/\/senoticias.com.br\/se\/wp-content\/uploads\/2019\/04\/Logomarca-fone-SE-4-2-1-1-1-1-1-1-1-2-3-4-1.jpg\"><img loading=\"lazy\" decoding=\"async\" class=\"alignnone size-full wp-image-118176\" src=\"https:\/\/senoticias.com.br\/se\/wp-content\/uploads\/2019\/04\/Logomarca-fone-SE-4-2-1-1-1-1-1-1-1-2-3-4-1.jpg\" alt=\"\" width=\"599\" height=\"78\" srcset=\"https:\/\/senoticias.com.br\/se\/wp-content\/uploads\/2019\/04\/Logomarca-fone-SE-4-2-1-1-1-1-1-1-1-2-3-4-1.jpg 599w, https:\/\/senoticias.com.br\/se\/wp-content\/uploads\/2019\/04\/Logomarca-fone-SE-4-2-1-1-1-1-1-1-1-2-3-4-1-300x39.jpg 300w\" sizes=\"(max-width: 599px) 100vw, 599px\" \/><\/a><\/p>\n<p><em><strong>Acompanhe o SE Not\u00edcias no\u00a0<\/strong><a href=\"https:\/\/twitter.com\/Senoticias\" target=\"_blank\" rel=\"noopener\"><b>Twitter<\/b><\/a><strong>,\u00a0<\/strong><a href=\"https:\/\/www.facebook.com\/senoticias1\" target=\"_blank\" rel=\"noopener\"><b>Facebook\u00a0<\/b><\/a><strong>e no\u00a0<\/strong><a href=\"https:\/\/www.instagram.com\/senoticias\/\" target=\"_blank\" rel=\"noopener\"><b>Instagram<\/b><\/a><\/em><\/p>\n<p>&nbsp;<\/p>\n<p>&nbsp;<\/p>\n<p>&nbsp;<\/p>\n<p><em>Por Paulo Sousa, da reda\u00e7\u00e3o Hora News<\/em><\/p>\n","protected":false},"excerpt":{"rendered":"<p>O senador Alessandro Vieira (Cidadania-SE) revelou o desejo em ser governador de Sergipe. Natural de Passo Fundo (RS), Alessandro reside em Aracaju desde a inf\u00e2ncia e se diz agradecido pelas oportunidades que o menor estado da federa\u00e7\u00e3o lhe proporcionou at\u00e9 o momento. Mais votado nas \u00faltimas elei\u00e7\u00f5es para o Senado, ele admite disputar o Governo [&hellip;]<\/p>\n","protected":false},"author":6552,"featured_media":0,"comment_status":"closed","ping_status":"closed","sticky":false,"template":"","format":"standard","meta":{"footnotes":""},"categories":[15,6,1],"tags":[2946,12124,12125,11299],"class_list":{"0":"post-118268","1":"post","2":"type-post","3":"status-publish","4":"format-standard","6":"category-destaques","7":"category-politica","8":"category-sem-categoria","9":"tag-alessandro-vieira","10":"tag-cidadania-se","11":"tag-eleicoes-2022","12":"tag-senador-alessandro-vieira"},"_links":{"self":[{"href":"https:\/\/senoticias.com.br\/se\/wp-json\/wp\/v2\/posts\/118268"}],"collection":[{"href":"https:\/\/senoticias.com.br\/se\/wp-json\/wp\/v2\/posts"}],"about":[{"href":"https:\/\/senoticias.com.br\/se\/wp-json\/wp\/v2\/types\/post"}],"author":[{"embeddable":true,"href":"https:\/\/senoticias.com.br\/se\/wp-json\/wp\/v2\/users\/6552"}],"replies":[{"embeddable":true,"href":"https:\/\/senoticias.com.br\/se\/wp-json\/wp\/v2\/comments?post=118268"}],"version-history":[{"count":0,"href":"https:\/\/senoticias.com.br\/se\/wp-json\/wp\/v2\/posts\/118268\/revisions"}],"wp:attachment":[{"href":"https:\/\/senoticias.com.br\/se\/wp-json\/wp\/v2\/media?parent=118268"}],"wp:term":[{"taxonomy":"category","embeddable":true,"href":"https:\/\/senoticias.com.br\/se\/wp-json\/wp\/v2\/categories?post=118268"},{"taxonomy":"post_tag","embeddable":true,"href":"https:\/\/senoticias.com.br\/se\/wp-json\/wp\/v2\/tags?post=118268"}],"curies":[{"name":"wp","href":"https:\/\/api.w.org\/{rel}","templated":true}]}}