{"id":118099,"date":"2019-04-21T18:02:43","date_gmt":"2019-04-21T21:02:43","guid":{"rendered":"https:\/\/senoticias.com.br\/se\/?p=118099"},"modified":"2019-04-21T18:09:53","modified_gmt":"2019-04-21T21:09:53","slug":"flamengo-vence-o-vasco-de-novo-e-festeja-seu-35o-titulo-carioca-no-maracana","status":"publish","type":"post","link":"https:\/\/senoticias.com.br\/se\/flamengo-vence-o-vasco-de-novo-e-festeja-seu-35o-titulo-carioca-no-maracana\/","title":{"rendered":"Flamengo vence o Vasco de novo e festeja seu 35\u00ba t\u00edtulo carioca no Maracan\u00e3"},"content":{"rendered":"<p style=\"text-align: justify;\">A torcida rubro-negra festejou neste Domingo de P\u00e1scoa mais um t\u00edtulo carioca, o 35\u00ba da hist\u00f3ria do Flamengo, com nova vit\u00f3ria por 2 a 0 sobre o Vasco, gols de Wilian Ar\u00e3o e Vitinho, no segundo jogo da decis\u00e3o do campeonato, no Maracan\u00e3. O time comandado por Abel Braga, que havia vencido a primeira partida das finais tamb\u00e9m por 2 a 0, no Engenh\u00e3o, poderia perder at\u00e9 1 a 0 para erguer o trof\u00e9u.<\/p>\n<div id=\"attachment_118100\" style=\"width: 609px\" class=\"wp-caption alignnone\"><a href=\"https:\/\/senoticias.com.br\/se\/wp-content\/uploads\/2019\/04\/1_21042019ab04-10769672.jpg\"><img loading=\"lazy\" decoding=\"async\" aria-describedby=\"caption-attachment-118100\" class=\"size-full wp-image-118100\" src=\"https:\/\/senoticias.com.br\/se\/wp-content\/uploads\/2019\/04\/1_21042019ab04-10769672-e1555880783756.jpg\" alt=\"\" width=\"599\" height=\"402\" \/><\/a><p id=\"caption-attachment-118100\" class=\"wp-caption-text\">Willian Ar\u00e3o abriu o placar para o Flamengo no segundo jogo da final contra o Vasco, no Maracan\u00e3 (foto: Alexandre Brum \/ Agencia O Dia)<\/p><\/div>\n<p style=\"text-align: justify;\">Autor dos dois gols no jogo de ida, Bruno Henrique, suspenso, desfalcou o Rubro-Negro e mesmo assim terminou como artilheiro do Carioca, com oito gols. No Vasco, o t\u00e9cnico Alberto Valentim contou com a volta do goleiro Fernando Miguel e do zagueiro Leandro Castan, recuperados de les\u00e3o.<\/p>\n<p style=\"text-align: justify;\">Nos primeiros minutos, Marrony assustou com um chute passando perto do travess\u00e3o de Diego Alves e Ren\u00ea respondeu em seguida arriscando de longe. Mas o Flamengo n\u00e3o demorou a aumentar a vantagem na decis\u00e3o do Carioca. O Rubro-Negro abriu o placar aos 16 minutos: na cobran\u00e7a de falta, Par\u00e1 rolou a bola para Arrascaeta, que levantou na \u00e1rea para Willian Ar\u00e3o completar de cabe\u00e7a. Antes da falta que originou o gol, Gabigol recebeu a bola em impedimento, mas o assistente n\u00e3o marcou.<\/p>\n<p style=\"text-align: justify;\">Assim, o Vasco precisaria marcar tr\u00eas gols para levar o decis\u00e3o para os p\u00eanaltis. O Flamengo seguiu chegando com perigo: ap\u00f3s avan\u00e7ar em velocidade pela esquerda, Gabigol chutou para defesa parcial de Fernando Miguel. Logo em seguida, o camisa 9 cruzou rasteiro para Diego finalizar e o goleiro vasca\u00edno apareceu novamente para fazer a defesa.<\/p>\n<p style=\"text-align: justify;\">O Vasco teve chances de empatar a partida ainda no primeiro tempo. Primeiro, com Pikachu, que bateu de longe, mas Ren\u00ea tirou na pequena \u00e1rea, salvando o Flamengo. A melhor oportunidade do Cruzmaltino veio aos 34, quando Lucas Mineiro recebeu de Lucas Santos, mas chutou mal.<\/p>\n<p style=\"text-align: justify;\">Para o segundo tempo, Alberto Valentim trocou Lucas Santos por Maxi L\u00f3pez. O Flamengo chegou a festejar o segundo gol, com Gabigol, aos 14, ap\u00f3s receber de Arrascaeta. Mas, ap\u00f3s an\u00e1lise do VAR, o gol foi anulado por impedimento.<\/p>\n<p style=\"text-align: justify;\">Valentim n\u00e3o demorou para mexer de novo no time cruzmaltino, colocando Bruno C\u00e9sar no lugar de C\u00e1ceres. E foi a vez de Diego Alves evitar o gol de empate do Vasco ao fazer bela defesa ap\u00f3s Maxi L\u00f3pez desviar um cruzamento da esquerda de Bruno C\u00e9sar.<\/p>\n<p style=\"text-align: justify;\">Com a grande vantagem na decis\u00e3o, a torcida rubro-negra j\u00e1 come\u00e7ava a comemorar e gritar &#8216;ol\u00e9&#8217; durante a troca de passes do time aos 26 minutos do segundo tempo. Para aumentar a festa do Flamenego no Maracan\u00e3, Vitinho, que havia acabado de entrar no lugar de Arrascaeta, recebeu de Diego e ampliou para 2 a 0, aos 38 minutos.<\/p>\n<p><strong>JOGOS NA QUARTA-FEIRA<\/strong><\/p>\n<p style=\"text-align: justify;\">Flamengo e Vasco jogam na quarta-feira, antes da estreia no Brasileir\u00e3o. O Rubro-Negro enfrenta a LDU, em Quito, pela Libertadores, enquanto o Cruzmaltino encara o Santos, no jogo de volta da quarta fase da Copa do Brasil, em S\u00e3o Janu\u00e1rio. A estreia do Flamengo no Brasileiro ser\u00e1 no s\u00e1bado, contra o Cruzeiro, no Maracan\u00e3. J\u00e1 o Vasco enfrenta o Athletico-PR, no domingo, na Arena da Baixada.<\/p>\n<p>&nbsp;<\/p>\n<p><a href=\"https:\/\/senoticias.com.br\/se\/wp-content\/uploads\/2019\/04\/Logomarca-fone-SE-4-2-1-1-1-1-1-1-1-2-3-2.jpg\"><img loading=\"lazy\" decoding=\"async\" class=\"alignnone size-full wp-image-118093\" src=\"https:\/\/senoticias.com.br\/se\/wp-content\/uploads\/2019\/04\/Logomarca-fone-SE-4-2-1-1-1-1-1-1-1-2-3-2.jpg\" alt=\"\" width=\"599\" height=\"78\" srcset=\"https:\/\/senoticias.com.br\/se\/wp-content\/uploads\/2019\/04\/Logomarca-fone-SE-4-2-1-1-1-1-1-1-1-2-3-2.jpg 599w, https:\/\/senoticias.com.br\/se\/wp-content\/uploads\/2019\/04\/Logomarca-fone-SE-4-2-1-1-1-1-1-1-1-2-3-2-300x39.jpg 300w\" sizes=\"(max-width: 599px) 100vw, 599px\" \/><\/a><\/p>\n<p>&nbsp;<\/p>\n<p>&nbsp;<\/p>\n<p><em><strong>Acompanhe o SE Not\u00edcias no\u00a0<\/strong><a href=\"https:\/\/twitter.com\/Senoticias\" target=\"_blank\" rel=\"noopener\"><b>Twitter<\/b><\/a><strong>,\u00a0<\/strong><a href=\"https:\/\/www.facebook.com\/senoticias1\" target=\"_blank\" rel=\"noopener\"><b>Facebook\u00a0<\/b><\/a><strong>e no\u00a0<\/strong><a href=\"https:\/\/www.instagram.com\/senoticias\/\" target=\"_blank\" rel=\"noopener\"><b>Instagram<\/b><\/a><\/em><\/p>\n<p>&nbsp;<\/p>\n<p><strong><em>Reda\u00e7\u00e3o O Dia<\/em><\/strong><\/p>\n","protected":false},"excerpt":{"rendered":"<p>A torcida rubro-negra festejou neste Domingo de P\u00e1scoa mais um t\u00edtulo carioca, o 35\u00ba da hist\u00f3ria do Flamengo, com nova vit\u00f3ria por 2 a 0 sobre o Vasco, gols de Wilian Ar\u00e3o e Vitinho, no segundo jogo da decis\u00e3o do campeonato, no Maracan\u00e3. O time comandado por Abel Braga, que havia vencido a primeira partida [&hellip;]<\/p>\n","protected":false},"author":6552,"featured_media":118100,"comment_status":"closed","ping_status":"closed","sticky":false,"template":"","format":"standard","meta":{"footnotes":""},"categories":[15,26,1],"tags":[404,392,8754,12038,3362,433,12037],"class_list":{"0":"post-118099","1":"post","2":"type-post","3":"status-publish","4":"format-standard","5":"has-post-thumbnail","7":"category-destaques","8":"category-esportes","9":"category-sem-categoria","10":"tag-campeonato-carioca","11":"tag-flamengo","12":"tag-flamengo-campeao","13":"tag-flamengo-vence-o-vasco","14":"tag-maracana","15":"tag-vasco","16":"tag-willian-arao"},"_links":{"self":[{"href":"https:\/\/senoticias.com.br\/se\/wp-json\/wp\/v2\/posts\/118099"}],"collection":[{"href":"https:\/\/senoticias.com.br\/se\/wp-json\/wp\/v2\/posts"}],"about":[{"href":"https:\/\/senoticias.com.br\/se\/wp-json\/wp\/v2\/types\/post"}],"author":[{"embeddable":true,"href":"https:\/\/senoticias.com.br\/se\/wp-json\/wp\/v2\/users\/6552"}],"replies":[{"embeddable":true,"href":"https:\/\/senoticias.com.br\/se\/wp-json\/wp\/v2\/comments?post=118099"}],"version-history":[{"count":0,"href":"https:\/\/senoticias.com.br\/se\/wp-json\/wp\/v2\/posts\/118099\/revisions"}],"wp:featuredmedia":[{"embeddable":true,"href":"https:\/\/senoticias.com.br\/se\/wp-json\/wp\/v2\/media\/118100"}],"wp:attachment":[{"href":"https:\/\/senoticias.com.br\/se\/wp-json\/wp\/v2\/media?parent=118099"}],"wp:term":[{"taxonomy":"category","embeddable":true,"href":"https:\/\/senoticias.com.br\/se\/wp-json\/wp\/v2\/categories?post=118099"},{"taxonomy":"post_tag","embeddable":true,"href":"https:\/\/senoticias.com.br\/se\/wp-json\/wp\/v2\/tags?post=118099"}],"curies":[{"name":"wp","href":"https:\/\/api.w.org\/{rel}","templated":true}]}}