{"id":118096,"date":"2019-04-21T17:33:04","date_gmt":"2019-04-21T20:33:04","guid":{"rendered":"https:\/\/senoticias.com.br\/se\/?p=118096"},"modified":"2019-04-21T17:33:04","modified_gmt":"2019-04-21T20:33:04","slug":"mdb-de-sergipe-realiza-convencao-no-dia-26","status":"publish","type":"post","link":"https:\/\/senoticias.com.br\/se\/mdb-de-sergipe-realiza-convencao-no-dia-26\/","title":{"rendered":"MDB de Sergipe realiza conven\u00e7\u00e3o no dia 26"},"content":{"rendered":"<div class=\"gmail_default\">\n<div class=\"gmail_default\" style=\"text-align: justify;\"><span style=\"font-family: verdana, sans-serif;\"><span style=\"font-family: verdana, sans-serif;\"><span style=\"font-family: verdana, sans-serif;\">Foi publicada no Di\u00e1rio Oficial de Sergipe a convoca\u00e7\u00e3o do Diret\u00f3rio Estadual do MDB para a realiza\u00e7\u00e3o de elei\u00e7\u00f5es internas, que acontecer\u00e3o na sexta-feira, 26, das 9h \u00e0s 15h, na sede do partido.\u00a0<\/span><\/span><\/span><\/p>\n<div id=\"attachment_118097\" style=\"width: 609px\" class=\"wp-caption alignnone\"><a href=\"https:\/\/senoticias.com.br\/se\/wp-content\/uploads\/2019\/04\/F\u00e1bio-Reis.jpeg\"><img loading=\"lazy\" decoding=\"async\" aria-describedby=\"caption-attachment-118097\" class=\"size-full wp-image-118097\" src=\"https:\/\/senoticias.com.br\/se\/wp-content\/uploads\/2019\/04\/F\u00e1bio-Reis-e1555878680522.jpeg\" alt=\"\" width=\"599\" height=\"538\" \/><\/a><p id=\"caption-attachment-118097\" class=\"wp-caption-text\">Deputado federal F\u00e1bio Reis pode ser o novo presidente do MDB (foto; ascom)<\/p><\/div>\n<\/div>\n<div class=\"gmail_default\" style=\"text-align: justify;\"><span style=\"font-family: verdana, sans-serif;\">\u00a0<\/span><\/div>\n<div class=\"gmail_default\" style=\"text-align: justify;\"><span style=\"font-family: verdana, sans-serif;\">Nesse dia, ser\u00e3o eleitos os 20 membros do Diret\u00f3rio Estadual; os integrantes da Comiss\u00e3o de \u00c9tica; os delegados que ir\u00e3o \u00e0 Conven\u00e7\u00e3o Nacional do MDB; al\u00e9m da escolha dos integrantes da Comiss\u00e3o Executiva e do Conselho Fiscal, com seus respectivos suplentes, que ser\u00e3o eleitos pelos novos dirigentes estaduais.\u00a0 \u00a0<\/span><\/div>\n<div class=\"gmail_default\" style=\"text-align: justify;\"><span style=\"font-family: verdana, sans-serif;\">\u00a0<\/span><\/div>\n<div class=\"gmail_default\" style=\"text-align: justify;\"><span style=\"font-family: verdana, sans-serif;\">A elei\u00e7\u00e3o do MDB foi constru\u00edda atrav\u00e9s de di\u00e1logos internos com filiados do partido, que dever\u00e3o eleger como seu novo presidente o deputado federal F\u00e1bio Reis. A proposta defendida pelo parlamentar durante o processo de di\u00e1logo \u00e9 de oxigenar e modernizar a sigla, buscando novos filiados e o seu fortalecimento visando as elei\u00e7\u00f5es municipais de 2020.<\/span><\/div>\n<\/div>\n<div><\/div>\n<div><\/div>\n<div><a href=\"https:\/\/senoticias.com.br\/se\/wp-content\/uploads\/2019\/04\/Logomarca-fone-SE-4-2-1-1-1-1-1-1-1-2-3-2.jpg\"><img loading=\"lazy\" decoding=\"async\" class=\"alignnone size-full wp-image-118093\" src=\"https:\/\/senoticias.com.br\/se\/wp-content\/uploads\/2019\/04\/Logomarca-fone-SE-4-2-1-1-1-1-1-1-1-2-3-2.jpg\" alt=\"\" width=\"599\" height=\"78\" srcset=\"https:\/\/senoticias.com.br\/se\/wp-content\/uploads\/2019\/04\/Logomarca-fone-SE-4-2-1-1-1-1-1-1-1-2-3-2.jpg 599w, https:\/\/senoticias.com.br\/se\/wp-content\/uploads\/2019\/04\/Logomarca-fone-SE-4-2-1-1-1-1-1-1-1-2-3-2-300x39.jpg 300w\" sizes=\"(max-width: 599px) 100vw, 599px\" \/><\/a><\/div>\n<div><\/div>\n<div><em><strong>Acompanhe o SE Not\u00edcias no\u00a0<\/strong><a href=\"https:\/\/twitter.com\/Senoticias\" target=\"_blank\" rel=\"noopener\"><b>Twitter<\/b><\/a><strong>,\u00a0<\/strong><a href=\"https:\/\/www.facebook.com\/senoticias1\" target=\"_blank\" rel=\"noopener\"><b>Facebook\u00a0<\/b><\/a><strong>e no\u00a0<\/strong><a href=\"https:\/\/www.instagram.com\/senoticias\/\" target=\"_blank\" rel=\"noopener\"><b>Instagram<\/b><\/a><\/em><\/div>\n<div><\/div>\n<div><\/div>\n<div class=\"yj6qo ajU\">\n<div id=\":19v\" class=\"ajR\" tabindex=\"0\" role=\"button\" data-tooltip=\"Mostrar conte\u00fado cortado\" aria-label=\"Mostrar conte\u00fado cortado\" aria-expanded=\"false\"><img decoding=\"async\" class=\"ajT\" src=\"https:\/\/ssl.gstatic.com\/ui\/v1\/icons\/mail\/images\/cleardot.gif\" \/><em>Assessoria de Imprensa<\/em><br \/>\n<em>Deputado Federal F\u00e1bio Reis | MDB &#8211; SE<\/em><\/p>\n<\/div>\n<\/div>\n","protected":false},"excerpt":{"rendered":"<p>Foi publicada no Di\u00e1rio Oficial de Sergipe a convoca\u00e7\u00e3o do Diret\u00f3rio Estadual do MDB para a realiza\u00e7\u00e3o de elei\u00e7\u00f5es internas, que acontecer\u00e3o na sexta-feira, 26, das 9h \u00e0s 15h, na sede do partido.\u00a0 \u00a0 Nesse dia, ser\u00e3o eleitos os 20 membros do Diret\u00f3rio Estadual; os integrantes da Comiss\u00e3o de \u00c9tica; os delegados que ir\u00e3o \u00e0 [&hellip;]<\/p>\n","protected":false},"author":6552,"featured_media":118097,"comment_status":"closed","ping_status":"closed","sticky":false,"template":"","format":"standard","meta":{"footnotes":""},"categories":[15,6],"tags":[4214,12035,12036],"class_list":{"0":"post-118096","1":"post","2":"type-post","3":"status-publish","4":"format-standard","5":"has-post-thumbnail","7":"category-destaques","8":"category-politica","9":"tag-fabio-reis","10":"tag-mdb","11":"tag-mdb-sergipe"},"_links":{"self":[{"href":"https:\/\/senoticias.com.br\/se\/wp-json\/wp\/v2\/posts\/118096"}],"collection":[{"href":"https:\/\/senoticias.com.br\/se\/wp-json\/wp\/v2\/posts"}],"about":[{"href":"https:\/\/senoticias.com.br\/se\/wp-json\/wp\/v2\/types\/post"}],"author":[{"embeddable":true,"href":"https:\/\/senoticias.com.br\/se\/wp-json\/wp\/v2\/users\/6552"}],"replies":[{"embeddable":true,"href":"https:\/\/senoticias.com.br\/se\/wp-json\/wp\/v2\/comments?post=118096"}],"version-history":[{"count":0,"href":"https:\/\/senoticias.com.br\/se\/wp-json\/wp\/v2\/posts\/118096\/revisions"}],"wp:featuredmedia":[{"embeddable":true,"href":"https:\/\/senoticias.com.br\/se\/wp-json\/wp\/v2\/media\/118097"}],"wp:attachment":[{"href":"https:\/\/senoticias.com.br\/se\/wp-json\/wp\/v2\/media?parent=118096"}],"wp:term":[{"taxonomy":"category","embeddable":true,"href":"https:\/\/senoticias.com.br\/se\/wp-json\/wp\/v2\/categories?post=118096"},{"taxonomy":"post_tag","embeddable":true,"href":"https:\/\/senoticias.com.br\/se\/wp-json\/wp\/v2\/tags?post=118096"}],"curies":[{"name":"wp","href":"https:\/\/api.w.org\/{rel}","templated":true}]}}