{"id":118011,"date":"2019-04-13T14:04:16","date_gmt":"2019-04-13T17:04:16","guid":{"rendered":"https:\/\/senoticias.com.br\/se\/?p=118011"},"modified":"2019-04-13T14:04:16","modified_gmt":"2019-04-13T17:04:16","slug":"avianca-cancela-24-voos-neste-fim-de-semana-veja-lista","status":"publish","type":"post","link":"https:\/\/senoticias.com.br\/se\/avianca-cancela-24-voos-neste-fim-de-semana-veja-lista\/","title":{"rendered":"Avianca cancela 24 voos neste fim de semana; veja lista"},"content":{"rendered":"<div class=\"mc-column content-text active-extra-styles active-capital-letter\" data-block-type=\"unstyled\" data-block-weight=\"40\" data-block-id=\"2\">\n<p class=\"content-text__container theme-color-primary-first-letter\" style=\"text-align: justify;\" data-track-category=\"Link no Texto\" data-track-links=\"\">A companhia a\u00e9rea\u00a0Avianca Brasil\u00a0ter\u00e1 ao menos 24 voos cancelados neste s\u00e1bado (13) e domingo (14) devido \u00e0 redu\u00e7\u00e3o da frota e para &#8220;minimizar o impacto na sua opera\u00e7\u00e3o e aos seus passageiros&#8221;.\u00a0A empresa est\u00e1 em recupera\u00e7\u00e3o judicial.<\/p>\n<div id=\"attachment_118012\" style=\"width: 609px\" class=\"wp-caption aligncenter\"><a href=\"https:\/\/senoticias.com.br\/se\/wp-content\/uploads\/2019\/04\/q98a7262-e1555174951508.jpg\"><img loading=\"lazy\" decoding=\"async\" aria-describedby=\"caption-attachment-118012\" class=\"size-full wp-image-118012\" src=\"https:\/\/senoticias.com.br\/se\/wp-content\/uploads\/2019\/04\/q98a7262-e1555174951508.jpg\" alt=\"\" width=\"599\" height=\"400\" \/><\/a><p id=\"caption-attachment-118012\" class=\"wp-caption-text\">Avianca est\u00e1 sendo obrigada a devolver aeronaves por falta de pagamento.\u00a0 (Foto: Celso Tavares\/G1)<\/p><\/div>\n<\/div>\n<div class=\"wall protected-content\">\n<div class=\"mc-column content-text active-extra-styles \" style=\"text-align: justify;\" data-block-type=\"unstyled\" data-block-weight=\"18\" data-block-id=\"3\">\n<p class=\"content-text__container \" data-track-category=\"Link no Texto\" data-track-links=\"\">No s\u00e1bado, ser\u00e3o 6 voos. Do domingo, outros 19. Ao todo, 180 voos ser\u00e3o cancelados at\u00e9 quarta-feira (17).<\/p>\n<\/div>\n<div class=\"row medium-uncollapsed content-text\" data-block-type=\"table-plugin\" data-block-id=\"4\">\n<div class=\"column medium-centered medium-22 large-20\">\n<div class=\"show-table content-media content-media--normal\">\n<p class=\"mc-column show-table__title\" style=\"text-align: justify;\">Avianca cancela voos neste s\u00e1bad0 (13) e domingo (14)<\/p>\n<div class=\"show-table__centralized\">\n<div class=\"show-table__container\">\n<table class=\"show-table__content\n show-table__content--highlight-top        \"><\/p>\n<tbody>\n<tr>\n<td>Voo<\/td>\n<td>Data<\/td>\n<td>Origem<\/td>\n<td>Destino<\/td>\n<\/tr>\n<tr>\n<td>6028<\/td>\n<td>13\/04\/2019<\/td>\n<td>Congonhas (SP)<\/td>\n<td>Santos Dumont (RJ)<\/td>\n<\/tr>\n<tr>\n<td>6031<\/td>\n<td>13\/04\/2019<\/td>\n<td>Santos Dumont (RJ)<\/td>\n<td>Congonhas (SP)<\/td>\n<\/tr>\n<tr>\n<td>6063<\/td>\n<td>13\/04\/2019<\/td>\n<td>Bras\u00edlia (DF)<\/td>\n<td>Congonhas (SP)<\/td>\n<\/tr>\n<tr>\n<td>6193<\/td>\n<td>13\/04\/2019<\/td>\n<td>Bras\u00edlia (DF)<\/td>\n<td>Guarulhos (SP)<\/td>\n<\/tr>\n<tr>\n<td>6232<\/td>\n<td>13\/04\/2019<\/td>\n<td>Santos Dumont (RJ)<\/td>\n<td>Bras\u00edlia (DF)<\/td>\n<\/tr>\n<tr>\n<td>6235<\/td>\n<td>13\/04\/2019<\/td>\n<td>Bras\u00edlia (DF)<\/td>\n<td>Santos Dumont (RJ)<\/td>\n<\/tr>\n<tr>\n<td>6006<\/td>\n<td>14\/04\/2019<\/td>\n<td>Congonhas (SP)<\/td>\n<td>Santos Dumont (RJ)<\/td>\n<\/tr>\n<tr>\n<td>6011<\/td>\n<td>14\/04\/2019<\/td>\n<td>Santos Dumont (RJ)<\/td>\n<td>Congonhas (SP)<\/td>\n<\/tr>\n<tr>\n<td>6020<\/td>\n<td>14\/04\/2019<\/td>\n<td>Congonhas (SP)<\/td>\n<td>Santos Dumont (RJ)<\/td>\n<\/tr>\n<tr>\n<td>6032<\/td>\n<td>14\/04\/2019<\/td>\n<td>Congonhas (SP)<\/td>\n<td>Santos Dumont (RJ)<\/td>\n<\/tr>\n<tr>\n<td>6062<\/td>\n<td>14\/04\/2019<\/td>\n<td>Congonhas (SP)<\/td>\n<td>Bras\u00edlia (DF)<\/td>\n<\/tr>\n<tr>\n<td>6063<\/td>\n<td>14\/04\/2019<\/td>\n<td>Bras\u00edlia (DF)<\/td>\n<td>Congonhas (SP)<\/td>\n<\/tr>\n<tr>\n<td>6075<\/td>\n<td>14\/04\/2019<\/td>\n<td>Salvador (BA)<\/td>\n<td>Congonhas (SP)<\/td>\n<\/tr>\n<tr>\n<td>6104<\/td>\n<td>14\/04\/2019<\/td>\n<td>Guarulhos (SP)<\/td>\n<td>Navegantes (SC)<\/td>\n<\/tr>\n<tr>\n<td>6105<\/td>\n<td>14\/04\/2019<\/td>\n<td>Navegantes (SC)<\/td>\n<td>Guarulhos (SP)<\/td>\n<\/tr>\n<tr>\n<td>6148<\/td>\n<td>14\/04\/2019<\/td>\n<td>Guarulhos (SP)<\/td>\n<td>Confins (BH)<\/td>\n<\/tr>\n<tr>\n<td>6151<\/td>\n<td>14\/04\/2019<\/td>\n<td>Confins (BH)<\/td>\n<td>Guarulhos (SP)<\/td>\n<\/tr>\n<tr>\n<td>6173<\/td>\n<td>14\/04\/2019<\/td>\n<td>Bras\u00edlia (DF)<\/td>\n<td>Congonhas (SP)<\/td>\n<\/tr>\n<tr>\n<td>6220<\/td>\n<td>14\/04\/2019<\/td>\n<td>Santos Dumont (RJ)<\/td>\n<td>Bras\u00edlia (DF)<\/td>\n<\/tr>\n<tr>\n<td>6271<\/td>\n<td>14\/04\/2019<\/td>\n<td>Gale\u00e3o (RJ)<\/td>\n<td>Fortaleza (CE)<\/td>\n<\/tr>\n<tr>\n<td>6300<\/td>\n<td>14\/04\/2019<\/td>\n<td>Bras\u00edlia (DF)<\/td>\n<td>Recife (PE)<\/td>\n<\/tr>\n<tr>\n<td>6301<\/td>\n<td>14\/04\/2019<\/td>\n<td>Recife (PE)<\/td>\n<td>Bras\u00edlia (DF)<\/td>\n<\/tr>\n<tr>\n<td>6353<\/td>\n<td>14\/04\/2019<\/td>\n<td>Natal (RN)<\/td>\n<td>Guarulhos (SP)<\/td>\n<\/tr>\n<tr>\n<td>6392<\/td>\n<td>14\/04\/2019<\/td>\n<td>Guarulhos (SP)<\/td>\n<td>Fortaleza (CE)<\/td>\n<\/tr>\n<tr>\n<td>6393<\/td>\n<td>14\/04\/2019<\/td>\n<td>Fortaleza (CE)<\/td>\n<td>Guarulhos (SP)<\/td>\n<\/tr>\n<\/tbody>\n<\/table>\n<\/div>\n<\/div>\n<\/div>\n<p><a href=\"https:\/\/senoticias.com.br\/se\/wp-content\/uploads\/2019\/04\/Logomarca-fone-SE-4-2-1-1-1-1-1-1-1-2-3-1.jpg\"><img loading=\"lazy\" decoding=\"async\" class=\"aligncenter size-full wp-image-117914\" src=\"https:\/\/senoticias.com.br\/se\/wp-content\/uploads\/2019\/04\/Logomarca-fone-SE-4-2-1-1-1-1-1-1-1-2-3-1.jpg\" alt=\"\" width=\"599\" height=\"78\" srcset=\"https:\/\/senoticias.com.br\/se\/wp-content\/uploads\/2019\/04\/Logomarca-fone-SE-4-2-1-1-1-1-1-1-1-2-3-1.jpg 599w, https:\/\/senoticias.com.br\/se\/wp-content\/uploads\/2019\/04\/Logomarca-fone-SE-4-2-1-1-1-1-1-1-1-2-3-1-300x39.jpg 300w\" sizes=\"(max-width: 599px) 100vw, 599px\" \/><\/a><\/p>\n<div class=\"show-table content-media content-media--normal\">\n<div class=\"show-table__centralized\">\n<div class=\"show-table__footer\">\n<div><em><strong>Acompanhe o SE Not\u00edcias no\u00a0<\/strong><a href=\"https:\/\/twitter.com\/Senoticias\" target=\"_blank\" rel=\"noopener\"><b>Twitter<\/b><\/a><strong>,\u00a0<\/strong><a href=\"https:\/\/www.facebook.com\/senoticias1\" target=\"_blank\" rel=\"noopener\"><b>Facebook\u00a0<\/b><\/a><strong>e no\u00a0<\/strong><a href=\"https:\/\/www.instagram.com\/senoticias\/\" target=\"_blank\" rel=\"noopener\"><b>Instagram<\/b><\/a><\/em><\/div>\n<\/div>\n<div><\/div>\n<div class=\"show-table__footer\">\n<div><\/div>\n<div class=\"show-table__source\"><em>Fonte: Avianca<\/em><\/div>\n<\/div>\n<\/div>\n<\/div>\n<\/div>\n<\/div>\n<\/div>\n","protected":false},"excerpt":{"rendered":"<p>A companhia a\u00e9rea\u00a0Avianca Brasil\u00a0ter\u00e1 ao menos 24 voos cancelados neste s\u00e1bado (13) e domingo (14) devido \u00e0 redu\u00e7\u00e3o da frota e para &#8220;minimizar o impacto na sua opera\u00e7\u00e3o e aos seus passageiros&#8221;.\u00a0A empresa est\u00e1 em recupera\u00e7\u00e3o judicial. No s\u00e1bado, ser\u00e3o 6 voos. Do domingo, outros 19. Ao todo, 180 voos ser\u00e3o cancelados at\u00e9 quarta-feira (17). [&hellip;]<\/p>\n","protected":false},"author":6552,"featured_media":118012,"comment_status":"closed","ping_status":"closed","sticky":false,"template":"","format":"standard","meta":{"footnotes":""},"categories":[15,2961],"tags":[12003,12004,12002],"class_list":{"0":"post-118011","1":"post","2":"type-post","3":"status-publish","4":"format-standard","5":"has-post-thumbnail","7":"category-destaques","8":"category-nacional","9":"tag-avianca","10":"tag-avianca-cancela-24-voos","11":"tag-avianca-cancela-voos"},"_links":{"self":[{"href":"https:\/\/senoticias.com.br\/se\/wp-json\/wp\/v2\/posts\/118011"}],"collection":[{"href":"https:\/\/senoticias.com.br\/se\/wp-json\/wp\/v2\/posts"}],"about":[{"href":"https:\/\/senoticias.com.br\/se\/wp-json\/wp\/v2\/types\/post"}],"author":[{"embeddable":true,"href":"https:\/\/senoticias.com.br\/se\/wp-json\/wp\/v2\/users\/6552"}],"replies":[{"embeddable":true,"href":"https:\/\/senoticias.com.br\/se\/wp-json\/wp\/v2\/comments?post=118011"}],"version-history":[{"count":0,"href":"https:\/\/senoticias.com.br\/se\/wp-json\/wp\/v2\/posts\/118011\/revisions"}],"wp:featuredmedia":[{"embeddable":true,"href":"https:\/\/senoticias.com.br\/se\/wp-json\/wp\/v2\/media\/118012"}],"wp:attachment":[{"href":"https:\/\/senoticias.com.br\/se\/wp-json\/wp\/v2\/media?parent=118011"}],"wp:term":[{"taxonomy":"category","embeddable":true,"href":"https:\/\/senoticias.com.br\/se\/wp-json\/wp\/v2\/categories?post=118011"},{"taxonomy":"post_tag","embeddable":true,"href":"https:\/\/senoticias.com.br\/se\/wp-json\/wp\/v2\/tags?post=118011"}],"curies":[{"name":"wp","href":"https:\/\/api.w.org\/{rel}","templated":true}]}}