{"id":118008,"date":"2019-04-13T13:09:15","date_gmt":"2019-04-13T16:09:15","guid":{"rendered":"https:\/\/senoticias.com.br\/se\/?p=118008"},"modified":"2019-04-13T13:15:29","modified_gmt":"2019-04-13T16:15:29","slug":"policia-civil-cumpre-mandados-de-busca-e-apreensao-na-prefeitura-de-ribeiropolis","status":"publish","type":"post","link":"https:\/\/senoticias.com.br\/se\/policia-civil-cumpre-mandados-de-busca-e-apreensao-na-prefeitura-de-ribeiropolis\/","title":{"rendered":"Pol\u00edcia Civil cumpre mandados de busca e apreens\u00e3o na Prefeitura de Ribeir\u00f3polis"},"content":{"rendered":"<p style=\"text-align: justify;\">O Departamento de Crimes contra a Ordem Tribut\u00e1ria e Administra\u00e7\u00e3o P\u00fablica (Deotap) da Pol\u00edcia Civil detalhou, em entrevista coletiva na tarde de sexta-feira, 12, as investiga\u00e7\u00f5es que resultaram no cumprimento de mandados de busca e apreens\u00e3o na Secretaria Municipal de Agricultura da Prefeitura de Ribeir\u00f3polis e na resid\u00eancia de particulares envolvidos com o abate de animais no matadouro do munic\u00edpio.<\/p>\n<div id=\"attachment_118009\" style=\"width: 609px\" class=\"wp-caption aligncenter\"><a href=\"https:\/\/senoticias.com.br\/se\/wp-content\/uploads\/2019\/04\/DEOTAP-POLICIA-POLICIAIS-PRIS\u00c3O-IMPRENSA1-PORTAL-IMPRENSA1-DELEGADA-THAIS-LEMOS-01-e1555171942672.jpg\"><img loading=\"lazy\" decoding=\"async\" aria-describedby=\"caption-attachment-118009\" class=\"size-full wp-image-118009\" src=\"https:\/\/senoticias.com.br\/se\/wp-content\/uploads\/2019\/04\/DEOTAP-POLICIA-POLICIAIS-PRIS\u00c3O-IMPRENSA1-PORTAL-IMPRENSA1-DELEGADA-THAIS-LEMOS-01-e1555171942672.jpg\" alt=\"\" width=\"599\" height=\"367\" \/><\/a><p id=\"caption-attachment-118009\" class=\"wp-caption-text\">O Deotap estima que o munic\u00edpio tenha deixado de arrecadar valores referentes a taxas de utiliza\u00e7\u00e3o do espa\u00e7o p\u00fablico, diz delegada (foto: arquivo\/SSP\/SE)<\/p><\/div>\n<p style=\"text-align: justify;\">Um inqu\u00e9rito policial foi instaurado para apurar um suposto desvio de recursos p\u00fablicos provenientes da arrecada\u00e7\u00e3o de taxas com o abate de animais no matadouro. A informa\u00e7\u00e3o \u00e9 de que era cobrada uma taxa de R$ 55,00 por cabe\u00e7a de gado; por\u00e9m, o c\u00f3digo tribut\u00e1rio municipal estabelece o valor de R$ 15,00 por cada bovino abatido.<\/p>\n<p style=\"text-align: justify;\">O Deotap enviou um of\u00edcio \u00e0 prefeitura de Ribeir\u00f3polis, em 15 de agosto de 2018, solicitando informa\u00e7\u00f5es acerca dos valores e tarifas praticados pelo munic\u00edpio no abate das reses, bem como saber como era feito o recolhimento e o pagamento dos funcion\u00e1rios do matadouro. Como n\u00e3o houve resposta, o Deotap reiterou a solicita\u00e7\u00e3o no dia 22 de novembro de 2018 e nos dias 11 e 26 de fevereiro de 2019. A gest\u00e3o municipal manteve-se omissa e ignorou todos os of\u00edcios, conforme detalhou a delegada Tha\u00eds Lemos, diretora do Deotap.<\/p>\n<p style=\"text-align: justify;\">\u201cNo meio do ano passado n\u00f3s instauramos um inqu\u00e9rito policial em rela\u00e7\u00e3o ao matadouro de Ribeir\u00f3polis, tendo em vista que recebemos uma den\u00fancia de que, a taxa municipal cobrada pelo abate de animais n\u00e3o era revertida para os cofres municipais. Diante disso, solicitamos informa\u00e7\u00f5es ao munic\u00edpio, mas n\u00e3o nos foi prestada nenhuma informa\u00e7\u00e3o. No ano em curso, renovamos os pedidos, mas n\u00e3o nos forneceram, raz\u00e3o pela qual n\u00f3s fizemos a busca e apreens\u00e3o para colher as informa\u00e7\u00f5es necess\u00e1rias para quantificar e verificar os preju\u00edzos ao munic\u00edpio de Ribeir\u00f3polis\u201d, explicou.<\/p>\n<p style=\"text-align: justify;\">A investiga\u00e7\u00e3o comprovou que 2.300 animais s\u00e3o abatidos mensalmente no munic\u00edpio e que a gest\u00e3o dos recursos p\u00fablicos oriundos das taxas eram feitas por duas pessoas que n\u00e3o integram o quadro de servidores do munic\u00edpio. O Deotap estima que a Prefeitura de Ribeir\u00f3polis deixou de arrecadar valores decorrentes da taxa de utiliza\u00e7\u00e3o do espa\u00e7o p\u00fablico para o abate de animais.<\/p>\n<p style=\"text-align: justify;\">\u201cA gest\u00e3o do matadouro municipal era realizada por terceiros alheios ao munic\u00edpio. Ent\u00e3o, colocamos o nome da opera\u00e7\u00e3o Simbiose, justamente por serem pessoas, que de uma forma confusa, trocam favores e benef\u00edcios. Ent\u00e3o, como o valor que deveria ser arrecadado pelo munic\u00edpio possivelmente estaria sendo desviado para terceiros, n\u00f3s tamb\u00e9m pedimos a busca e apreens\u00e3o em rela\u00e7\u00e3o \u00e0s pessoas que administravam o matadouro, para colher todas as documenta\u00e7\u00f5es necess\u00e1rias e quantificar qual o real valor do abate e quanto o munic\u00edpio deixou de recolher\u201d, concluiu a delegada Tha\u00eds Lemos.<\/p>\n<p>&nbsp;<\/p>\n<p>&nbsp;<\/p>\n<p><a href=\"https:\/\/senoticias.com.br\/se\/wp-content\/uploads\/2019\/04\/Logomarca-fone-SE-4-2-1-1-1-1-1-1-1-2-3-1.jpg\"><img loading=\"lazy\" decoding=\"async\" class=\"aligncenter size-full wp-image-117914\" src=\"https:\/\/senoticias.com.br\/se\/wp-content\/uploads\/2019\/04\/Logomarca-fone-SE-4-2-1-1-1-1-1-1-1-2-3-1.jpg\" alt=\"\" width=\"599\" height=\"78\" srcset=\"https:\/\/senoticias.com.br\/se\/wp-content\/uploads\/2019\/04\/Logomarca-fone-SE-4-2-1-1-1-1-1-1-1-2-3-1.jpg 599w, https:\/\/senoticias.com.br\/se\/wp-content\/uploads\/2019\/04\/Logomarca-fone-SE-4-2-1-1-1-1-1-1-1-2-3-1-300x39.jpg 300w\" sizes=\"(max-width: 599px) 100vw, 599px\" \/><\/a><\/p>\n<p>&nbsp;<\/p>\n<p>&nbsp;<\/p>\n<p><em><strong>Acompanhe o SE Not\u00edcias no\u00a0<\/strong><a href=\"https:\/\/twitter.com\/Senoticias\" target=\"_blank\" rel=\"noopener\"><b>Twitter<\/b><\/a><strong>,\u00a0<\/strong><a href=\"https:\/\/www.facebook.com\/senoticias1\" target=\"_blank\" rel=\"noopener\"><b>Facebook\u00a0<\/b><\/a><strong>e no\u00a0<\/strong><a href=\"https:\/\/www.instagram.com\/senoticias\/\" target=\"_blank\" rel=\"noopener\"><b>Instagram<\/b><\/a><\/em><\/p>\n<p>&nbsp;<\/p>\n<p>Informa\u00e7\u00f5es da SSP\/SE<\/p>\n","protected":false},"excerpt":{"rendered":"<p>O Departamento de Crimes contra a Ordem Tribut\u00e1ria e Administra\u00e7\u00e3o P\u00fablica (Deotap) da Pol\u00edcia Civil detalhou, em entrevista coletiva na tarde de sexta-feira, 12, as investiga\u00e7\u00f5es que resultaram no cumprimento de mandados de busca e apreens\u00e3o na Secretaria Municipal de Agricultura da Prefeitura de Ribeir\u00f3polis e na resid\u00eancia de particulares envolvidos com o abate de [&hellip;]<\/p>\n","protected":false},"author":6552,"featured_media":118009,"comment_status":"closed","ping_status":"closed","sticky":false,"template":"","format":"standard","meta":{"footnotes":""},"categories":[15,7,1],"tags":[9010,623,78,12001,12000],"class_list":{"0":"post-118008","1":"post","2":"type-post","3":"status-publish","4":"format-standard","5":"has-post-thumbnail","7":"category-destaques","8":"category-policia","9":"category-sem-categoria","10":"tag-delegada-thais-lemos","11":"tag-deotap","12":"tag-policia-civil","13":"tag-prefeito-antonio-passos","14":"tag-prefeitura-de-ribeiropolis"},"_links":{"self":[{"href":"https:\/\/senoticias.com.br\/se\/wp-json\/wp\/v2\/posts\/118008"}],"collection":[{"href":"https:\/\/senoticias.com.br\/se\/wp-json\/wp\/v2\/posts"}],"about":[{"href":"https:\/\/senoticias.com.br\/se\/wp-json\/wp\/v2\/types\/post"}],"author":[{"embeddable":true,"href":"https:\/\/senoticias.com.br\/se\/wp-json\/wp\/v2\/users\/6552"}],"replies":[{"embeddable":true,"href":"https:\/\/senoticias.com.br\/se\/wp-json\/wp\/v2\/comments?post=118008"}],"version-history":[{"count":0,"href":"https:\/\/senoticias.com.br\/se\/wp-json\/wp\/v2\/posts\/118008\/revisions"}],"wp:featuredmedia":[{"embeddable":true,"href":"https:\/\/senoticias.com.br\/se\/wp-json\/wp\/v2\/media\/118009"}],"wp:attachment":[{"href":"https:\/\/senoticias.com.br\/se\/wp-json\/wp\/v2\/media?parent=118008"}],"wp:term":[{"taxonomy":"category","embeddable":true,"href":"https:\/\/senoticias.com.br\/se\/wp-json\/wp\/v2\/categories?post=118008"},{"taxonomy":"post_tag","embeddable":true,"href":"https:\/\/senoticias.com.br\/se\/wp-json\/wp\/v2\/tags?post=118008"}],"curies":[{"name":"wp","href":"https:\/\/api.w.org\/{rel}","templated":true}]}}