{"id":117938,"date":"2019-04-10T09:42:09","date_gmt":"2019-04-10T12:42:09","guid":{"rendered":"https:\/\/senoticias.com.br\/se\/?p=117938"},"modified":"2019-04-10T09:42:09","modified_gmt":"2019-04-10T12:42:09","slug":"prefeita-brinca-com-a-inteligencia-do-povo-de-capela-diz-ezequiel","status":"publish","type":"post","link":"https:\/\/senoticias.com.br\/se\/prefeita-brinca-com-a-inteligencia-do-povo-de-capela-diz-ezequiel\/","title":{"rendered":"Prefeita brinca com a intelig\u00eancia do povo de Capela, diz Ezequiel"},"content":{"rendered":"<p style=\"font-weight: 400; text-align: justify;\">Diante das recentes declara\u00e7\u00f5es feitas pela prefeita de Capela,\u00a0Silvany Sukita, o ex-prefeito Ezequiel Leite (PR) decidiu se manifestar e saiu em defesa n\u00e3o apenas de si ou do agrupamento que lidera, mas da popula\u00e7\u00e3o como um todo. Segundo ele a prefeita e seu ex-marido promoveram mais um \u201cestelionato eleitoral\u201d na campanha de 2016 e hoje o munic\u00edpio est\u00e1 a deriva, com uma s\u00e9rie de problemas que parecem insol\u00faveis e uma gestora ausente, que pouco \u00e9 vista pela cidade.<\/p>\n<div id=\"attachment_100320\" style=\"width: 609px\" class=\"wp-caption aligncenter\"><a href=\"https:\/\/senoticias.com.br\/se\/wp-content\/uploads\/2017\/02\/Silvany-Sukita-SE-noticias-e1486490923275.jpg\"><img loading=\"lazy\" decoding=\"async\" aria-describedby=\"caption-attachment-100320\" class=\"size-full wp-image-100320\" src=\"https:\/\/senoticias.com.br\/se\/wp-content\/uploads\/2017\/02\/Silvany-Sukita-SE-noticias-e1486490923275.jpg\" alt=\"\" width=\"599\" height=\"899\" \/><\/a><p id=\"caption-attachment-100320\" class=\"wp-caption-text\">Silvany brinca com a intelig\u00eancia do povo de Capela, afirma Ezequiel. (Foto: Cleber Santos\/arquivo\/TCE)<\/p><\/div>\n<p style=\"font-weight: 400; text-align: justify;\">Segundo a prefeita\u00a0Silvany Sukita traiu o povo de Capela. \u201cJ\u00e1 fiz isso uma vez e vou afirmar de novo:\u00a0<strong>Essa turma n\u00e3o tem vergonha de mentir para o povo!\u00a0<\/strong>Li a entrevista da prefeita onde ela tem o cinismo de falar em retrocesso das gest\u00f5es anteriores. Capela foi v\u00edtima sim, mas de uma quadrilha que me antecedeu, que roubaram o patrim\u00f4nio p\u00fablico. O mesmo grupo que a elegeu em 2016. Por que agora Silvany est\u00e1 renegando Sukita e seus aliados? Acabou o amor?\u201d, questionou.<\/p>\n<p style=\"font-weight: 400; text-align: justify;\">Para Ezequiel enquanto a prefeita tenta \u201cescorregar\u201d de suas responsabilidades, o desemprego s\u00f3 aumenta em Capela, fam\u00edlias est\u00e3o passando dificuldades e o munic\u00edpio \u00e9 carente deu uma pol\u00edtica social. \u201cEu ando em Capela, eu conhe\u00e7o as pessoas, eu converso, ou\u00e7o problemas e vejo gente passando fome! Sei que existem problemas, mas quem mais precisa do poder p\u00fablico est\u00e1 muito desassistido. Quem l\u00ea a entrevista dela pensa que o munic\u00edpio est\u00e1 plenamente organizado. \u00c9 muita mentira e pensam que o povo acredita! Silvany brinca com a intelig\u00eancia do povo de Capela\u201d.<\/p>\n<p style=\"font-weight: 400; text-align: justify;\">Segundo o ex-prefeito enquanto o povo \u201cest\u00e1 a merc\u00ea de Deus\u201d, a gestora \u00e9 vista na capital, em eventos e restaurantes cheios de requinte. \u201cEssas pessoas n\u00e3o t\u00eam o m\u00ednimo de sensibilidade. O com\u00e9rcio de Capela acompanha essa crise geral e os pequenos, que tentam criar alternativas para fazer um dinheiro extra, s\u00e3o perseguidos e pressionados pela administra\u00e7\u00e3o. Silvany e Sukita cometeram mais um grande estelionato eleitoral em 2016. Mentiram para o povo, criaram muita expectativa e a realidade hoje \u00e9 de mis\u00e9ria\u201d.<\/p>\n<p style=\"font-weight: 400; text-align: justify;\">Ezequiel respondeu as declara\u00e7\u00f5es da prefeita com dados efetivos: \u201cdeixamos Capela com os sal\u00e1rios dos servidores rigorosamente em dia, inclusive o 13\u00ba; pagamos tamb\u00e9m aos fornecedores; deixamos uma frota de mais de 70 ve\u00edculos funcionando normalmente; realizamos v\u00e1rias obras na cidade e sem desviar um centavo do tesouro. Todas as acusa\u00e7\u00f5es feitas contra mim est\u00e3o sendo derrubadas na Justi\u00e7a, por n\u00e3o terem veracidade e por n\u00e3o terem base legal. Mentem descaradamente!\u201d.<\/p>\n<p>&nbsp;<\/p>\n<p><a href=\"https:\/\/senoticias.com.br\/se\/wp-content\/uploads\/2019\/04\/Logomarca-fone-SE-4-2-1-1-1-1-1-1-1-2-3-1.jpg\"><img loading=\"lazy\" decoding=\"async\" class=\"aligncenter size-full wp-image-117914\" src=\"https:\/\/senoticias.com.br\/se\/wp-content\/uploads\/2019\/04\/Logomarca-fone-SE-4-2-1-1-1-1-1-1-1-2-3-1.jpg\" alt=\"\" width=\"599\" height=\"78\" srcset=\"https:\/\/senoticias.com.br\/se\/wp-content\/uploads\/2019\/04\/Logomarca-fone-SE-4-2-1-1-1-1-1-1-1-2-3-1.jpg 599w, https:\/\/senoticias.com.br\/se\/wp-content\/uploads\/2019\/04\/Logomarca-fone-SE-4-2-1-1-1-1-1-1-1-2-3-1-300x39.jpg 300w\" sizes=\"(max-width: 599px) 100vw, 599px\" \/><\/a><\/p>\n<p>&nbsp;<\/p>\n<p><em><strong>Acompanhe o SE Not\u00edcias no\u00a0<\/strong><a href=\"https:\/\/twitter.com\/Senoticias\" target=\"_blank\" rel=\"noopener\"><b>Twitter<\/b><\/a><strong>,\u00a0<\/strong><a href=\"https:\/\/www.facebook.com\/senoticias1\" target=\"_blank\" rel=\"noopener\"><b>Facebook\u00a0<\/b><\/a><strong>e no\u00a0<\/strong><a href=\"https:\/\/www.instagram.com\/senoticias\/\" target=\"_blank\" rel=\"noopener\"><b>Instagram<\/b><\/a><\/em><\/p>\n<p>&nbsp;<\/p>\n<p><em>Da Assessoria de Imprensa<\/em><\/p>\n<p>&nbsp;<\/p>\n","protected":false},"excerpt":{"rendered":"<p>Diante das recentes declara\u00e7\u00f5es feitas pela prefeita de Capela,\u00a0Silvany Sukita, o ex-prefeito Ezequiel Leite (PR) decidiu se manifestar e saiu em defesa n\u00e3o apenas de si ou do agrupamento que lidera, mas da popula\u00e7\u00e3o como um todo. Segundo ele a prefeita e seu ex-marido promoveram mais um \u201cestelionato eleitoral\u201d na campanha de 2016 e hoje [&hellip;]<\/p>\n","protected":false},"author":6557,"featured_media":0,"comment_status":"closed","ping_status":"closed","sticky":false,"template":"","format":"standard","meta":{"footnotes":""},"categories":[15,38],"tags":[4463,3558,11983],"class_list":{"0":"post-117938","1":"post","2":"type-post","3":"status-publish","4":"format-standard","6":"category-destaques","7":"category-municipios","8":"tag-ezequiel-leite","9":"tag-prefeita-de-capela","10":"tag-prefeita-silvany"},"_links":{"self":[{"href":"https:\/\/senoticias.com.br\/se\/wp-json\/wp\/v2\/posts\/117938"}],"collection":[{"href":"https:\/\/senoticias.com.br\/se\/wp-json\/wp\/v2\/posts"}],"about":[{"href":"https:\/\/senoticias.com.br\/se\/wp-json\/wp\/v2\/types\/post"}],"author":[{"embeddable":true,"href":"https:\/\/senoticias.com.br\/se\/wp-json\/wp\/v2\/users\/6557"}],"replies":[{"embeddable":true,"href":"https:\/\/senoticias.com.br\/se\/wp-json\/wp\/v2\/comments?post=117938"}],"version-history":[{"count":0,"href":"https:\/\/senoticias.com.br\/se\/wp-json\/wp\/v2\/posts\/117938\/revisions"}],"wp:attachment":[{"href":"https:\/\/senoticias.com.br\/se\/wp-json\/wp\/v2\/media?parent=117938"}],"wp:term":[{"taxonomy":"category","embeddable":true,"href":"https:\/\/senoticias.com.br\/se\/wp-json\/wp\/v2\/categories?post=117938"},{"taxonomy":"post_tag","embeddable":true,"href":"https:\/\/senoticias.com.br\/se\/wp-json\/wp\/v2\/tags?post=117938"}],"curies":[{"name":"wp","href":"https:\/\/api.w.org\/{rel}","templated":true}]}}