{"id":117906,"date":"2019-04-08T10:42:06","date_gmt":"2019-04-08T13:42:06","guid":{"rendered":"https:\/\/senoticias.com.br\/se\/?p=117906"},"modified":"2019-04-08T12:20:21","modified_gmt":"2019-04-08T15:20:21","slug":"marcha-dos-prefeitos-2019-comeca-nesta-segunda-feira","status":"publish","type":"post","link":"https:\/\/senoticias.com.br\/se\/marcha-dos-prefeitos-2019-comeca-nesta-segunda-feira\/","title":{"rendered":"Marcha dos Prefeitos 2019 come\u00e7a nesta segunda-feira"},"content":{"rendered":"<p style=\"text-align: justify;\">A partir desta segunda-feira, 8, prefeitos e prefeitas de todo o pa\u00eds estar\u00e3o reunidos na XXII Marcha dos Munic\u00edpios, que acontece at\u00e9 o dia 11 de abril, em Bras\u00edlia. O encontro \u00e9 uma mobiliza\u00e7\u00e3o democr\u00e1tica realizada anualmente desde 1998 pela Confedera\u00e7\u00e3o Nacional dos Munic\u00edpios, e tornou-se o maior evento pol\u00edtico do Brasil.<\/p>\n<div id=\"attachment_117909\" style=\"width: 560px\" class=\"wp-caption aligncenter\"><a href=\"https:\/\/senoticias.com.br\/se\/wp-content\/uploads\/2019\/04\/marcha-prefeitos-2019.png\"><img loading=\"lazy\" decoding=\"async\" aria-describedby=\"caption-attachment-117909\" class=\"size-full wp-image-117909\" src=\"https:\/\/senoticias.com.br\/se\/wp-content\/uploads\/2019\/04\/marcha-prefeitos-2019.png\" alt=\"\" width=\"550\" height=\"330\" srcset=\"https:\/\/senoticias.com.br\/se\/wp-content\/uploads\/2019\/04\/marcha-prefeitos-2019.png 550w, https:\/\/senoticias.com.br\/se\/wp-content\/uploads\/2019\/04\/marcha-prefeitos-2019-300x180.png 300w\" sizes=\"(max-width: 550px) 100vw, 550px\" \/><\/a><p id=\"caption-attachment-117909\" class=\"wp-caption-text\">Marcha dos Prefeitos 2019 come\u00e7a hoje (foto arte: CNM)<\/p><\/div>\n<p style=\"text-align: justify;\">De Sergipe, mais da metade dos gestores confirmaram presen\u00e7a. Al\u00e9m dos prefeitos, a Marcha re\u00fane secret\u00e1rios municipais, vereadores, senadores, governadores, parlamentares estaduais e federais, ministros e o presidente da Rep\u00fablica Jair Bolsonaro, que participar\u00e1 da abertura oficial do evento na pr\u00f3xima ter\u00e7a-feira, 9, \u00e0s 9h.<\/p>\n<p style=\"text-align: justify;\">\u201cAo participar da Marcha, o prefeito tem a oportunidade de discutir quest\u00f5es que influenciam diariamente na sua cidade, al\u00e9m de refor\u00e7ar as reivindica\u00e7\u00f5es do movimento municipalista que tramitam no Congresso Nacional. O momento agora \u00e9 de uni\u00e3o para sairmos da Marcha com conquistas essenciais para as administra\u00e7\u00f5es dos munic\u00edpios\u201d, frisa o presidente da Federa\u00e7\u00e3o dos Munic\u00edpios de Sergipe, Cristiano Cavalcante.<\/p>\n<p style=\"text-align: justify;\">As pautas municipalistas est\u00e3o divididas entre Senado e C\u00e2mara Federal. Entre as mais importantes est\u00e3o a reinstala\u00e7\u00e3o da Comiss\u00e3o do 1% do FPM (PEC 391\/2017), que garante o acr\u00e9scimo de 1% ao FPM no m\u00eas de setembro. Lei Kandir PLP 511\/2018: compensa\u00e7\u00e3o financeira da Uni\u00e3o aos Estados e Munic\u00edpios em raz\u00e3o da perda decorrente da desonera\u00e7\u00e3o de ICMS sobre exporta\u00e7\u00f5es (incluir na Ordem do Dia) e Nova Previd\u00eancia PEC 6\/2019: melhorar o equil\u00edbrio atuarial dos regimes pr\u00f3prios municipais (instala\u00e7\u00e3o e admissibilidade na CCJ).<\/p>\n<p>&nbsp;<\/p>\n<p>&nbsp;<\/p>\n<p><a href=\"https:\/\/senoticias.com.br\/se\/wp-content\/uploads\/2019\/04\/Logomarca-fone-SE-4-2-1-1-1-1-1-1-1-2-3.jpg\"><img loading=\"lazy\" decoding=\"async\" class=\"aligncenter size-full wp-image-117793\" src=\"https:\/\/senoticias.com.br\/se\/wp-content\/uploads\/2019\/04\/Logomarca-fone-SE-4-2-1-1-1-1-1-1-1-2-3.jpg\" alt=\"\" width=\"599\" height=\"78\" srcset=\"https:\/\/senoticias.com.br\/se\/wp-content\/uploads\/2019\/04\/Logomarca-fone-SE-4-2-1-1-1-1-1-1-1-2-3.jpg 599w, https:\/\/senoticias.com.br\/se\/wp-content\/uploads\/2019\/04\/Logomarca-fone-SE-4-2-1-1-1-1-1-1-1-2-3-300x39.jpg 300w\" sizes=\"(max-width: 599px) 100vw, 599px\" \/><\/a><\/p>\n<p>&nbsp;<\/p>\n<p><em><strong>Acompanhe o SE Not\u00edcias no\u00a0<\/strong><a href=\"https:\/\/twitter.com\/Senoticias\" target=\"_blank\" rel=\"noopener\"><b>Twitter<\/b><\/a><strong>,\u00a0<\/strong><a href=\"https:\/\/www.facebook.com\/senoticias1\" target=\"_blank\" rel=\"noopener\"><b>Facebook\u00a0<\/b><\/a><strong>e no\u00a0<\/strong><a href=\"https:\/\/www.instagram.com\/senoticias\/\" target=\"_blank\" rel=\"noopener\"><b>Instagram<\/b><\/a><\/em><\/p>\n<p><em>Por ASCOM\/FAMES<\/em><\/p>\n","protected":false},"excerpt":{"rendered":"<p>A partir desta segunda-feira, 8, prefeitos e prefeitas de todo o pa\u00eds estar\u00e3o reunidos na XXII Marcha dos Munic\u00edpios, que acontece at\u00e9 o dia 11 de abril, em Bras\u00edlia. O encontro \u00e9 uma mobiliza\u00e7\u00e3o democr\u00e1tica realizada anualmente desde 1998 pela Confedera\u00e7\u00e3o Nacional dos Munic\u00edpios, e tornou-se o maior evento pol\u00edtico do Brasil. De Sergipe, mais [&hellip;]<\/p>\n","protected":false},"author":6557,"featured_media":117909,"comment_status":"closed","ping_status":"closed","sticky":false,"template":"","format":"standard","meta":{"footnotes":""},"categories":[15,6],"tags":[1952,11974,11975],"class_list":{"0":"post-117906","1":"post","2":"type-post","3":"status-publish","4":"format-standard","5":"has-post-thumbnail","7":"category-destaques","8":"category-politica","9":"tag-brasilia","10":"tag-marcha-dos-prefeitos-2019","11":"tag-xxii-marcha-dos-municipios"},"_links":{"self":[{"href":"https:\/\/senoticias.com.br\/se\/wp-json\/wp\/v2\/posts\/117906"}],"collection":[{"href":"https:\/\/senoticias.com.br\/se\/wp-json\/wp\/v2\/posts"}],"about":[{"href":"https:\/\/senoticias.com.br\/se\/wp-json\/wp\/v2\/types\/post"}],"author":[{"embeddable":true,"href":"https:\/\/senoticias.com.br\/se\/wp-json\/wp\/v2\/users\/6557"}],"replies":[{"embeddable":true,"href":"https:\/\/senoticias.com.br\/se\/wp-json\/wp\/v2\/comments?post=117906"}],"version-history":[{"count":0,"href":"https:\/\/senoticias.com.br\/se\/wp-json\/wp\/v2\/posts\/117906\/revisions"}],"wp:featuredmedia":[{"embeddable":true,"href":"https:\/\/senoticias.com.br\/se\/wp-json\/wp\/v2\/media\/117909"}],"wp:attachment":[{"href":"https:\/\/senoticias.com.br\/se\/wp-json\/wp\/v2\/media?parent=117906"}],"wp:term":[{"taxonomy":"category","embeddable":true,"href":"https:\/\/senoticias.com.br\/se\/wp-json\/wp\/v2\/categories?post=117906"},{"taxonomy":"post_tag","embeddable":true,"href":"https:\/\/senoticias.com.br\/se\/wp-json\/wp\/v2\/tags?post=117906"}],"curies":[{"name":"wp","href":"https:\/\/api.w.org\/{rel}","templated":true}]}}