{"id":117892,"date":"2019-04-06T19:27:26","date_gmt":"2019-04-06T22:27:26","guid":{"rendered":"https:\/\/senoticias.com.br\/se\/?p=117892"},"modified":"2019-04-06T19:32:32","modified_gmt":"2019-04-06T22:32:32","slug":"atracadouro-flutuante-fara-parte-do-novo-cenario-da-orla-por-do-sol","status":"publish","type":"post","link":"https:\/\/senoticias.com.br\/se\/atracadouro-flutuante-fara-parte-do-novo-cenario-da-orla-por-do-sol\/","title":{"rendered":"Atracadouro flutuante far\u00e1 parte do novo cen\u00e1rio da Orla P\u00f4r do Sol"},"content":{"rendered":"<p dir=\"ltr\" style=\"text-align: justify;\">\u201cTeremos um atracadouro flutuante com maior dimens\u00e3o e estrutura diferenciada, voltada ao atendimento da grande demanda de barcos, lanchas e praticantes de esportes n\u00e1uticos nesta regi\u00e3o\u201d. A declara\u00e7\u00e3o \u00e9 do coordenador de infraestrutura de Programa de Desenvolvimento do Turismo (Prodetur\/SE), Felipe de Brito Concei\u00e7\u00e3o, a respeito das obras da Orla P\u00f4r do Sol Cleomar Brandi, localizada na regi\u00e3o do Mosqueiro. Ap\u00f3s diversas reuni\u00f5es com secretarias municipais, Capitania dos Portos, representantes das associa\u00e7\u00f5es locais e a comunidade, ficou definido quanto \u00e0 necessidade de o atracadouro ser\u00a0constru\u00eddo nestes moldes.<\/p>\n<div id=\"attachment_117893\" style=\"width: 560px\" class=\"wp-caption aligncenter\"><a href=\"https:\/\/senoticias.com.br\/se\/wp-content\/uploads\/2019\/04\/atracadouro-flutuante-orla-por-do-sol-foto-asn.jpeg\"><img loading=\"lazy\" decoding=\"async\" aria-describedby=\"caption-attachment-117893\" class=\"size-full wp-image-117893\" src=\"https:\/\/senoticias.com.br\/se\/wp-content\/uploads\/2019\/04\/atracadouro-flutuante-orla-por-do-sol-foto-asn.jpeg\" alt=\"\" width=\"550\" height=\"330\" srcset=\"https:\/\/senoticias.com.br\/se\/wp-content\/uploads\/2019\/04\/atracadouro-flutuante-orla-por-do-sol-foto-asn.jpeg 550w, https:\/\/senoticias.com.br\/se\/wp-content\/uploads\/2019\/04\/atracadouro-flutuante-orla-por-do-sol-foto-asn-300x180.jpeg 300w\" sizes=\"(max-width: 550px) 100vw, 550px\" \/><\/a><p id=\"caption-attachment-117893\" class=\"wp-caption-text\">De acordo com o Prodetur, cerca de 80% do servi\u00e7o no local j\u00e1 foi conclu\u00eddo (Foto: ASN)<\/p><\/div>\n<p dir=\"ltr\" style=\"text-align: justify;\">De acordo com informa\u00e7\u00f5es do programa que agrega as a\u00e7\u00f5es da Secretaria de Estado do Turismo (SETUR), cerca de 80% do servi\u00e7o j\u00e1 foi conclu\u00eddo, faltando apenas a implanta\u00e7\u00e3o do circuito de TV, reforma da obra de arte do canteiro central, em estrutura met\u00e1lica, e o t\u00e9rmino do aditivo da obra que contempla a constru\u00e7\u00e3o do atracadouro flutuante. A reforma \u00e9 executada pelo governo do Estado, com recursos oriundos do Prodetur, viabilizado por uma linha de cr\u00e9dito entre o governo e o Banco Interamericano de Desenvolvimento no Brasil (BID).<\/p>\n<p dir=\"ltr\" style=\"text-align: justify;\">O t\u00e9cnico do Prodetur\/SE acrescenta ainda que, em conjunto com os agentes da a\u00e7\u00e3o, a pasta buscou um novo formato de atracadouro. \u201cPretendemos promover uma maior capacidade de atendimento aos usu\u00e1rios\u201d, completa. O novo atracadouro ter\u00e1 uma dimens\u00e3o de 26 metros de comprimento e 3,20 metros de largura, com acessibilidade, e ainda possibilitando uma melhor organiza\u00e7\u00e3o no embarque e desembarque. \u201cAl\u00e9m disso, ser\u00e1 poss\u00edvel melhorar o tr\u00e1fego n\u00e1utico permitindo mais seguran\u00e7a ao p\u00fablico que utiliza o espa\u00e7o\u201d, destaca Felipe de Brito.<\/p>\n<p dir=\"ltr\" style=\"text-align: justify;\">Para o capit\u00e3o dos Portos de Sergipe, Capit\u00e3o de Fragata Alessandro Black, o p\u00eder flutuante impulsionar\u00e1 o turismo n\u00e1utico da regi\u00e3o. \u201cA interven\u00e7\u00e3o executada na Orla P\u00f4r do Sol gerou uma grande expectativa, tanto no p\u00fablico que frequenta o local, quanto na comunidade que espera ansiosa sua conclus\u00e3o. No entanto, o grande diferencial desta reforma ser\u00e1 o p\u00eder flutuante, que deve gerar mais seguran\u00e7a aos usu\u00e1rios, e fortalecer o turismo local\u201d, afirma.<\/p>\n<p dir=\"ltr\" style=\"text-align: justify;\">Segundo o secret\u00e1rio do Turismo, Manelito Franco Neto, o Governo do Estado, buscando fortalecer os atrativos tur\u00edsticos durante os festejos juninos, pretende entregar a nova Orla P\u00f4r do Sol na \u00e9poca de alta esta\u00e7\u00e3o, que representa o per\u00edodo de f\u00e9rias. \u201cAssim, daremos mais uma op\u00e7\u00e3o para aqueles que visitar\u00e3o nosso estado no per\u00edodo junino\u201d, refor\u00e7a.<\/p>\n<p dir=\"ltr\" style=\"text-align: justify;\"><strong>O projeto<\/strong><\/p>\n<p style=\"text-align: justify;\">Al\u00e9m da constru\u00e7\u00e3o do atracadouro flutuante, o projeto de reforma da Orla P\u00f4r do Sol contemplou o reparo total do p\u00eder existente, melhorias na ilumina\u00e7\u00e3o p\u00fablica, reforma no cal\u00e7ad\u00e3o da orla, instala\u00e7\u00e3o de novos banheiros p\u00fablicos (masculino e feminino), instala\u00e7\u00e3o de sistema de seguran\u00e7a, recupera\u00e7\u00e3o estrutural do quiosque do pescado e de todo o muro de gabi\u00e3o, instala\u00e7\u00e3o de chuveir\u00f5es (2 n\u00facleos com 2 chuveiros cada).<\/p>\n<p style=\"text-align: justify;\">As interven\u00e7\u00f5es abrangem uma \u00e1rea total de 9.265,50 metros quadrados, em 500 metros de extens\u00e3o. A inaugura\u00e7\u00e3o da nova Orla P\u00f4r do Sol tamb\u00e9m pretende contemplar a reurbaniza\u00e7\u00e3o do espa\u00e7o, com a inser\u00e7\u00e3o de desenhos art\u00edsticos pintados no piso e em paredes em sua extens\u00e3o.<\/p>\n<p>&nbsp;<\/p>\n<p>&nbsp;<\/p>\n<p><a href=\"https:\/\/senoticias.com.br\/se\/wp-content\/uploads\/2019\/04\/Logomarca-fone-SE-4-2-1-1-1-1-1-1-1-2-3.jpg\"><img loading=\"lazy\" decoding=\"async\" class=\"aligncenter size-full wp-image-117793\" src=\"https:\/\/senoticias.com.br\/se\/wp-content\/uploads\/2019\/04\/Logomarca-fone-SE-4-2-1-1-1-1-1-1-1-2-3.jpg\" alt=\"\" width=\"599\" height=\"78\" srcset=\"https:\/\/senoticias.com.br\/se\/wp-content\/uploads\/2019\/04\/Logomarca-fone-SE-4-2-1-1-1-1-1-1-1-2-3.jpg 599w, https:\/\/senoticias.com.br\/se\/wp-content\/uploads\/2019\/04\/Logomarca-fone-SE-4-2-1-1-1-1-1-1-1-2-3-300x39.jpg 300w\" sizes=\"(max-width: 599px) 100vw, 599px\" \/><\/a><\/p>\n<p>&nbsp;<\/p>\n<p><em><strong>Acompanhe o SE Not\u00edcias no\u00a0<\/strong><a href=\"https:\/\/twitter.com\/Senoticias\" target=\"_blank\" rel=\"noopener\"><b>Twitter<\/b><\/a><strong>,\u00a0<\/strong><a href=\"https:\/\/www.facebook.com\/senoticias1\" target=\"_blank\" rel=\"noopener\"><b>Facebook\u00a0<\/b><\/a><strong>e no\u00a0<\/strong><a href=\"https:\/\/www.instagram.com\/senoticias\/\" target=\"_blank\" rel=\"noopener\"><b>Instagram<\/b><\/a><\/em><\/p>\n<p>&nbsp;<\/p>\n<p><em>Fonte: ASN<\/em><\/p>\n","protected":false},"excerpt":{"rendered":"<p>\u201cTeremos um atracadouro flutuante com maior dimens\u00e3o e estrutura diferenciada, voltada ao atendimento da grande demanda de barcos, lanchas e praticantes de esportes n\u00e1uticos nesta regi\u00e3o\u201d. A declara\u00e7\u00e3o \u00e9 do coordenador de infraestrutura de Programa de Desenvolvimento do Turismo (Prodetur\/SE), Felipe de Brito Concei\u00e7\u00e3o, a respeito das obras da Orla P\u00f4r do Sol Cleomar Brandi, [&hellip;]<\/p>\n","protected":false},"author":6552,"featured_media":117893,"comment_status":"closed","ping_status":"closed","sticky":false,"template":"","format":"standard","meta":{"footnotes":""},"categories":[15,6,1],"tags":[9739,3280,6893,2231],"class_list":{"0":"post-117892","1":"post","2":"type-post","3":"status-publish","4":"format-standard","5":"has-post-thumbnail","7":"category-destaques","8":"category-politica","9":"category-sem-categoria","10":"tag-orla-por-do-sol","11":"tag-prodetur","12":"tag-secretaria-de-estado-do-turismo","13":"tag-setur"},"_links":{"self":[{"href":"https:\/\/senoticias.com.br\/se\/wp-json\/wp\/v2\/posts\/117892"}],"collection":[{"href":"https:\/\/senoticias.com.br\/se\/wp-json\/wp\/v2\/posts"}],"about":[{"href":"https:\/\/senoticias.com.br\/se\/wp-json\/wp\/v2\/types\/post"}],"author":[{"embeddable":true,"href":"https:\/\/senoticias.com.br\/se\/wp-json\/wp\/v2\/users\/6552"}],"replies":[{"embeddable":true,"href":"https:\/\/senoticias.com.br\/se\/wp-json\/wp\/v2\/comments?post=117892"}],"version-history":[{"count":0,"href":"https:\/\/senoticias.com.br\/se\/wp-json\/wp\/v2\/posts\/117892\/revisions"}],"wp:featuredmedia":[{"embeddable":true,"href":"https:\/\/senoticias.com.br\/se\/wp-json\/wp\/v2\/media\/117893"}],"wp:attachment":[{"href":"https:\/\/senoticias.com.br\/se\/wp-json\/wp\/v2\/media?parent=117892"}],"wp:term":[{"taxonomy":"category","embeddable":true,"href":"https:\/\/senoticias.com.br\/se\/wp-json\/wp\/v2\/categories?post=117892"},{"taxonomy":"post_tag","embeddable":true,"href":"https:\/\/senoticias.com.br\/se\/wp-json\/wp\/v2\/tags?post=117892"}],"curies":[{"name":"wp","href":"https:\/\/api.w.org\/{rel}","templated":true}]}}