{"id":117873,"date":"2019-04-05T13:03:09","date_gmt":"2019-04-05T16:03:09","guid":{"rendered":"https:\/\/senoticias.com.br\/se\/?p=117873"},"modified":"2019-04-05T13:03:09","modified_gmt":"2019-04-05T16:03:09","slug":"policia-fecha-laboratorio-de-refino-de-drogas-em-lagarto","status":"publish","type":"post","link":"https:\/\/senoticias.com.br\/se\/policia-fecha-laboratorio-de-refino-de-drogas-em-lagarto\/","title":{"rendered":"Pol\u00edcia fecha laborat\u00f3rio de refino de drogas em Lagarto"},"content":{"rendered":"<p style=\"text-align: justify;\">No final da tarde desta quinta-feira, 4, policiais da Coordenadoria de Opera\u00e7\u00f5es de Recursos Especiais (CORE), em parceria com policiais civis de Feira de Santana (BA), prenderam Manoel Borges Junior, e sua esposa Jacilene, ambos acusados de tr\u00e1fico de drogas. O casal \u00e9 propriet\u00e1rios de um laborat\u00f3rio de refino de drogas, localizado no povoado da Col\u00f4nia 13, no munic\u00edpio de Lagarto.<\/p>\n<div id=\"attachment_117874\" style=\"width: 556px\" class=\"wp-caption aligncenter\"><a href=\"https:\/\/senoticias.com.br\/se\/wp-content\/uploads\/2019\/04\/1.png\"><img loading=\"lazy\" decoding=\"async\" aria-describedby=\"caption-attachment-117874\" class=\"size-full wp-image-117874\" src=\"https:\/\/senoticias.com.br\/se\/wp-content\/uploads\/2019\/04\/1.png\" alt=\"\" width=\"546\" height=\"328\" srcset=\"https:\/\/senoticias.com.br\/se\/wp-content\/uploads\/2019\/04\/1.png 546w, https:\/\/senoticias.com.br\/se\/wp-content\/uploads\/2019\/04\/1-300x180.png 300w\" sizes=\"(max-width: 546px) 100vw, 546px\" \/><\/a><p id=\"caption-attachment-117874\" class=\"wp-caption-text\">Laborat\u00f3rio de refino de drogas funcionava na zona Rural de Lagarto. Foto: SSP\/SE<\/p><\/div>\n<p style=\"text-align: justify;\">De acordo o diretor do CORE, Ricardo Porto, a Pol\u00edcia Civil da Bahia prendeu seis pessoas em Feira de Santana no \u00faltimo dia 30 de mar\u00e7o, e os investigados apontaram o fornecedor como sendo um sergipano.O Departamento de Intelig\u00eancia do CORE foi acionado e chegaram \u00e0 autoria do fabricante da droga. Durante a abordagem no local, onde era fabricada a droga conhecida como BENTI, uma mistura de coca\u00edna com outras subst\u00e2ncias, foram encontrado coca\u00edna, \u00e1cido b\u00f3rico, anest\u00e9sico e uma prensa.<\/p>\n<p style=\"text-align: justify;\">O casal confessou a pr\u00e1tica do crime e informou que estava distribuindo diretamente o entorpecente para o munic\u00edpio de Feira de Santana. Manoel foram autuados por tr\u00e1fico de drogas, associa\u00e7\u00e3o ao tr\u00e1fico e posse de maquin\u00e1rio usado para a manipula\u00e7\u00e3o de drogas, crimes previstos no artigo 33, par\u00e1grafo primeiro, inciso primeiro e artigos 34 e 35 da Lei<\/p>\n<p>&nbsp;<\/p>\n<p><a href=\"https:\/\/senoticias.com.br\/se\/wp-content\/uploads\/2019\/04\/Logomarca-fone-SE-4-2-1-1-1-1-1-1-1-2-3.jpg\"><img loading=\"lazy\" decoding=\"async\" class=\"aligncenter size-full wp-image-117793\" src=\"https:\/\/senoticias.com.br\/se\/wp-content\/uploads\/2019\/04\/Logomarca-fone-SE-4-2-1-1-1-1-1-1-1-2-3.jpg\" alt=\"\" width=\"599\" height=\"78\" srcset=\"https:\/\/senoticias.com.br\/se\/wp-content\/uploads\/2019\/04\/Logomarca-fone-SE-4-2-1-1-1-1-1-1-1-2-3.jpg 599w, https:\/\/senoticias.com.br\/se\/wp-content\/uploads\/2019\/04\/Logomarca-fone-SE-4-2-1-1-1-1-1-1-1-2-3-300x39.jpg 300w\" sizes=\"(max-width: 599px) 100vw, 599px\" \/><\/a><\/p>\n<p>&nbsp;<\/p>\n<p><em><strong>Acompanhe o SE Not\u00edcias no\u00a0<\/strong><a href=\"https:\/\/twitter.com\/Senoticias\" target=\"_blank\" rel=\"noopener\"><b>Twitter<\/b><\/a><strong>,\u00a0<\/strong><a href=\"https:\/\/www.facebook.com\/senoticias1\" target=\"_blank\" rel=\"noopener\"><b>Facebook\u00a0<\/b><\/a><strong>e no\u00a0<\/strong><a href=\"https:\/\/www.instagram.com\/senoticias\/\" target=\"_blank\" rel=\"noopener\"><b>Instagram<\/b><\/a><\/em><\/p>\n<p>&nbsp;<\/p>\n<p>Por SSP\/SE<\/p>\n","protected":false},"excerpt":{"rendered":"<p>No final da tarde desta quinta-feira, 4, policiais da Coordenadoria de Opera\u00e7\u00f5es de Recursos Especiais (CORE), em parceria com policiais civis de Feira de Santana (BA), prenderam Manoel Borges Junior, e sua esposa Jacilene, ambos acusados de tr\u00e1fico de drogas. O casal \u00e9 propriet\u00e1rios de um laborat\u00f3rio de refino de drogas, localizado no povoado da [&hellip;]<\/p>\n","protected":false},"author":6557,"featured_media":0,"comment_status":"closed","ping_status":"closed","sticky":false,"template":"","format":"standard","meta":{"footnotes":""},"categories":[15,7],"tags":[11963],"class_list":{"0":"post-117873","1":"post","2":"type-post","3":"status-publish","4":"format-standard","6":"category-destaques","7":"category-policia","8":"tag-laboratorio-policia-drogas-refino"},"_links":{"self":[{"href":"https:\/\/senoticias.com.br\/se\/wp-json\/wp\/v2\/posts\/117873"}],"collection":[{"href":"https:\/\/senoticias.com.br\/se\/wp-json\/wp\/v2\/posts"}],"about":[{"href":"https:\/\/senoticias.com.br\/se\/wp-json\/wp\/v2\/types\/post"}],"author":[{"embeddable":true,"href":"https:\/\/senoticias.com.br\/se\/wp-json\/wp\/v2\/users\/6557"}],"replies":[{"embeddable":true,"href":"https:\/\/senoticias.com.br\/se\/wp-json\/wp\/v2\/comments?post=117873"}],"version-history":[{"count":0,"href":"https:\/\/senoticias.com.br\/se\/wp-json\/wp\/v2\/posts\/117873\/revisions"}],"wp:attachment":[{"href":"https:\/\/senoticias.com.br\/se\/wp-json\/wp\/v2\/media?parent=117873"}],"wp:term":[{"taxonomy":"category","embeddable":true,"href":"https:\/\/senoticias.com.br\/se\/wp-json\/wp\/v2\/categories?post=117873"},{"taxonomy":"post_tag","embeddable":true,"href":"https:\/\/senoticias.com.br\/se\/wp-json\/wp\/v2\/tags?post=117873"}],"curies":[{"name":"wp","href":"https:\/\/api.w.org\/{rel}","templated":true}]}}