{"id":117871,"date":"2019-04-05T12:43:03","date_gmt":"2019-04-05T15:43:03","guid":{"rendered":"https:\/\/senoticias.com.br\/se\/?p=117871"},"modified":"2019-04-05T12:48:57","modified_gmt":"2019-04-05T15:48:57","slug":"bolsonaro-sinaliza-que-podera-demitir-velez-do-mec-na-proxima-semana","status":"publish","type":"post","link":"https:\/\/senoticias.com.br\/se\/bolsonaro-sinaliza-que-podera-demitir-velez-do-mec-na-proxima-semana\/","title":{"rendered":"Bolsonaro sinaliza que poder\u00e1 demitir V\u00e9lez do MEC na pr\u00f3xima semana"},"content":{"rendered":"<p style=\"text-align: justify;\">O presidente Jair Bolsonaro indicou nesta sexta-feira (5) que o ministro da Educa\u00e7\u00e3o, Ricardo V\u00e9lez Rodr\u00edguez, pode deixar o cargo na segunda-feira (8).<\/p>\n<div id=\"attachment_117872\" style=\"width: 609px\" class=\"wp-caption aligncenter\"><a href=\"https:\/\/senoticias.com.br\/se\/wp-content\/uploads\/2019\/04\/81951311_brazilian-president-jair-bolsonaro-delivers-a-joint-statement-with-israeli-prime-minist-e1554478744605.jpg\"><img loading=\"lazy\" decoding=\"async\" aria-describedby=\"caption-attachment-117872\" class=\"size-full wp-image-117872\" src=\"https:\/\/senoticias.com.br\/se\/wp-content\/uploads\/2019\/04\/81951311_brazilian-president-jair-bolsonaro-delivers-a-joint-statement-with-israeli-prime-minist-e1554478744605.jpg\" alt=\"\" width=\"599\" height=\"337\" \/><\/a><p id=\"caption-attachment-117872\" class=\"wp-caption-text\">Presidente deu a declara\u00e7\u00e3o durante caf\u00e9 com jornalistas no Planalto. V\u00e9lez comanda o Minist\u00e9rio da Educa\u00e7\u00e3o. Foto: Ag\u00eancia Brasil<\/p><\/div>\n<p style=\"text-align: justify;\">&#8220;Segunda-feira vai ser o dia do &#8216;fico ou n\u00e3o fico'&#8221;, disse o presidente na manh\u00e3 desta sexta em um caf\u00e9 da manh\u00e3 com jornalistas no Pal\u00e1cio do Planalto.<\/p>\n<p style=\"text-align: justify;\">Bolsonaro tamb\u00e9m declarou \u00e0 imprensa que &#8220;est\u00e1 bastante claro que n\u00e3o est\u00e1 dando certo&#8221; o trabalho de V\u00e9lez no Minist\u00e9rio da Educa\u00e7\u00e3o. Segundo ele, &#8220;est\u00e1 faltando na gest\u00e3o&#8221; da pasta.<\/p>\n<p style=\"text-align: justify;\">&#8220;Na segunda tira a alian\u00e7a da m\u00e3o direita e, ou vai para a esquerda ou vai para a gaveta.&#8221; (Jair Bolsonaro)<br \/>\nAp\u00f3s a divulga\u00e7\u00e3o das declara\u00e7\u00f5es de Bolsonaro aos jornalistas, o ministro da Educa\u00e7\u00e3o foi questionado se sairia do minist\u00e9rio. &#8220;Agora n\u00e3o&#8221;, afirmou o ministro, que participou de um evento no interior de S\u00e3o Paulo. Sobre a declara\u00e7\u00e3o de Bolsonaro, V\u00e9lez disse que n\u00e3o tinha sido informado.<\/p>\n<p style=\"text-align: justify;\">&#8220;Eu, pessoalmente, n\u00e3o tenho not\u00edcia disso. Pergunta a quem \u00e9 de direito, quem falou isso&#8221;, declarou V\u00e9lez.<\/p>\n<p>&nbsp;<\/p>\n<p><a href=\"https:\/\/senoticias.com.br\/se\/wp-content\/uploads\/2019\/04\/Logomarca-fone-SE-4-2-1-1-1-1-1-1-1-2-3.jpg\"><img loading=\"lazy\" decoding=\"async\" class=\"aligncenter size-full wp-image-117793\" src=\"https:\/\/senoticias.com.br\/se\/wp-content\/uploads\/2019\/04\/Logomarca-fone-SE-4-2-1-1-1-1-1-1-1-2-3.jpg\" alt=\"\" width=\"599\" height=\"78\" srcset=\"https:\/\/senoticias.com.br\/se\/wp-content\/uploads\/2019\/04\/Logomarca-fone-SE-4-2-1-1-1-1-1-1-1-2-3.jpg 599w, https:\/\/senoticias.com.br\/se\/wp-content\/uploads\/2019\/04\/Logomarca-fone-SE-4-2-1-1-1-1-1-1-1-2-3-300x39.jpg 300w\" sizes=\"(max-width: 599px) 100vw, 599px\" \/><\/a><\/p>\n<p>&nbsp;<\/p>\n<p><em><strong>Acompanhe o SE Not\u00edcias no\u00a0<\/strong><a href=\"https:\/\/twitter.com\/Senoticias\" target=\"_blank\" rel=\"noopener\"><b>Twitter<\/b><\/a><strong>,\u00a0<\/strong><a href=\"https:\/\/www.facebook.com\/senoticias1\" target=\"_blank\" rel=\"noopener\"><b>Facebook\u00a0<\/b><\/a><strong>e no\u00a0<\/strong><a href=\"https:\/\/www.instagram.com\/senoticias\/\" target=\"_blank\" rel=\"noopener\"><b>Instagram<\/b><\/a><\/em><\/p>\n<p>Por Globo.com<\/p>\n","protected":false},"excerpt":{"rendered":"<p>O presidente Jair Bolsonaro indicou nesta sexta-feira (5) que o ministro da Educa\u00e7\u00e3o, Ricardo V\u00e9lez Rodr\u00edguez, pode deixar o cargo na segunda-feira (8). &#8220;Segunda-feira vai ser o dia do &#8216;fico ou n\u00e3o fico&#8217;&#8221;, disse o presidente na manh\u00e3 desta sexta em um caf\u00e9 da manh\u00e3 com jornalistas no Pal\u00e1cio do Planalto. Bolsonaro tamb\u00e9m declarou \u00e0 [&hellip;]<\/p>\n","protected":false},"author":6557,"featured_media":0,"comment_status":"closed","ping_status":"closed","sticky":false,"template":"","format":"standard","meta":{"footnotes":""},"categories":[15,2961],"tags":[11962],"class_list":{"0":"post-117871","1":"post","2":"type-post","3":"status-publish","4":"format-standard","6":"category-destaques","7":"category-nacional","8":"tag-bolsonaro-sinaliza-demitir-velez-mec"},"_links":{"self":[{"href":"https:\/\/senoticias.com.br\/se\/wp-json\/wp\/v2\/posts\/117871"}],"collection":[{"href":"https:\/\/senoticias.com.br\/se\/wp-json\/wp\/v2\/posts"}],"about":[{"href":"https:\/\/senoticias.com.br\/se\/wp-json\/wp\/v2\/types\/post"}],"author":[{"embeddable":true,"href":"https:\/\/senoticias.com.br\/se\/wp-json\/wp\/v2\/users\/6557"}],"replies":[{"embeddable":true,"href":"https:\/\/senoticias.com.br\/se\/wp-json\/wp\/v2\/comments?post=117871"}],"version-history":[{"count":0,"href":"https:\/\/senoticias.com.br\/se\/wp-json\/wp\/v2\/posts\/117871\/revisions"}],"wp:attachment":[{"href":"https:\/\/senoticias.com.br\/se\/wp-json\/wp\/v2\/media?parent=117871"}],"wp:term":[{"taxonomy":"category","embeddable":true,"href":"https:\/\/senoticias.com.br\/se\/wp-json\/wp\/v2\/categories?post=117871"},{"taxonomy":"post_tag","embeddable":true,"href":"https:\/\/senoticias.com.br\/se\/wp-json\/wp\/v2\/tags?post=117871"}],"curies":[{"name":"wp","href":"https:\/\/api.w.org\/{rel}","templated":true}]}}