{"id":117828,"date":"2019-04-03T12:42:35","date_gmt":"2019-04-03T15:42:35","guid":{"rendered":"https:\/\/senoticias.com.br\/se\/?p=117828"},"modified":"2019-04-03T18:20:21","modified_gmt":"2019-04-03T21:20:21","slug":"umbauba-realiza-audiencia-publica-sobre-ldo-e-loa","status":"publish","type":"post","link":"https:\/\/senoticias.com.br\/se\/umbauba-realiza-audiencia-publica-sobre-ldo-e-loa\/","title":{"rendered":"Umba\u00faba realiza audi\u00eancia p\u00fablica sobre LDO e LOA"},"content":{"rendered":"<p style=\"text-align: justify;\">O audit\u00f3rio Luiz Prado de Santana, da C\u00e2mara de Vereadores Umba\u00faba foi palco para apresenta\u00e7\u00e3o e discuss\u00e3o de proposta sobre a Lei de Diretrizes Or\u00e7ament\u00e1rias (LDO), e a Lei Or\u00e7ament\u00e1ria Anual (LOA), ambas referente ao ano de 2020 da Prefeitura de Umba\u00faba.<\/p>\n<div id=\"attachment_117829\" style=\"width: 609px\" class=\"wp-caption aligncenter\"><a href=\"https:\/\/senoticias.com.br\/se\/wp-content\/uploads\/2019\/04\/WhatsApp-Image-2019-04-02-at-13.19.23-1-e1554305965736.jpeg\"><img loading=\"lazy\" decoding=\"async\" aria-describedby=\"caption-attachment-117829\" class=\"size-full wp-image-117829\" src=\"https:\/\/senoticias.com.br\/se\/wp-content\/uploads\/2019\/04\/WhatsApp-Image-2019-04-02-at-13.19.23-1-e1554305965736.jpeg\" alt=\"\" width=\"599\" height=\"399\" \/><\/a><p id=\"caption-attachment-117829\" class=\"wp-caption-text\">Foto: Ascom\/ C\u00e2mara Municipal de Vereadores de Umba\u00faba<\/p><\/div>\n<p style=\"text-align: justify;\">A audi\u00eancia foi promovida pela administra\u00e7\u00e3o municipal, e reuniu vereadores, secret\u00e1rios e a sociedade. Ao participar do encontro, os cidad\u00e3os passaram a entender os programas que s\u00e3o de fundamental import\u00e2ncia para a gest\u00e3o. A LDO, por exemplo, explicita metas para cada ano, enquanto a LOA reserva recursos para sua execu\u00e7\u00e3o.<\/p>\n<p style=\"text-align: justify;\">A Lei de Diretrizes Or\u00e7ament\u00e1ria vale por um ano, e seu conte\u00fado \u00e9 composto pelas metas e prioridades a serem contempladas no Or\u00e7amento Municipal, orientando a sua elabora\u00e7\u00e3o, al\u00e9m de altera\u00e7\u00f5es na legisla\u00e7\u00e3o tribut\u00e1ria; pol\u00edtica e aplica\u00e7\u00e3o das ag\u00eancias financeiras de fomento. N\u00e3o muito diferente da LDO, a Lei Or\u00e7ament\u00e1ria Anual tamb\u00e9m tem Vig\u00eancia anual, sendo que ela fixa os recursos financeiros no Or\u00e7amento Fiscal, no de Seguridade Social e no de Investimentos das Estatais, al\u00e9m de viabilizar a execu\u00e7\u00e3o or\u00e7ament\u00e1ria e financeira.<\/p>\n<p style=\"text-align: justify;\">A mesa foi composta pelo prefeito Humberto Maravilha, a Vice-Prefeita, professora Guadalupe, o secret\u00e1rio de finan\u00e7as, Ismael \u00c1vila, e o vice-presidente do Poder Legislativo, Robson Fortunato, al\u00e9m do coordenador t\u00e9cnico da CAT Consultoria, Valmir CAT.<\/p>\n<p>A audi\u00eancia p\u00fablica contou com a presen\u00e7a dos vereadores Fernando Augusto Prado, Robson Fortunato, Hebber Ricardo, Denival Dionizio , Luziene Fortunato, Jos\u00e9 Silveira , Almir Gama e Jos\u00e9 Ailton.<\/p>\n<p>&nbsp;<\/p>\n<p><a href=\"https:\/\/senoticias.com.br\/se\/wp-content\/uploads\/2019\/04\/Logomarca-fone-SE-4-2-1-1-1-1-1-1-1-2-3.jpg\"><img loading=\"lazy\" decoding=\"async\" class=\"aligncenter size-full wp-image-117793\" src=\"https:\/\/senoticias.com.br\/se\/wp-content\/uploads\/2019\/04\/Logomarca-fone-SE-4-2-1-1-1-1-1-1-1-2-3.jpg\" alt=\"\" width=\"599\" height=\"78\" srcset=\"https:\/\/senoticias.com.br\/se\/wp-content\/uploads\/2019\/04\/Logomarca-fone-SE-4-2-1-1-1-1-1-1-1-2-3.jpg 599w, https:\/\/senoticias.com.br\/se\/wp-content\/uploads\/2019\/04\/Logomarca-fone-SE-4-2-1-1-1-1-1-1-1-2-3-300x39.jpg 300w\" sizes=\"(max-width: 599px) 100vw, 599px\" \/><\/a><\/p>\n<p>&nbsp;<\/p>\n<p><a href=\"https:\/\/senoticias.com.br\/se\/wp-content\/uploads\/2019\/04\/Logomarca-fone-SE-4-2-1-1-1-1-1-1-1-2-3.jpg\"><em><strong>Acompanhe o SE Not\u00edcias no\u00a0<\/strong><\/em><\/a><em><a href=\"https:\/\/twitter.com\/Senoticias\" target=\"_blank\" rel=\"noopener\"><b>Twitter<\/b><\/a><strong>,\u00a0<\/strong><a href=\"https:\/\/www.facebook.com\/senoticias1\" target=\"_blank\" rel=\"noopener\"><b>Facebook\u00a0<\/b><\/a><strong>e no\u00a0<\/strong><a href=\"https:\/\/www.instagram.com\/senoticias\/\" target=\"_blank\" rel=\"noopener\"><b>Instagram<\/b><\/a><\/em><\/p>\n<p>&nbsp;<\/p>\n<p>Por TDantas comunica\u00e7\u00e3o<\/p>\n","protected":false},"excerpt":{"rendered":"<p>O audit\u00f3rio Luiz Prado de Santana, da C\u00e2mara de Vereadores Umba\u00faba foi palco para apresenta\u00e7\u00e3o e discuss\u00e3o de proposta sobre a Lei de Diretrizes Or\u00e7ament\u00e1rias (LDO), e a Lei Or\u00e7ament\u00e1ria Anual (LOA), ambas referente ao ano de 2020 da Prefeitura de Umba\u00faba. A audi\u00eancia foi promovida pela administra\u00e7\u00e3o municipal, e reuniu vereadores, secret\u00e1rios e a [&hellip;]<\/p>\n","protected":false},"author":6557,"featured_media":0,"comment_status":"closed","ping_status":"closed","sticky":false,"template":"","format":"standard","meta":{"footnotes":""},"categories":[38,6],"tags":[11951],"class_list":{"0":"post-117828","1":"post","2":"type-post","3":"status-publish","4":"format-standard","6":"category-municipios","7":"category-politica","8":"tag-vereadores-umbauba-audiencia-publica"},"_links":{"self":[{"href":"https:\/\/senoticias.com.br\/se\/wp-json\/wp\/v2\/posts\/117828"}],"collection":[{"href":"https:\/\/senoticias.com.br\/se\/wp-json\/wp\/v2\/posts"}],"about":[{"href":"https:\/\/senoticias.com.br\/se\/wp-json\/wp\/v2\/types\/post"}],"author":[{"embeddable":true,"href":"https:\/\/senoticias.com.br\/se\/wp-json\/wp\/v2\/users\/6557"}],"replies":[{"embeddable":true,"href":"https:\/\/senoticias.com.br\/se\/wp-json\/wp\/v2\/comments?post=117828"}],"version-history":[{"count":0,"href":"https:\/\/senoticias.com.br\/se\/wp-json\/wp\/v2\/posts\/117828\/revisions"}],"wp:attachment":[{"href":"https:\/\/senoticias.com.br\/se\/wp-json\/wp\/v2\/media?parent=117828"}],"wp:term":[{"taxonomy":"category","embeddable":true,"href":"https:\/\/senoticias.com.br\/se\/wp-json\/wp\/v2\/categories?post=117828"},{"taxonomy":"post_tag","embeddable":true,"href":"https:\/\/senoticias.com.br\/se\/wp-json\/wp\/v2\/tags?post=117828"}],"curies":[{"name":"wp","href":"https:\/\/api.w.org\/{rel}","templated":true}]}}